{"id":54628,"date":"2021-11-23T02:56:23","date_gmt":"2021-11-22T22:56:23","guid":{"rendered":"https:\/\/fedai.az\/?p=54628"},"modified":"2021-11-23T02:56:26","modified_gmt":"2021-11-22T22:56:26","slug":"araik-on-x%c9%99ttd%c9%99-az%c9%99rbaycan-bayragini-uzaqdan-seyr-edib-xaskarini-basdirdi","status":"publish","type":"post","link":"https:\/\/fedai.az\/?p=54628","title":{"rendered":"Araik \u00f6n x\u0259ttd\u0259 Az\u0259rbaycan bayra\u011f\u0131n\u0131 uzaqdan seyr edib xa\u015fkar\u0131n\u0131 basd\u0131rd\u0131"},"content":{"rendered":"\n<p><strong>Rusiya s\u00fclhm\u0259raml\u0131 kontingentinin m\u00fcv\u0259qq\u0259ti yerl\u0259\u015fdirildiyi Az\u0259rbaycan \u0259razil\u0259rind\u0259 ya\u015fayan erm\u0259ni milli azl\u0131\u011f\u0131n\u0131n ba\u015f\u00e7\u0131s\u0131 Araik Arutyunyan noyabr\u0131n 21-d\u0259 Xocav\u0259nd rayonunda yerl\u0259\u015f\u0259n Qafqaz Albaniyas\u0131na m\u0259xsus ilkin orta \u0259srl\u0259r\u0259 aid Amaras m\u0259b\u0259dind\u0259 olub.<\/strong><\/p>\n\n\n\n<p>Kanal.az\u00a0x\u0259b\u0259r verir ki, bu bar\u0259d\u0259 o \u00f6z\u00fcn\u00fcn \u201cFeysbuk\u201d s\u0259hif\u0259sind\u0259 m\u0259lumat yerl\u0259\u015fdirib.<\/p>\n\n\n\n<p>H\u0259rb\u00e7il\u0259rin v\u0259 din xadiml\u0259rinin m\u00fc\u015fayi\u0259ti il\u0259 m\u0259b\u0259d\u0259 g\u0259l\u0259n A.Arutyunyan burada 44 g\u00fcnl\u00fck V\u0259t\u0259n m\u00fcharib\u0259si d\u00f6vr\u00fcnd\u0259 m\u0259hv edil\u0259n erm\u0259ni h\u0259rb\u00e7il\u0259rinin xatir\u0259sin\u0259 \u015fam yand\u0131r\u0131b.<\/p>\n\n\n\n<p>O, \u0259vv\u0259lc\u0259 m\u0259b\u0259d t\u0259r\u0259fd\u0259n Az\u0259rbaycan ordusunun m\u00f6vqel\u0259rin\u0259 bax\u0131b. Daha sonra birba\u015fa \u00f6n x\u0259tt\u0259 g\u0259lib. Burdan c\u0259mi bir ne\u00e7\u0259 y\u00fcz metr aral\u0131dak\u0131 Az\u0259rbaycan postunda k\u00fcl\u0259kli havada dal\u011falanan d\u00f6vl\u0259t bayra\u011f\u0131m\u0131z\u0131 seyr edib.<\/p>\n\n\n\n<p>Bundan sonda Araik v\u0259 ba\u015f\u0131n\u0131n d\u0259st\u0259si V\u0259t\u0259n m\u00fcharib\u0259si d\u00f6vr\u00fcnd\u0259 h\u0259lak olan erm\u0259ni h\u0259rb\u00e7il\u0259rinin xatir\u0259sin\u0259 \u00f6n x\u0259ttd\u0259 in\u015fa olunmu\u015f xa\u00e7kar abid\u0259sinin a\u00e7\u0131l\u0131\u015f m\u0259rasimind\u0259 i\u015ftirak edib. Araikin \u201cFeysbuk\u201d s\u0259hif\u0259sind\u0259 bununla ba\u011fl\u0131 payla\u015fd\u0131\u011f\u0131 videonun alt\u0131nda \u201c\u018fhdi yerin\u0259 yetirin\u2026\u201d yazmas\u0131 diqq\u0259t \u00e7\u0259kir.<\/p>\n\n\n\n<p>Qeyd ed\u0259k ki, Amaras monastr\u0131 Xocav\u0259nd rayonunun Ma\u00e7qala\u015fen k\u0259ndind\u0259 yerl\u0259\u015fir. Orta \u0259srl\u0259rd\u0259 Qafqaz Albaniyas\u0131n\u0131n yepiskopluq m\u0259rk\u0259zi olmu\u015f, sad\u0259 v\u0259 ayd\u0131n memarl\u0131q obraz\u0131 olan Amaras monast\u0131r kompleksi Qafqaz Albaniyas\u0131n\u0131n \u2013 Az\u0259rbaycan\u0131n xristian memarl\u0131\u011f\u0131n\u0131n d\u0259y\u0259rli abid\u0259l\u0259rind\u0259n say\u0131l\u0131r.<\/p>\n\n\n\n<p>2020-ci il noyabr\u0131n 10-da imzalanan sazi\u015f n\u0259tic\u0259sind\u0259 monast\u0131r kompleksi qar\u015f\u0131 t\u0259r\u0259fin n\u0259zar\u0259tind\u0259 olan t\u0259mas x\u0259ttinin yax\u0131nl\u0131\u011f\u0131nda v\u0259 Rusiya s\u00fclhm\u0259raml\u0131lar\u0131n\u0131n 12 n\u00f6mr\u0259li \u201cG\u00fcneykaler\u201d postunun m\u0259suliyy\u0259t zonas\u0131nda qal\u0131r. Rusiya s\u00fclhm\u0259raml\u0131lar\u0131 monast\u0131rda patrul edir, Xank\u0259ndid\u0259n v\u0259 dig\u0259r yerl\u0259rd\u0259n bura ziyar\u0259t\u0259 g\u0259l\u0259n erm\u0259nil\u0259rin m\u00fc\u015fayi\u0259tini h\u0259yata ke\u00e7irirl\u0259r.<\/p>\n\n\n\n<figure class=\"wp-block-embed is-type-video is-provider-youtube wp-block-embed-youtube wp-embed-aspect-16-9 wp-has-aspect-ratio\"><div class=\"wp-block-embed__wrapper\">\n<iframe loading=\"lazy\" title=\"\u053d\u0561\u0579\u0584\u0561\u0580-\u0570\u0578\u0582\u0577\u0561\u0580\u0571\u0561\u0576\u056b \u0562\u0561\u0581\u0574\u0561\u0576 \u0561\u0580\u0561\u0580\u0578\u0572\u0578\u0582\u0569\u0575\u0561\u0576\u0568\u055d \u0531\u0574\u0561\u0580\u0561\u057d\u056b \u0574\u0561\u0580\u057f\u0561\u056f\u0561\u0576 \u0564\u056b\u0580\u0584\u0578\u0582\u0574\" width=\"715\" height=\"402\" src=\"https:\/\/www.youtube.com\/embed\/_nOqugZAFR8?feature=oembed\" frameborder=\"0\" allow=\"accelerometer; autoplay; clipboard-write; encrypted-media; gyroscope; picture-in-picture\" allowfullscreen><\/iframe>\n<\/div><\/figure>\n","protected":false},"excerpt":{"rendered":"<p>Rusiya s\u00fclhm\u0259raml\u0131 kontingentinin m\u00fcv\u0259qq\u0259ti yerl\u0259\u015fdirildiyi Az\u0259rbaycan \u0259razil\u0259rind\u0259 ya\u015fayan erm\u0259ni milli azl\u0131\u011f\u0131n\u0131n ba\u015f\u00e7\u0131s\u0131 Araik Arutyunyan noyabr\u0131n 21-d\u0259 Xocav\u0259nd rayonunda yerl\u0259\u015f\u0259n Qafqaz Albaniyas\u0131na m\u0259xsus ilkin orta<\/p>\n","protected":false},"author":2,"featured_media":54629,"comment_status":"closed","ping_status":"closed","sticky":false,"template":"","format":"standard","meta":{"footnotes":""},"categories":[4],"tags":[],"class_list":["post-54628","post","type-post","status-publish","format-standard","has-post-thumbnail","hentry","category-qarabag"],"aioseo_notices":[],"_links":{"self":[{"href":"https:\/\/fedai.az\/index.php?rest_route=\/wp\/v2\/posts\/54628","targetHints":{"allow":["GET"]}}],"collection":[{"href":"https:\/\/fedai.az\/index.php?rest_route=\/wp\/v2\/posts"}],"about":[{"href":"https:\/\/fedai.az\/index.php?rest_route=\/wp\/v2\/types\/post"}],"author":[{"embeddable":true,"href":"https:\/\/fedai.az\/index.php?rest_route=\/wp\/v2\/users\/2"}],"replies":[{"embeddable":true,"href":"https:\/\/fedai.az\/index.php?rest_route=%2Fwp%2Fv2%2Fcomments&post=54628"}],"version-history":[{"count":1,"href":"https:\/\/fedai.az\/index.php?rest_route=\/wp\/v2\/posts\/54628\/revisions"}],"predecessor-version":[{"id":54630,"href":"https:\/\/fedai.az\/index.php?rest_route=\/wp\/v2\/posts\/54628\/revisions\/54630"}],"wp:featuredmedia":[{"embeddable":true,"href":"https:\/\/fedai.az\/index.php?rest_route=\/wp\/v2\/media\/54629"}],"wp:attachment":[{"href":"https:\/\/fedai.az\/index.php?rest_route=%2Fwp%2Fv2%2Fmedia&parent=54628"}],"wp:term":[{"taxonomy":"category","embeddable":true,"href":"https:\/\/fedai.az\/index.php?rest_route=%2Fwp%2Fv2%2Fcategories&post=54628"},{"taxonomy":"post_tag","embeddable":true,"href":"https:\/\/fedai.az\/index.php?rest_route=%2Fwp%2Fv2%2Ftags&post=54628"}],"curies":[{"name":"wp","href":"https:\/\/api.w.org\/{rel}","templated":true}]}}