{"id":54649,"date":"2021-11-24T00:37:23","date_gmt":"2021-11-23T20:37:23","guid":{"rendered":"https:\/\/fedai.az\/?p=54649"},"modified":"2021-11-24T00:37:29","modified_gmt":"2021-11-23T20:37:29","slug":"pasinyan-%c9%99liyevl%c9%99-bu-s%c9%99n%c9%99di-imzalaya-bil%c9%99rik","status":"publish","type":"post","link":"https:\/\/fedai.az\/?p=54649","title":{"rendered":"Pa\u015finyan: &#171;\u018fliyevl\u0259 bu s\u0259n\u0259di imzalaya bil\u0259rik&#187;"},"content":{"rendered":"\n<p><strong>Az\u0259rbaycan v\u0259 Erm\u0259nistan s\u0259rh\u0259dl\u0259rin demarkasiya v\u0259 delimitasiyas\u0131 y\u00f6n\u00fcnd\u0259 komissiyan\u0131n yarad\u0131lmas\u0131 il\u0259 ba\u011fl\u0131 s\u0259n\u0259d imzalaya bil\u0259r.<\/strong><\/p>\n\n\n\n<p>Axar.az\u00a0x\u0259b\u0259r verir ki, bu s\u00f6zl\u0259ri Erm\u0259nistan Ba\u015f naziri Nikol Pa\u015finyan onlayn platformada suallar\u0131 cavablayark\u0259n deyib.<\/p>\n\n\n\n<p>\u201cSuallardan bel\u0259 ba\u015fa d\u00fc\u015f\u00fcr\u0259m ki, demarkasiya v\u0259 delimitasiya s\u0259n\u0259dl\u0259rinin imzalanaca\u011f\u0131 il\u0259 ba\u011fl\u0131 t\u0259\u0259ss\u00fcrat yaran\u0131b. Bel\u0259 bir \u015fey yoxdur. Yegan\u0259 s\u0259n\u0259d o ola bil\u0259r ki, Az\u0259rbaycan v\u0259 Erm\u0259nistan demarkasiya v\u0259 delimitasiya il\u0259 ba\u011fl\u0131 komissiyan\u0131n yarad\u0131lmas\u0131 \u00fc\u00e7\u00fcn s\u0259n\u0259d imzalas\u0131n\u201d, &#8212; dey\u0259 erm\u0259ni ba\u015f nazir bildirib.<\/p>\n","protected":false},"excerpt":{"rendered":"<p>Az\u0259rbaycan v\u0259 Erm\u0259nistan s\u0259rh\u0259dl\u0259rin demarkasiya v\u0259 delimitasiyas\u0131 y\u00f6n\u00fcnd\u0259 komissiyan\u0131n yarad\u0131lmas\u0131 il\u0259 ba\u011fl\u0131 s\u0259n\u0259d imzalaya bil\u0259r. Axar.az\u00a0x\u0259b\u0259r verir ki, bu s\u00f6zl\u0259ri Erm\u0259nistan Ba\u015f naziri Nikol<\/p>\n","protected":false},"author":2,"featured_media":54650,"comment_status":"closed","ping_status":"closed","sticky":false,"template":"","format":"standard","meta":{"footnotes":""},"categories":[1],"tags":[],"class_list":["post-54649","post","type-post","status-publish","format-standard","has-post-thumbnail","hentry","category-siyast"],"aioseo_notices":[],"_links":{"self":[{"href":"https:\/\/fedai.az\/index.php?rest_route=\/wp\/v2\/posts\/54649","targetHints":{"allow":["GET"]}}],"collection":[{"href":"https:\/\/fedai.az\/index.php?rest_route=\/wp\/v2\/posts"}],"about":[{"href":"https:\/\/fedai.az\/index.php?rest_route=\/wp\/v2\/types\/post"}],"author":[{"embeddable":true,"href":"https:\/\/fedai.az\/index.php?rest_route=\/wp\/v2\/users\/2"}],"replies":[{"embeddable":true,"href":"https:\/\/fedai.az\/index.php?rest_route=%2Fwp%2Fv2%2Fcomments&post=54649"}],"version-history":[{"count":1,"href":"https:\/\/fedai.az\/index.php?rest_route=\/wp\/v2\/posts\/54649\/revisions"}],"predecessor-version":[{"id":54651,"href":"https:\/\/fedai.az\/index.php?rest_route=\/wp\/v2\/posts\/54649\/revisions\/54651"}],"wp:featuredmedia":[{"embeddable":true,"href":"https:\/\/fedai.az\/index.php?rest_route=\/wp\/v2\/media\/54650"}],"wp:attachment":[{"href":"https:\/\/fedai.az\/index.php?rest_route=%2Fwp%2Fv2%2Fmedia&parent=54649"}],"wp:term":[{"taxonomy":"category","embeddable":true,"href":"https:\/\/fedai.az\/index.php?rest_route=%2Fwp%2Fv2%2Fcategories&post=54649"},{"taxonomy":"post_tag","embeddable":true,"href":"https:\/\/fedai.az\/index.php?rest_route=%2Fwp%2Fv2%2Ftags&post=54649"}],"curies":[{"name":"wp","href":"https:\/\/api.w.org\/{rel}","templated":true}]}}