{"id":54655,"date":"2021-11-24T00:51:39","date_gmt":"2021-11-23T20:51:39","guid":{"rendered":"https:\/\/fedai.az\/?p=54655"},"modified":"2021-11-24T00:51:43","modified_gmt":"2021-11-23T20:51:43","slug":"az%c9%99rbaycanli-sagird-abs-da-t%c9%99l%c9%99b%c9%99-kabinetin%c9%99-uzv-t%c9%99yin-edildi","status":"publish","type":"post","link":"https:\/\/fedai.az\/?p=54655","title":{"rendered":"Az\u0259rbaycanl\u0131 \u015fagird AB\u015e-da T\u0259l\u0259b\u0259 Kabinetin\u0259 \u00fczv t\u0259yin edildi"},"content":{"rendered":"\n<p><strong>AB\u015e-\u0131n Meyn \u015ftat\u0131nda ya\u015fayan g\u0259nc soyda\u015f\u0131m\u0131z, 10-cu sinif \u015fagirdi C\u0259mil\u0259 \u018fhm\u0259dova Meyn T\u0259hsil Departamentinin T\u0259l\u0259b\u0259 Kabinetin\u0259 \u00fczv t\u0259yin edilib.<\/strong><\/p>\n\n\n\n<p><br>Sfera.az x\u0259b\u0259r verir ki, bu bar\u0259d\u0259 Diasporla \u0130\u015f \u00fczr\u0259 D\u00f6vl\u0259t Komit\u0259si m\u0259lumat yay\u0131b.<\/p>\n\n\n\n<p><br>Bildirilib ki, o, bel\u0259 bir y\u00fcks\u0259k postda xidm\u0259t ed\u0259c\u0259k ilk Az\u0259rbaycan v\u0259 t\u00fcrk m\u0259n\u015f\u0259li q\u0131zd\u0131r:<\/p>\n\n\n\n<p><br>&#171;C\u0259mil\u0259 \u018fhm\u0259dova Kamberlend dair\u0259sinin t\u0259l\u0259b\u0259l\u0259rini t\u0259msil ed\u0259c\u0259k.<\/p>\n\n\n\n<p>T\u0259l\u0259b\u0259 Kabineti \u2013 t\u0259hsil \u00fczr\u0259 s\u0259lahiyy\u0259tli \u015f\u0259xsl\u0259rl\u0259 m\u00fct\u0259madi g\u00f6r\u00fc\u015fl\u0259r ke\u00e7ir\u0259r\u0259k, t\u0259hsil siyas\u0259tini m\u00fczakir\u0259 ed\u0259n bir qrup t\u0259l\u0259b\u0259d\u0259n ibar\u0259tdir. Kabinetin m\u0259qs\u0259di Meyn \u015ftat\u0131 t\u0259l\u0259b\u0259l\u0259rinin s\u0259sini \u015ftat\u0131n v\u0259 \u00f6lk\u0259nin m\u00fcvafiq srtukturlar\u0131na \u00e7atd\u0131rmaqd\u0131r.<\/p>\n\n\n\n<p><br>G\u0259nc soyda\u015f\u0131m\u0131z uzun ill\u0259rdir ail\u0259si il\u0259 birg\u0259 AB\u015e-da ya\u015fay\u0131r. Onun atas\u0131 T\u0259rlan \u018fhm\u0259dov Meyn \u015ftat\u0131nda Az\u0259rbaycan icmas\u0131n\u0131n f\u0259al \u00fczvl\u0259rind\u0259n biri v\u0259 Meyn Az\u0259rbaycan C\u0259miyy\u0259tinin r\u0259hb\u0259ridir\u201d.<\/p>\n","protected":false},"excerpt":{"rendered":"<p>AB\u015e-\u0131n Meyn \u015ftat\u0131nda ya\u015fayan g\u0259nc soyda\u015f\u0131m\u0131z, 10-cu sinif \u015fagirdi C\u0259mil\u0259 \u018fhm\u0259dova Meyn T\u0259hsil Departamentinin T\u0259l\u0259b\u0259 Kabinetin\u0259 \u00fczv t\u0259yin edilib. Sfera.az x\u0259b\u0259r verir ki, bu<\/p>\n","protected":false},"author":2,"featured_media":54656,"comment_status":"closed","ping_status":"closed","sticky":false,"template":"","format":"standard","meta":{"footnotes":""},"categories":[8],"tags":[],"class_list":["post-54655","post","type-post","status-publish","format-standard","has-post-thumbnail","hentry","category-thsil"],"aioseo_notices":[],"_links":{"self":[{"href":"https:\/\/fedai.az\/index.php?rest_route=\/wp\/v2\/posts\/54655","targetHints":{"allow":["GET"]}}],"collection":[{"href":"https:\/\/fedai.az\/index.php?rest_route=\/wp\/v2\/posts"}],"about":[{"href":"https:\/\/fedai.az\/index.php?rest_route=\/wp\/v2\/types\/post"}],"author":[{"embeddable":true,"href":"https:\/\/fedai.az\/index.php?rest_route=\/wp\/v2\/users\/2"}],"replies":[{"embeddable":true,"href":"https:\/\/fedai.az\/index.php?rest_route=%2Fwp%2Fv2%2Fcomments&post=54655"}],"version-history":[{"count":1,"href":"https:\/\/fedai.az\/index.php?rest_route=\/wp\/v2\/posts\/54655\/revisions"}],"predecessor-version":[{"id":54657,"href":"https:\/\/fedai.az\/index.php?rest_route=\/wp\/v2\/posts\/54655\/revisions\/54657"}],"wp:featuredmedia":[{"embeddable":true,"href":"https:\/\/fedai.az\/index.php?rest_route=\/wp\/v2\/media\/54656"}],"wp:attachment":[{"href":"https:\/\/fedai.az\/index.php?rest_route=%2Fwp%2Fv2%2Fmedia&parent=54655"}],"wp:term":[{"taxonomy":"category","embeddable":true,"href":"https:\/\/fedai.az\/index.php?rest_route=%2Fwp%2Fv2%2Fcategories&post=54655"},{"taxonomy":"post_tag","embeddable":true,"href":"https:\/\/fedai.az\/index.php?rest_route=%2Fwp%2Fv2%2Ftags&post=54655"}],"curies":[{"name":"wp","href":"https:\/\/api.w.org\/{rel}","templated":true}]}}