{"id":54658,"date":"2021-11-24T00:59:49","date_gmt":"2021-11-23T20:59:49","guid":{"rendered":"https:\/\/fedai.az\/?p=54658"},"modified":"2021-11-24T00:59:53","modified_gmt":"2021-11-23T20:59:53","slug":"qeyri-hokum%c9%99t-t%c9%99skilatlarina-dovl%c9%99t-d%c9%99st%c9%99yi-agentliyinin-yeni-icraci-direktoru-kollektiv%c9%99-t%c9%99qdim-olundu","status":"publish","type":"post","link":"https:\/\/fedai.az\/?p=54658","title":{"rendered":"Qeyri-H\u00f6kum\u0259t T\u0259\u015fkilatlar\u0131na D\u00f6vl\u0259t D\u0259st\u0259yi Agentliyinin yeni icra\u00e7\u0131 direktoru kollektiv\u0259 t\u0259qdim olundu"},"content":{"rendered":"\n<p><strong>Qeyri-H\u00f6kum\u0259t T\u0259\u015fkilatlar\u0131na D\u00f6vl\u0259t D\u0259st\u0259yi Agentliyinin yeni t\u0259yin olunmu\u015f icra\u00e7\u0131 direktoru Ayg\u00fcn \u018fliyeva kollektiv\u0259 t\u0259qdim edilib.<\/strong><\/p>\n\n\n\n<p><br>Bu bar\u0259d\u0259 m\u0259lumat\u0131 Qeyri-H\u00f6kum\u0259t T\u0259\u015fkilatlar\u0131na D\u00f6vl\u0259t D\u0259st\u0259yi Agentliyi yay\u0131b.<\/p>\n\n\n\n<p><br>Bildirilib ki, t\u0259qdimat Prezident Administrasiyas\u0131n\u0131n m\u0259sul \u0259m\u0259kda\u015f\u0131, Az\u0259rbaycan Respublikas\u0131n\u0131n Qeyri-H\u00f6kum\u0259t T\u0259\u015fkilatlar\u0131na D\u00f6vl\u0259t D\u0259st\u0259yi Agentliyinin M\u00fc\u015fahid\u0259 \u015euras\u0131n\u0131n s\u0259dr m\u00fcavini V\u00fcsal Quliyev t\u0259r\u0259find\u0259n h\u0259yata ke\u00e7irilib.<\/p>\n\n\n\n<p>A.\u018fliyeva ona g\u00f6st\u0259ril\u0259n y\u00fcks\u0259k etimada g\u00f6r\u0259 t\u0259\u015f\u0259kk\u00fcr\u00fcn\u00fc bildir\u0259r\u0259k, \u00f6lk\u0259d\u0259 v\u0259t\u0259nda\u015f c\u0259miyy\u0259tinin inki\u015faf\u0131 sah\u0259sind\u0259 qar\u015f\u0131ya qoyulan h\u0259d\u0259fl\u0259rin layiqinc\u0259 yerin\u0259 yetirilm\u0259si \u00fc\u00e7\u00fcn \u0259lind\u0259n g\u0259l\u0259ni \u0259sirg\u0259m\u0259y\u0259c\u0259yini qeyd edib.<\/p>\n\n\n\n<p><br>Qeyd ed\u0259k ki, bu g\u00fcn Az\u0259rbaycan Respublikas\u0131n\u0131n Qeyri-H\u00f6kum\u0259t T\u0259\u015fkilatlar\u0131na D\u00f6vl\u0259t D\u0259st\u0259yi Agentliyinin M\u00fc\u015fahid\u0259 \u015euras\u0131n\u0131n q\u0259rar\u0131 il\u0259 A.\u018fliyeva Agentliyin icra\u00e7\u0131 direktoru v\u0259zif\u0259sin\u0259 t\u0259yin olunub.<\/p>\n","protected":false},"excerpt":{"rendered":"<p>Qeyri-H\u00f6kum\u0259t T\u0259\u015fkilatlar\u0131na D\u00f6vl\u0259t D\u0259st\u0259yi Agentliyinin yeni t\u0259yin olunmu\u015f icra\u00e7\u0131 direktoru Ayg\u00fcn \u018fliyeva kollektiv\u0259 t\u0259qdim edilib. Bu bar\u0259d\u0259 m\u0259lumat\u0131 Qeyri-H\u00f6kum\u0259t T\u0259\u015fkilatlar\u0131na D\u00f6vl\u0259t D\u0259st\u0259yi Agentliyi yay\u0131b.<\/p>\n","protected":false},"author":2,"featured_media":54659,"comment_status":"closed","ping_status":"closed","sticky":false,"template":"","format":"standard","meta":{"footnotes":""},"categories":[12],"tags":[],"class_list":["post-54658","post","type-post","status-publish","format-standard","has-post-thumbnail","hentry","category-sosial"],"aioseo_notices":[],"_links":{"self":[{"href":"https:\/\/fedai.az\/index.php?rest_route=\/wp\/v2\/posts\/54658","targetHints":{"allow":["GET"]}}],"collection":[{"href":"https:\/\/fedai.az\/index.php?rest_route=\/wp\/v2\/posts"}],"about":[{"href":"https:\/\/fedai.az\/index.php?rest_route=\/wp\/v2\/types\/post"}],"author":[{"embeddable":true,"href":"https:\/\/fedai.az\/index.php?rest_route=\/wp\/v2\/users\/2"}],"replies":[{"embeddable":true,"href":"https:\/\/fedai.az\/index.php?rest_route=%2Fwp%2Fv2%2Fcomments&post=54658"}],"version-history":[{"count":1,"href":"https:\/\/fedai.az\/index.php?rest_route=\/wp\/v2\/posts\/54658\/revisions"}],"predecessor-version":[{"id":54660,"href":"https:\/\/fedai.az\/index.php?rest_route=\/wp\/v2\/posts\/54658\/revisions\/54660"}],"wp:featuredmedia":[{"embeddable":true,"href":"https:\/\/fedai.az\/index.php?rest_route=\/wp\/v2\/media\/54659"}],"wp:attachment":[{"href":"https:\/\/fedai.az\/index.php?rest_route=%2Fwp%2Fv2%2Fmedia&parent=54658"}],"wp:term":[{"taxonomy":"category","embeddable":true,"href":"https:\/\/fedai.az\/index.php?rest_route=%2Fwp%2Fv2%2Fcategories&post=54658"},{"taxonomy":"post_tag","embeddable":true,"href":"https:\/\/fedai.az\/index.php?rest_route=%2Fwp%2Fv2%2Ftags&post=54658"}],"curies":[{"name":"wp","href":"https:\/\/api.w.org\/{rel}","templated":true}]}}