{"id":54668,"date":"2021-11-24T01:31:00","date_gmt":"2021-11-23T21:31:00","guid":{"rendered":"https:\/\/fedai.az\/?p=54668"},"modified":"2021-11-24T01:31:03","modified_gmt":"2021-11-23T21:31:03","slug":"gorus-ir%c9%99vandan-ayrilir-t%c9%99hluk%c9%99sizlik-surasi-yaradilir","status":"publish","type":"post","link":"https:\/\/fedai.az\/?p=54668","title":{"rendered":"Gorus \u0130r\u0259vandan ayr\u0131l\u0131r \u2013 T\u0259hl\u00fck\u0259sizlik \u015euras\u0131 yarad\u0131l\u0131r"},"content":{"rendered":"\n<p><strong>Erm\u0259nistan\u0131n Gorus \u015f\u0259h\u0259rind\u0259 bir qrup ziyal\u0131 v\u0259 yerli siyas\u0259t\u00e7il\u0259r \u0130r\u0259van h\u00f6kum\u0259tinin t\u0259sirli t\u0259dbirl\u0259r g\u00f6rm\u0259m\u0259si, habel\u0259 s\u0259rh\u0259ddin m\u00fcdafi\u0259sinin laz\u0131m\u0131 s\u0259viyy\u0259d\u0259 t\u0259min etm\u0259m\u0259si s\u0259b\u0259bind\u0259n t\u0259\u015f\u0259bb\u00fcsl\u0259 \u00e7\u0131x\u0131\u015f edibl\u0259r.<\/strong><\/p>\n\n\n\n<p>Qafqaz.media x\u0259b\u0259r verir ki, q\u0131sa m\u00fcdd\u0259td\u0259n sonra Gorusun b\u00fct\u00fcn ziyal\u0131lar\u0131 bir araya g\u0259l\u0259r\u0259k, q\u0259rar verib.<\/p>\n\n\n\n<p>H\u0259min q\u0259rara \u0259sas\u0259n Gorus \u015f\u0259h\u0259ri v\u0259 s\u0259rh\u0259dd\u0259 yax\u0131n k\u0259ndl\u0259rin m\u00fcdafi\u0259si, probleml\u0259rinin h\u0259ll edilm\u0259si, habel\u0259 silahl\u0131 d\u0259st\u0259l\u0259rin yarad\u0131lmas\u0131na ba\u015flan\u0131l\u0131b. Bel\u0259 ki, T\u0259\u015f\u0259bb\u00fcs Qrupunun r\u0259hb\u0259ri Artur Xocaba\u011fyan b\u0259yan edib ki, bu g\u00fcnd\u0259n etibar\u0259n onlar T\u0259hl\u00fck\u0259sizlik \u015euras\u0131 yarad\u0131rlar.<\/p>\n\n\n\n<p>Onun s\u00f6zl\u0259rin\u0259 g\u00f6r\u0259, T\u0259hl\u00fck\u0259sizlik \u015euras\u0131 Gorusun t\u0259hl\u00fck\u0259sizliyini t\u0259min etm\u0259kl\u0259 yana\u015f\u0131, maddi-texniki baza yaratmaq v\u0259 silahl\u0131 d\u0259st\u0259l\u0259r formal\u0131a\u015fd\u0131rma\u011f\u0131 \u00f6z \u00fcz\u0259rin\u0259 g\u00f6t\u00fcr\u00fcr:<\/p>\n\n\n\n<p>&#171;Biz \u0130r\u0259vandak\u0131 h\u00f6kum\u0259td\u0259n he\u00e7 bir yard\u0131m ist\u0259mirik. Q\u0259rara alm\u0131\u015f\u0131q ki, Gorus v\u0259 onun \u0259traf\u0131ndak\u0131 ya\u015fay\u0131\u015f m\u0259nt\u0259q\u0259l\u0259rinin t\u0259hl\u00fck\u0259sizliyini, strateji obyektl\u0259rin qorunmas\u0131n\u0131 t\u0259min etm\u0259k \u00fc\u00e7\u00fcn k\u00f6n\u00fcll\u00fc h\u0259rbi birlikl\u0259r formala\u015fd\u0131raq. Onlar\u0131n silahla t\u0259hciz edilm\u0259si m\u0259s\u0259l\u0259si is\u0259 \u015f\u0259xsi \u0259laq\u0259l\u0259rimiz hesab\u0131na h\u0259yata ke\u00e7iril\u0259c\u0259k. Bundan ba\u015fqa, orta m\u0259kt\u0259bl\u0259rd\u0259 t\u0259dirisin t\u0259\u015fkili, Q\u0131rm\u0131z\u0131 Xa\u00e7 Komit\u0259sinin d\u0259st\u0259yi il\u0259 ilkin tibbi yard\u0131m\u0131n \u00f6yr\u0259dilm\u0259si m\u0259qs\u0259di il\u0259 m\u0259kt\u0259bl\u0259rd\u0259 kurslar\u0131n a\u00e7\u0131lmas\u0131 da q\u0259rarla\u015fd\u0131r\u0131l\u0131b. \u018fhalinin ehtiyaclar\u0131n\u0131n qar\u015f\u0131lanmas\u0131, habel\u0259 dig\u0259r m\u0259s\u0259l\u0259l\u0259ri d\u0259 T\u0259hl\u00fck\u0259sizlik \u015euras\u0131 h\u0259yata ke\u00e7ir\u0259c\u0259k\u201d.<\/p>\n\n\n\n<p>O maddi probleml\u0259rin h\u0259lli m\u0259s\u0259l\u0259sin\u0259 g\u0259linc\u0259 b\u0259yan edib ki, bu i\u015fd\u0259 diasporaya b\u00f6y\u00fck \u00fcmid b\u0259sl\u0259yirl\u0259r. Xocaba\u011fyan vur\u011fulay\u0131b ki, art\u0131q bu istiqam\u0259td\u0259 dan\u0131\u015f\u0131qlar da apar\u0131l\u0131b v\u0259 m\u00fcsb\u0259t n\u0259tic\u0259l\u0259r d\u0259 \u0259ld\u0259 olunub:<\/p>\n\n\n\n<p>&#171;Diasporadan d\u0259st\u0259k ver\u0259c\u0259kl\u0259r. Q\u0259rarla\u015f\u0131d\u0131rm\u0131\u015f\u0131q ki, q\u0131sa m\u00fcdd\u0259td\u0259 yerli \u0259halini fiziki v\u0259 taktiki c\u0259h\u0259td\u0259n haz\u0131rlamaq, habel\u0259 at\u0259\u015f t\u0259liml\u0259rinin ke\u00e7irilm\u0259sini t\u0259min ed\u0259k. Biz b\u00fct\u00fcn Gorusu s\u0259f\u0259rb\u0259rliy\u0259 alaca\u011f\u0131q. B\u00fct\u00fcn insanlar buna haz\u0131rd\u0131rlar\u201d.<\/p>\n","protected":false},"excerpt":{"rendered":"<p>Erm\u0259nistan\u0131n Gorus \u015f\u0259h\u0259rind\u0259 bir qrup ziyal\u0131 v\u0259 yerli siyas\u0259t\u00e7il\u0259r \u0130r\u0259van h\u00f6kum\u0259tinin t\u0259sirli t\u0259dbirl\u0259r g\u00f6rm\u0259m\u0259si, habel\u0259 s\u0259rh\u0259ddin m\u00fcdafi\u0259sinin laz\u0131m\u0131 s\u0259viyy\u0259d\u0259 t\u0259min etm\u0259m\u0259si s\u0259b\u0259bind\u0259n t\u0259\u015f\u0259bb\u00fcsl\u0259 \u00e7\u0131x\u0131\u015f<\/p>\n","protected":false},"author":2,"featured_media":54669,"comment_status":"closed","ping_status":"closed","sticky":false,"template":"","format":"standard","meta":{"footnotes":""},"categories":[13],"tags":[],"class_list":["post-54668","post","type-post","status-publish","format-standard","has-post-thumbnail","hentry","category-xarici"],"aioseo_notices":[],"_links":{"self":[{"href":"https:\/\/fedai.az\/index.php?rest_route=\/wp\/v2\/posts\/54668","targetHints":{"allow":["GET"]}}],"collection":[{"href":"https:\/\/fedai.az\/index.php?rest_route=\/wp\/v2\/posts"}],"about":[{"href":"https:\/\/fedai.az\/index.php?rest_route=\/wp\/v2\/types\/post"}],"author":[{"embeddable":true,"href":"https:\/\/fedai.az\/index.php?rest_route=\/wp\/v2\/users\/2"}],"replies":[{"embeddable":true,"href":"https:\/\/fedai.az\/index.php?rest_route=%2Fwp%2Fv2%2Fcomments&post=54668"}],"version-history":[{"count":1,"href":"https:\/\/fedai.az\/index.php?rest_route=\/wp\/v2\/posts\/54668\/revisions"}],"predecessor-version":[{"id":54670,"href":"https:\/\/fedai.az\/index.php?rest_route=\/wp\/v2\/posts\/54668\/revisions\/54670"}],"wp:featuredmedia":[{"embeddable":true,"href":"https:\/\/fedai.az\/index.php?rest_route=\/wp\/v2\/media\/54669"}],"wp:attachment":[{"href":"https:\/\/fedai.az\/index.php?rest_route=%2Fwp%2Fv2%2Fmedia&parent=54668"}],"wp:term":[{"taxonomy":"category","embeddable":true,"href":"https:\/\/fedai.az\/index.php?rest_route=%2Fwp%2Fv2%2Fcategories&post=54668"},{"taxonomy":"post_tag","embeddable":true,"href":"https:\/\/fedai.az\/index.php?rest_route=%2Fwp%2Fv2%2Ftags&post=54668"}],"curies":[{"name":"wp","href":"https:\/\/api.w.org\/{rel}","templated":true}]}}