{"id":54697,"date":"2021-11-24T11:22:02","date_gmt":"2021-11-24T07:22:02","guid":{"rendered":"https:\/\/fedai.az\/?p=54697"},"modified":"2021-11-24T11:22:05","modified_gmt":"2021-11-24T07:22:05","slug":"anania-maqakyan-qudr%c9%99tli-erm%c9%99ni-ordusu-qudr%c9%99tli-erm%c9%99ni-xalqi-kimi-sozl%c9%99r-hamisi-pafos-idi","status":"publish","type":"post","link":"https:\/\/fedai.az\/?p=54697","title":{"rendered":"Anania Maqakyan: \u201cQ\u00fcdr\u0259tli  ERM\u018fN\u0130 ordu\u201dsu, \u201cq\u00fcdr\u0259tli erm\u0259ni xalq\u201d\u0131 kimi s\u00f6zl\u0259r ham\u0131s\u0131 pafos idi"},"content":{"rendered":"\n<p><strong>Erm\u0259nistan\u0131n apar\u0131c\u0131 jurnalistl\u0259rind\u0259n olan Anania Maqakyan maraql\u0131 bir m\u0259qal\u0259 il\u0259 \u00e7\u0131x\u0131\u015f edib.<\/strong> <\/p>\n\n\n\n<p>Jurnalist Erm\u0259nistan h\u00f6kum\u0259tinin Qaraba\u011f siyas\u0259tini t\u0259fti\u015f edib v\u0259 m\u00fc\u0259yy\u0259n q\u0259na\u0259t\u0259 g\u0259lib.<\/p>\n\n\n\n<figure class=\"wp-block-image size-large is-resized\"><img loading=\"lazy\" decoding=\"async\" src=\"https:\/\/fedai.az\/wp-content\/uploads\/2021\/11\/media-44-7k6pfwl8qc4mgz9v0aio.jpg\" alt=\"\" class=\"wp-image-54698\" width=\"916\" height=\"513\" srcset=\"https:\/\/fedai.az\/wp-content\/uploads\/2021\/11\/media-44-7k6pfwl8qc4mgz9v0aio.jpg 300w, https:\/\/fedai.az\/wp-content\/uploads\/2021\/11\/media-44-7k6pfwl8qc4mgz9v0aio-150x84.jpg 150w\" sizes=\"auto, (max-width: 916px) 100vw, 916px\" \/><\/figure>\n\n\n\n<p>O yaz\u0131r ki, son bir ild\u0259 Erm\u0259nistan\u0131n \u0259sl reall\u0131\u011f\u0131 \u00fcz\u0259 \u00e7\u0131x\u0131b. Onun s\u00f6zl\u0259rin\u0259 g\u00f6r\u0259, bu m\u00fcdd\u0259td\u0259 m\u0259lum olub ki, Erm\u0259nistan\u0131n n\u0259 normal ordusu, n\u0259 t\u0259hl\u00fck\u0259sizliyi, n\u0259 d\u0259 m\u00fct\u0259\u015f\u0259kkil xalq\u0131 yoxdur. \u201c\u0130ndiy\u0259 q\u0259d\u0259r \u201cq\u00fcdr\u0259tli ordu\u201d, \u201cbir xalq\u201d kimi s\u00f6zl\u0259r ham\u0131s\u0131 pafos idi, blefdir. Az\u0259rbaycanl\u0131lar bizim l\u0259yaq\u0259timizi al\u00e7ald\u0131r, m\u0259hv edir. Amma erm\u0259ni xalq\u0131 buna susur. Qorxusundan n\u0259 ed\u0259c\u0259yini bilmir. Yaln\u0131z \u00f6z\u00fcn\u00fc d\u00fc\u015f\u00fcn\u00fcr. Yekun q\u0259na\u0259t budur ki, erm\u0259ni xalq\u0131 \u201cba\u015fqalar\u0131 d\u00fc\u015f\u00fcns\u00fcn, m\u0259n n\u0259 edim\u201d dem\u0259kl\u0259 kifay\u0259tl\u0259nir\u201d.<\/p>\n\n\n\n<p>Maqakyan qeyd edir ki, haz\u0131rda demarkasiya v\u0259 demarkasiya i\u015fl\u0259rind\u0259n dan\u0131\u015f\u0131lsa da, tezlikl\u0259 buna da ehtiyac qalmayacaq. \u201cAz\u0259rbaycan art\u0131q m\u0259s\u0259l\u0259ni g\u00fcc yolu il\u0259, onun \u00fc\u00e7\u00fcn tamamil\u0259 \u0259lveri\u015fli \u015f\u0259rtl\u0259rl\u0259 h\u0259ll etdiyin\u0259 g\u00f6r\u0259 delmitasiya v\u0259 demarkasiya prosesin\u0259 ehtiyac qalmayacaq. Y\u0259ni Erm\u0259nistan y\u0131\u011f\u0131l\u0131b qalan b\u00fct\u00fcn m\u0259s\u0259l\u0259l\u0259ri paralel v\u0259 asanl\u0131qla r\u0259qibin xeyrin\u0259 \u201ch\u0259ll edir\u201d. Ax\u0131, 2020-ci ilin 27 sentyabr\u0131ndan n\u0259 ba\u015f verir?\u201d<\/p>\n\n\n\n<p>O erm\u0259ni xalq\u0131n\u0131n kor oldu\u011funu, he\u00e7 n\u0259yi g\u00f6rm\u0259diyini yazaraq, Qaraba\u011f m\u0259s\u0259l\u0259sind\u0259 d\u0259 uduzduqlar\u0131n\u0131 vur\u011fulay\u0131b. \u201cBel\u0259 davam ed\u0259rs\u0259, Qaraba\u011fdan biz\u0259 yaln\u0131z \u0130r\u0259vanda k\u00fc\u00e7\u0259 ad\u0131 qalacaq. \u00c7\u00fcnki Qaraba\u011f art\u0131q yoxdur. Bizim deyil v\u0259 bu gedi\u015fl\u0259 he\u00e7 vaxt bizim olmayacaq\u201d.<\/p>\n\n\n\n<p>M\u0259nb\u0259: Jamaz.info<\/p>\n","protected":false},"excerpt":{"rendered":"<p>Erm\u0259nistan\u0131n apar\u0131c\u0131 jurnalistl\u0259rind\u0259n olan Anania Maqakyan maraql\u0131 bir m\u0259qal\u0259 il\u0259 \u00e7\u0131x\u0131\u015f edib. Jurnalist Erm\u0259nistan h\u00f6kum\u0259tinin Qaraba\u011f siyas\u0259tini t\u0259fti\u015f edib v\u0259 m\u00fc\u0259yy\u0259n q\u0259na\u0259t\u0259 g\u0259lib. O<\/p>\n","protected":false},"author":2,"featured_media":54699,"comment_status":"closed","ping_status":"closed","sticky":false,"template":"","format":"standard","meta":{"footnotes":""},"categories":[4],"tags":[],"class_list":["post-54697","post","type-post","status-publish","format-standard","has-post-thumbnail","hentry","category-qarabag"],"aioseo_notices":[],"_links":{"self":[{"href":"https:\/\/fedai.az\/index.php?rest_route=\/wp\/v2\/posts\/54697","targetHints":{"allow":["GET"]}}],"collection":[{"href":"https:\/\/fedai.az\/index.php?rest_route=\/wp\/v2\/posts"}],"about":[{"href":"https:\/\/fedai.az\/index.php?rest_route=\/wp\/v2\/types\/post"}],"author":[{"embeddable":true,"href":"https:\/\/fedai.az\/index.php?rest_route=\/wp\/v2\/users\/2"}],"replies":[{"embeddable":true,"href":"https:\/\/fedai.az\/index.php?rest_route=%2Fwp%2Fv2%2Fcomments&post=54697"}],"version-history":[{"count":1,"href":"https:\/\/fedai.az\/index.php?rest_route=\/wp\/v2\/posts\/54697\/revisions"}],"predecessor-version":[{"id":54700,"href":"https:\/\/fedai.az\/index.php?rest_route=\/wp\/v2\/posts\/54697\/revisions\/54700"}],"wp:featuredmedia":[{"embeddable":true,"href":"https:\/\/fedai.az\/index.php?rest_route=\/wp\/v2\/media\/54699"}],"wp:attachment":[{"href":"https:\/\/fedai.az\/index.php?rest_route=%2Fwp%2Fv2%2Fmedia&parent=54697"}],"wp:term":[{"taxonomy":"category","embeddable":true,"href":"https:\/\/fedai.az\/index.php?rest_route=%2Fwp%2Fv2%2Fcategories&post=54697"},{"taxonomy":"post_tag","embeddable":true,"href":"https:\/\/fedai.az\/index.php?rest_route=%2Fwp%2Fv2%2Ftags&post=54697"}],"curies":[{"name":"wp","href":"https:\/\/api.w.org\/{rel}","templated":true}]}}