{"id":54701,"date":"2021-11-24T12:26:07","date_gmt":"2021-11-24T08:26:07","guid":{"rendered":"https:\/\/fedai.az\/?p=54701"},"modified":"2021-11-24T12:26:11","modified_gmt":"2021-11-24T08:26:11","slug":"afrikali-usaq-fransa-ordusuna-m%c9%99xsus-pua-ni-sapandla-vurdu-olk%c9%99sinin-milli-q%c9%99hr%c9%99manina-cevrildi","status":"publish","type":"post","link":"https:\/\/fedai.az\/?p=54701","title":{"rendered":"Afrikal\u0131 u\u015faq Fransa ordusuna m\u0259xsus PUA-n\u0131 sapandla vurdu &#8212; \u00d6lk\u0259sinin milli q\u0259hr\u0259man\u0131na \u00e7evrildi"},"content":{"rendered":"\n<p><strong>Afrika \u00f6lk\u0259si Burkina-Fasoda u\u015faq Fransa ordusuna m\u0259xsus pilotsuz t\u0259yyar\u0259ni sapandla vurub. U\u015faq \u00f6lk\u0259d\u0259 q\u0259hr\u0259man elan edilib.<\/strong><\/p>\n\n\n\n<p>\u00a0 Burkina-Fasoda u\u015faq Fransa ordusuna m\u0259xsus pilotsuz t\u0259yyar\u0259ni sapandla vurub. D\u00fc\u015f\u0259n pilotsuz t\u0259yyar\u0259 q\u0259z\u0259bli k\u00fctl\u0259 t\u0259r\u0259find\u0259n par\u00e7a-par\u00e7a edil\u0259rk\u0259n, balaca \u201csnayper\u201d bird\u0259n Burkina Fasonun milli q\u0259hr\u0259man\u0131na \u00e7evrilib.<\/p>\n\n\n\n<p>Actuburkina.net x\u0259b\u0259r portal\u0131n\u0131n m\u0259lumat\u0131na g\u00f6r\u0259, hadis\u0259 noyabr\u0131n 20-d\u0259 Kai \u015f\u0259h\u0259rind\u0259 ba\u015f verib, Burkina-Faso v\u0259t\u0259nda\u015flar\u0131 Fil Di\u015fi Sahilind\u0259n Niger\u0259 getm\u0259k \u00fc\u00e7\u00fcn \u00f6lk\u0259l\u0259rind\u0259n ke\u00e7\u0259n Fransa h\u0259rbi logistika karvan\u0131n\u0131n yolunu k\u0259sibl\u0259r.<\/p>\n\n\n\n<p>Frans\u0131z h\u0259rb\u00e7il\u0259rinin terror\u00e7ular\u0131 d\u0259st\u0259kl\u0259diyind\u0259n \u015f\u00fcbh\u0259l\u0259n\u0259n minl\u0259rl\u0259 Kai sakini h\u0259rbi logistika karvan\u0131n\u0131n ke\u00e7idind\u0259 canl\u0131 qalxan yarad\u0131b.\u00a0<br><br>&#171;Sputnik&#187;in x\u0259b\u0259rin\u0259 g\u00f6r\u0259, ke\u00e7m\u0259sin\u0259 icaz\u0259 verilm\u0259y\u0259n frans\u0131z \u0259sg\u0259rl\u0259ri divarlarla \u0259hat\u0259 olunmu\u015f dayanaca\u011fa s\u0131\u011f\u0131n\u0131b v\u0259 \u0259razil\u0259rind\u0259 \u0259cn\u0259bi \u0259sg\u0259rl\u0259rin olmas\u0131ndan narahat olan insanlar\u0131 m\u00fc\u015fahid\u0259 alt\u0131nda saxlama\u011fa ba\u015flay\u0131blar.\u00a0<br><br>Bu arada etiraz\u00e7\u0131lar\u0131n \u00fcz\u0259rind\u0259n u\u00e7an frans\u0131z ordusuna m\u0259xsus pilotsuz t\u0259yyar\u0259ni sapandla vurub.\u00a0<br><br>D\u00fc\u015f\u0259n pilotsuz t\u0259yyar\u0259 q\u0259z\u0259bli izdiham t\u0259r\u0259find\u0259n par\u00e7a-par\u00e7a edil\u0259rk\u0259n, balaca \u201csnayper\u201d q\u0259fild\u0259n Burkina-Fasonun milli q\u0259hr\u0259man\u0131na \u00e7evrilib.<\/p>\n\n\n\n<p>M\u0259nb\u0259: <strong>Avropa.info<\/strong><\/p>\n\n\n\n<figure class=\"wp-block-embed is-type-video is-provider-youtube wp-block-embed-youtube wp-embed-aspect-16-9 wp-has-aspect-ratio\"><div class=\"wp-block-embed__wrapper\">\n<iframe loading=\"lazy\" title=\"SAPAN \u0130LE FRANSA  \u0130HA&#039;SI D\u00dc\u015e\u00dcR\u00dcLD\u00dc !! FRANSIZ MACRON&#039;A KAR\u015eI ULUSAL KAHRAMAN OLDU\" width=\"715\" height=\"402\" src=\"https:\/\/www.youtube.com\/embed\/8rP8YesqP2w?feature=oembed\" frameborder=\"0\" allow=\"accelerometer; autoplay; clipboard-write; encrypted-media; gyroscope; picture-in-picture\" allowfullscreen><\/iframe>\n<\/div><\/figure>\n","protected":false},"excerpt":{"rendered":"<p>Afrika \u00f6lk\u0259si Burkina-Fasoda u\u015faq Fransa ordusuna m\u0259xsus pilotsuz t\u0259yyar\u0259ni sapandla vurub. U\u015faq \u00f6lk\u0259d\u0259 q\u0259hr\u0259man elan edilib. \u00a0 Burkina-Fasoda u\u015faq Fransa ordusuna m\u0259xsus pilotsuz t\u0259yyar\u0259ni<\/p>\n","protected":false},"author":2,"featured_media":54702,"comment_status":"closed","ping_status":"closed","sticky":false,"template":"","format":"standard","meta":{"footnotes":""},"categories":[13],"tags":[],"class_list":["post-54701","post","type-post","status-publish","format-standard","has-post-thumbnail","hentry","category-xarici"],"aioseo_notices":[],"_links":{"self":[{"href":"https:\/\/fedai.az\/index.php?rest_route=\/wp\/v2\/posts\/54701","targetHints":{"allow":["GET"]}}],"collection":[{"href":"https:\/\/fedai.az\/index.php?rest_route=\/wp\/v2\/posts"}],"about":[{"href":"https:\/\/fedai.az\/index.php?rest_route=\/wp\/v2\/types\/post"}],"author":[{"embeddable":true,"href":"https:\/\/fedai.az\/index.php?rest_route=\/wp\/v2\/users\/2"}],"replies":[{"embeddable":true,"href":"https:\/\/fedai.az\/index.php?rest_route=%2Fwp%2Fv2%2Fcomments&post=54701"}],"version-history":[{"count":1,"href":"https:\/\/fedai.az\/index.php?rest_route=\/wp\/v2\/posts\/54701\/revisions"}],"predecessor-version":[{"id":54703,"href":"https:\/\/fedai.az\/index.php?rest_route=\/wp\/v2\/posts\/54701\/revisions\/54703"}],"wp:featuredmedia":[{"embeddable":true,"href":"https:\/\/fedai.az\/index.php?rest_route=\/wp\/v2\/media\/54702"}],"wp:attachment":[{"href":"https:\/\/fedai.az\/index.php?rest_route=%2Fwp%2Fv2%2Fmedia&parent=54701"}],"wp:term":[{"taxonomy":"category","embeddable":true,"href":"https:\/\/fedai.az\/index.php?rest_route=%2Fwp%2Fv2%2Fcategories&post=54701"},{"taxonomy":"post_tag","embeddable":true,"href":"https:\/\/fedai.az\/index.php?rest_route=%2Fwp%2Fv2%2Ftags&post=54701"}],"curies":[{"name":"wp","href":"https:\/\/api.w.org\/{rel}","templated":true}]}}