{"id":54707,"date":"2021-11-24T13:56:58","date_gmt":"2021-11-24T09:56:58","guid":{"rendered":"https:\/\/fedai.az\/?p=54707"},"modified":"2021-11-24T13:57:02","modified_gmt":"2021-11-24T09:57:02","slug":"pasinyan-az%c9%99rbaycan-v%c9%99-erm%c9%99nistan-bir-birinin-%c9%99razi-butovluyunu-h%c9%99l%c9%99-1991-ci-ild%c9%99-taniyib","status":"publish","type":"post","link":"https:\/\/fedai.az\/?p=54707","title":{"rendered":"Pa\u015finyan: &#171;Az\u0259rbaycan v\u0259 Erm\u0259nistan bir-birinin \u0259razi b\u00fct\u00f6vl\u00fcy\u00fcn\u00fc h\u0259l\u0259 1991-ci ild\u0259 tan\u0131y\u0131b&#187;"},"content":{"rendered":"\n<p><strong>Erm\u0259nistan\u0131n Ba\u015f naziri Nikol Pa\u015finyan deyib ki, Az\u0259rbaycan v\u0259 Erm\u0259nistan bir-birinin \u0259razi b\u00fct\u00f6vl\u00fcy\u00fcn\u00fc h\u0259l\u0259 1991-ci ild\u0259 tan\u0131y\u0131b.<\/strong><\/p>\n\n\n\n<p>O, \u00e7\u0259r\u015f\u0259nb\u0259 ax\u015fam\u0131 g\u00fcn\u00fc jurnalistl\u0259r \u00fc\u00e7\u00fcn ke\u00e7irdiyi onlayn m\u0259tbuat konfrans\u0131nda s\u00f6yl\u0259yib ki, h\u0259r iki \u00f6lk\u0259 30 il \u00f6nc\u0259 MDB-nin yarad\u0131lmas\u0131 prosesind\u0259 i\u015ftirak edib v\u0259 qar\u015f\u0131l\u0131ql\u0131 tan\u0131nma h\u0259min vaxt imzalanan b\u0259yannam\u0259 v\u0259 d\u00f6vl\u0259tl\u0259raras\u0131 sazi\u015f \u0259sas\u0131nda ba\u015f tutub.<\/p>\n\n\n\n<p>&#171;Konkret terminl\u0259rl\u0259 n\u0259yi n\u0259z\u0259rd\u0259 tutdu\u011fumuzu ba\u015fa d\u00fc\u015fm\u0259k laz\u0131md\u0131r. O vaxt art\u0131q Qaraba\u011f m\u0259s\u0259l\u0259si var idi? Var idi. Amma sual budur: Qaraba\u011f problemi \u0259razi problemidirmi? Bizim anlay\u0131\u015f\u0131m\u0131za g\u00f6r\u0259, bu, \u0259razi problemi deyil. Qaraba\u011f m\u0259s\u0259l\u0259si h\u00fcquq m\u0259s\u0259l\u0259sidir v\u0259 \u0259razi m\u0259s\u0259l\u0259si il\u0259 he\u00e7 bir \u0259laq\u0259si yoxdur&#187;, &#8212; Pa\u015finyan deyib.<\/p>\n\n\n\n<p>O s\u00f6yl\u0259yib ki, Erm\u0259nistan\u0131n haz\u0131rki r\u0259hb\u0259rliyi Qaraba\u011f m\u0259s\u0259l\u0259sinin &#171;t\u0259hrif olundu\u011funu&#187; b\u0259yan ed\u0259nd\u0259 h\u0259m d\u0259 qeyd edil\u0259n bu m\u0259s\u0259l\u0259 n\u0259z\u0259rd\u0259 tutulur.<\/p>\n\n\n\n<p>&#171;\u00c7\u00fcnki MDB-nin 1991-ci il s\u0259n\u0259dl\u0259rin\u0259 \u0259sas\u0259n, Erm\u0259nistan v\u0259 Az\u0259rbaycan bir-birinin \u0259razi b\u00fct\u00f6vl\u00fcy\u00fcn\u00fc qar\u015f\u0131l\u0131ql\u0131 \u015f\u0259kild\u0259 tan\u0131y\u0131b. B\u0259y\u0259m bu, Qaraba\u011f m\u0259s\u0259l\u0259sinin olmamas\u0131 dem\u0259k idimi?&#187; &#8212; Pa\u015finyan sual verib.<\/p>\n\n\n\n<h2 class=\"wp-block-heading\" id=\"Pa\u015finyan-Qaraba\u011f\u0131n-m\u00fcst\u0259qilliyinin-tan\u0131nmas\u0131-haqq\u0131nda-\">Pa\u015finyan Qaraba\u011f\u0131n m\u00fcst\u0259qilliyinin tan\u0131nmas\u0131 haqq\u0131nda&nbsp;<\/h2>\n\n\n\n<p>Pa\u015finyan s\u00f6yl\u0259yib ki, Qaraba\u011f\u0131n m\u00fcst\u0259qilliyinin tan\u0131nmas\u0131 30 ildir ki, m\u00fczakir\u0259 olub, lakin he\u00e7 bir q\u0259rar q\u0259bul olunmay\u0131b.<\/p>\n\n\n\n<p>&#171;\u00c7\u00fcnki ham\u0131 anlay\u0131rd\u0131 ki, Erm\u0259nistan birinci v\u0259 yegan\u0259 \u00f6lk\u0259 olmamal\u0131d\u0131r [Qaraba\u011f\u0131n m\u00fcst\u0259qilliyini tan\u0131yan]. Biz anlamal\u0131y\u0131q ki, Qaraba\u011f\u0131n m\u00fcst\u0259qilliyinin tan\u0131nmas\u0131 n\u0259 ver\u0259c\u0259k&#187;.<\/p>\n\n\n\n<p>O, Qaraba\u011f m\u0259s\u0259l\u0259sind\u0259 \u00f6n\u0259mli olan bir amilin n\u0259z\u0259r\u0259 al\u0131nmad\u0131\u011f\u0131n\u0131 &#8212; bu m\u0259s\u0259l\u0259nin &#171;beyn\u0259lxalq m\u0259s\u0259l\u0259&#187; oldu\u011funu v\u0259 t\u0259k Erm\u0259nistan\u0131n m\u00f6vqeyi il\u0259 h\u0259llinin m\u00fcmk\u00fcn olmad\u0131\u011f\u0131n\u0131 qeyd edib.<\/p>\n\n\n\n<p>&#171;Artsax [Qaraba\u011f] erm\u0259nil\u0259rinin h\u00fcquqlar\u0131 n\u0259z\u0259r\u0259 \u00e7arpd\u0131r\u0131lmal\u0131d\u0131r&#187;, &#8212; Pa\u015finyan deyib.&nbsp;<\/p>\n\n\n\n<h2 class=\"wp-block-heading\" id=\"Qaraba\u011f\u0131n-statusu-v\u0259-yollar\u0131n-a\u00e7\u0131lmas\u0131-\">Qaraba\u011f\u0131n statusu v\u0259 yollar\u0131n a\u00e7\u0131lmas\u0131<\/h2>\n\n\n\n<p>Erm\u0259nistan Ba\u015f Naziri Nikol Pa\u015finyan\u0131n s\u00f6zl\u0259rin\u0259 g\u00f6r\u0259, Da\u011fl\u0131q Qaraba\u011f\u0131n statusu v\u0259 regional kommunikasiyalar \u00fcz\u0259rind\u0259n blokadan\u0131n g\u00f6t\u00fcr\u00fclm\u0259si m\u0259s\u0259l\u0259l\u0259ri 3+3 format\u0131nda m\u00fczakir\u0259 olunmayacaq.&nbsp;<\/p>\n\n\n\n<p>&#171;Bu, m\u0259s\u0259l\u0259l\u0259rl\u0259 art\u0131q ba\u015fqa formatlar \u00e7\u0259r\u00e7iv\u0259sind\u0259 m\u0259\u015f\u011ful olurlar v\u0259 bunlar\u0131n ba\u015fqa m\u00fcst\u0259viy\u0259 ke\u00e7irilm\u0259sin\u0259 ehtiyac yoxdur&#187;, Pa\u015finyan bildirib.<\/p>\n\n\n\n<p>O, Qaraba\u011f probleminin t\u0259nziml\u0259nm\u0259sinin AT\u018fT-in Minsk Qrupunun s\u0259lahiyy\u0259tind\u0259 oldu\u011funu, kommunikasiyalar \u00fcz\u0259rind\u0259n blokadan\u0131n g\u00f6t\u00fcr\u00fclm\u0259si m\u0259s\u0259l\u0259sinin h\u0259yata ke\u00e7irilm\u0259si \u00fc\u00e7\u00fcn is\u0259 Erm\u0259nistan, Az\u0259rbaycan v\u0259 Rusiya ba\u015f nazir m\u00fcavinl\u0259rinin r\u0259hb\u0259rliyi il\u0259 \u00fc\u00e7t\u0259r\u0259fli i\u015f\u00e7i qrupun yarad\u0131ld\u0131\u011f\u0131n\u0131 bildirib.&nbsp;<\/p>\n\n\n\n<p>&#171;Ba\u015fqa formatlar\u0131n g\u00fcnd\u0259mind\u0259 olmayan m\u0259s\u0259l\u0259l\u0259r m\u00fczakir\u0259 olunmal\u0131d\u0131r. Bel\u0259l\u0259ri varm\u0131? Dey\u0259 bilm\u0259r\u0259m, g\u0259l\u0259c\u0259k g\u00f6st\u0259r\u0259r, lakin dey\u0259 bil\u0259r\u0259m ki, regional \u0259m\u0259kda\u015fl\u0131\u011fa aid \u00e7oxlu diqq\u0259t yetirdiyimiz m\u0259s\u0259l\u0259l\u0259r var&#187;, &#8212; Pa\u015finyan deyib.&nbsp;<\/p>\n\n\n\n<p>T\u00fcrkiy\u0259 v\u0259 Az\u0259rbaycan prezidentl\u0259ri t\u0259r\u0259find\u0259n t\u0259klif olunan 3+3 format\u0131 \u00fc\u00e7 C\u0259nubi Qafqaz \u00f6lk\u0259l\u0259ri il\u0259 Rusiya, T\u00fcrkiy\u0259 v\u0259 \u0130ran\u0131n i\u015ftirak\u0131n\u0131 n\u0259z\u0259rd\u0259 tutur.<\/p>\n\n\n\n<h2 class=\"wp-block-heading\" id=\"Demarkasiya-v\u0259-delimitasiya-haqq\u0131nda-s\u0259n\u0259d-\">Demarkasiya v\u0259 delimitasiya haqq\u0131nda s\u0259n\u0259d<\/h2>\n\n\n\n<p>Pa\u015finyan\u0131n s\u00f6zl\u0259rin\u0259 g\u00f6r\u0259, s\u0259rh\u0259din delimitasiya v\u0259 demarkasiyas\u0131 il\u0259 Da\u011fl\u0131q Qaraba\u011f m\u0259s\u0259l\u0259si m\u00fcxt\u0259lif m\u00fczakir\u0259 metodlar\u0131 t\u0259l\u0259b ed\u0259n ayr\u0131-ayr\u0131 m\u0259s\u0259l\u0259l\u0259rdir.<\/p>\n\n\n\n<p>Erm\u0259nistanla Az\u0259rbaycan aras\u0131nda s\u0259rh\u0259din delimitasiyas\u0131 v\u0259 demarkasiyas\u0131 haqq\u0131nda m\u00fcmk\u00fcn imzalanacaq s\u0259n\u0259d s\u00f6z\u00fcged\u0259n prosesin yekunlar\u0131na deyil, delimitasiya v\u0259 demarkasiya m\u0259s\u0259l\u0259l\u0259ri \u00fczr\u0259 i\u015f\u00e7i komissiyan\u0131n yarad\u0131lmas\u0131na aid olacaq.<\/p>\n\n\n\n<p>Pa\u015finya bildirib ki, h\u0259r iki t\u0259r\u0259fin s\u00f6z\u00fcged\u0259n s\u0259n\u0259di imzalama\u011fa haz\u0131rla\u015fd\u0131qlar\u0131 bar\u0259d\u0259 &#171;yanl\u0131\u015f fikir&#187; m\u00f6vcuddur.<\/p>\n\n\n\n<p>&#171;Bu, bel\u0259 deyil. M\u00f6ht\u0259m\u0259l s\u0259n\u0259dd\u0259 qeyd olunacaq ki, Erm\u0259nistan v\u0259 Az\u0259rbaycan s\u0259rh\u0259din delimitasiyas\u0131 v\u0259 demarkasiyas\u0131 \u00fczr\u0259 i\u015f\u0259 ba\u015flayan komissiya yarad\u0131rlar. S\u0259n\u0259dd\u0259 s\u0259rh\u0259din konkret buradan, ya buradan ke\u00e7diyi g\u00f6st\u0259rilm\u0259y\u0259c\u0259k&#187;, &#8212; Pa\u015finyan izah edib.&nbsp;<\/p>\n\n\n\n<h2 class=\"wp-block-heading\" id=\"Pa\u015finyan-yeni-m\u00fcharib\u0259-v\u0259-itkin-d\u00fc\u015f\u0259nl\u0259r-bar\u0259d\u0259\">Pa\u015finyan yeni m\u00fcharib\u0259 v\u0259 itkin d\u00fc\u015f\u0259nl\u0259r bar\u0259d\u0259<\/h2>\n\n\n\n<p>Nikol Pa\u015finyan Az\u0259rbaycan v\u0259 Erm\u0259nistan aras\u0131nda yeni m\u00fcharib\u0259 t\u0259hl\u00fck\u0259sinin olub-olmamas\u0131 il\u0259 ba\u011fl\u0131 suala cavab\u0131nda deyib ki, &#171;m\u00fcharib\u0259 t\u0259hl\u00fck\u0259si h\u0259l\u0259 d\u0259 qalmaqdad\u0131r&#187;.<\/p>\n\n\n\n<p>&#171;Az\u0259rbaycan\u0131n aqressiv davran\u0131\u015f\u0131 var ki, bunun beyn\u0259lxalq ictimaiyy\u0259t d\u0259 daxil olmaqla, qar\u015f\u0131s\u0131 al\u0131nmal\u0131d\u0131r&#187;, &#8212; o \u0259lav\u0259 edib.<\/p>\n\n\n\n<p>Nikol Pa\u015finyan noyabr\u0131n 16-da Az\u0259rbaycan-Erm\u0259nistan s\u0259rh\u0259dind\u0259 ba\u015f ver\u0259n g\u0259rginlik bar\u0259d\u0259 dan\u0131\u015fark\u0259n s\u00f6yl\u0259yib ki, \u0259sir d\u00fc\u015fm\u00fc\u015f erm\u0259ni h\u0259rb\u00e7il\u0259rinin say\u0131 \u0259vv\u0259l a\u00e7\u0131qland\u0131\u011f\u0131ndan \u00e7oxdur.<\/p>\n\n\n\n<p>O s\u00f6yl\u0259yib ki, d\u0259qiql\u0259\u015fdirilm\u0259mi\u015f m\u0259lumatlara g\u00f6r\u0259, \u0259vv\u0259l \u00f6lm\u00fc\u015f hesab edil\u0259n b\u0259zi h\u0259rb\u00e7il\u0259rin d\u0259 \u0259sir d\u00fc\u015fd\u00fcy\u00fc d\u00fc\u015f\u00fcn\u00fcl\u00fcr.<\/p>\n\n\n\n<p>&#171;Ba\u015fa d\u00fc\u015f\u00fcr\u0259m ki, bel\u0259 dan\u0131\u015fmaq yersizdir&#8230; Amma 6 \u00f6l\u00fc, 24+8 m\u0259hbus var. Bununla bel\u0259, m\u0259lumatlar\u0131 d\u0259qiql\u0259\u015fdirm\u0259k laz\u0131md\u0131r. \u00dcst\u0259lik, m\u0259hbuslar aras\u0131nda yaral\u0131lar da var&#187;, Pa\u015finyan deyib.<\/p>\n\n\n\n<p>15 v\u0259 16 noyabr tarixl\u0259rind\u0259\u00a0Az\u0259rbaycan-Erm\u0259nistan s\u0259rh\u0259dind\u0259\u00a0t\u0259r\u0259fl\u0259rin artilleriya v\u0259 d\u00f6y\u00fc\u015f texnikas\u0131 da istifad\u0259 etdiyi at\u0131\u015fmalarda Erm\u0259nistan t\u0259r\u0259find\u0259n alt\u0131, Az\u0259rbaycan t\u0259r\u0259find\u0259n yeddi h\u0259rb\u00e7i h\u0259lak olub.<\/p>\n\n\n\n<p>Az\u0259rbaycan 10, Erm\u0259nistan 4 d\u00f6y\u00fc\u015f\u00e7\u00fcs\u00fcn\u00fcn yaraland\u0131\u011f\u0131n\u0131 bildirib.<\/p>\n\n\n\n<p>Erm\u0259nistan \u0259vv\u0259lki a\u00e7\u0131qlamas\u0131nda bu d\u00f6y\u00fc\u015fl\u0259r n\u0259tic\u0259sind\u0259 13 n\u0259f\u0259rin \u0259sir d\u00fc\u015fd\u00fcy\u00fcn\u00fc, 24 h\u0259rb\u00e7i il\u0259 \u0259laq\u0259sinin k\u0259sildiyini bildirmi\u015fdi. Erm\u0259nistan t\u0259r\u0259fi &#171;itkin&#187; h\u0259rb\u00e7il\u0259r haqq\u0131nda deyib ki, onlar\u0131n &#171;taleyi m\u0259lum deyil, intensiv axtar\u0131\u015f i\u015fl\u0259ri apar\u0131l\u0131r&#187;.<\/p>\n\n\n\n<p>Az\u0259rbaycan \u0259sir m\u0259s\u0259l\u0259sini indiy\u0259 kimi n\u0259 t\u0259sdiq, n\u0259 t\u0259kzib edib.<\/p>\n\n\n\n<p>M\u0259nb\u0259: BBC<\/p>\n","protected":false},"excerpt":{"rendered":"<p>Erm\u0259nistan\u0131n Ba\u015f naziri Nikol Pa\u015finyan deyib ki, Az\u0259rbaycan v\u0259 Erm\u0259nistan bir-birinin \u0259razi b\u00fct\u00f6vl\u00fcy\u00fcn\u00fc h\u0259l\u0259 1991-ci ild\u0259 tan\u0131y\u0131b. O, \u00e7\u0259r\u015f\u0259nb\u0259 ax\u015fam\u0131 g\u00fcn\u00fc jurnalistl\u0259r \u00fc\u00e7\u00fcn ke\u00e7irdiyi<\/p>\n","protected":false},"author":2,"featured_media":54708,"comment_status":"closed","ping_status":"closed","sticky":false,"template":"","format":"standard","meta":{"footnotes":""},"categories":[13],"tags":[],"class_list":["post-54707","post","type-post","status-publish","format-standard","has-post-thumbnail","hentry","category-xarici"],"aioseo_notices":[],"_links":{"self":[{"href":"https:\/\/fedai.az\/index.php?rest_route=\/wp\/v2\/posts\/54707","targetHints":{"allow":["GET"]}}],"collection":[{"href":"https:\/\/fedai.az\/index.php?rest_route=\/wp\/v2\/posts"}],"about":[{"href":"https:\/\/fedai.az\/index.php?rest_route=\/wp\/v2\/types\/post"}],"author":[{"embeddable":true,"href":"https:\/\/fedai.az\/index.php?rest_route=\/wp\/v2\/users\/2"}],"replies":[{"embeddable":true,"href":"https:\/\/fedai.az\/index.php?rest_route=%2Fwp%2Fv2%2Fcomments&post=54707"}],"version-history":[{"count":1,"href":"https:\/\/fedai.az\/index.php?rest_route=\/wp\/v2\/posts\/54707\/revisions"}],"predecessor-version":[{"id":54709,"href":"https:\/\/fedai.az\/index.php?rest_route=\/wp\/v2\/posts\/54707\/revisions\/54709"}],"wp:featuredmedia":[{"embeddable":true,"href":"https:\/\/fedai.az\/index.php?rest_route=\/wp\/v2\/media\/54708"}],"wp:attachment":[{"href":"https:\/\/fedai.az\/index.php?rest_route=%2Fwp%2Fv2%2Fmedia&parent=54707"}],"wp:term":[{"taxonomy":"category","embeddable":true,"href":"https:\/\/fedai.az\/index.php?rest_route=%2Fwp%2Fv2%2Fcategories&post=54707"},{"taxonomy":"post_tag","embeddable":true,"href":"https:\/\/fedai.az\/index.php?rest_route=%2Fwp%2Fv2%2Ftags&post=54707"}],"curies":[{"name":"wp","href":"https:\/\/api.w.org\/{rel}","templated":true}]}}