{"id":54713,"date":"2021-11-25T08:53:03","date_gmt":"2021-11-25T04:53:03","guid":{"rendered":"https:\/\/fedai.az\/?p=54713"},"modified":"2021-11-25T08:53:06","modified_gmt":"2021-11-25T04:53:06","slug":"prezident-s%c9%99hid-ail%c9%99l%c9%99ri-v%c9%99-muharib%c9%99-%c9%99lill%c9%99ri-il%c9%99-bagli-f%c9%99rman-imzaladi","status":"publish","type":"post","link":"https:\/\/fedai.az\/?p=54713","title":{"rendered":"Prezident \u015f\u0259hid ail\u0259l\u0259ri v\u0259 m\u00fcharib\u0259 \u0259lill\u0259ri il\u0259 ba\u011fl\u0131 f\u0259rman imzalad\u0131"},"content":{"rendered":"\n<p>Prezident \u0130lham \u018fliyev 25 iyun 2021-ci il tarixli f\u0259rman\u0131 il\u0259 t\u0259sdiq edilmi\u015f \u201c\u015e\u0259hid ail\u0259l\u0259ri \u00fczvl\u0259rinin, m\u00fcharib\u0259 il\u0259 \u0259laq\u0259dar x\u0259sar\u0259t alm\u0131\u015f h\u0259rbi qulluq\u00e7ular\u0131n v\u0259 \u0259lilliyi m\u00fc\u0259yy\u0259n edilmi\u015f \u015f\u0259xsl\u0259rin m\u00fcraci\u0259tl\u0259ri \u00fczr\u0259 vahid \u0259laq\u0259l\u0259ndirm\u0259 m\u0259rk\u0259zl\u0259rind\u0259 g\u00f6st\u0259ril\u0259n xidm\u0259tl\u0259rin v\u0259 h\u0259min xidm\u0259tl\u0259ri g\u00f6st\u0259r\u0259n d\u00f6vl\u0259t orqanlar\u0131n\u0131n (qurumlar\u0131n\u0131n) siyah\u0131s\u0131\u201dnda d\u0259yi\u015fiklik edilm\u0259si haqq\u0131nda f\u0259rman imzalay\u0131b.<\/p>\n\n\n\n<p>F\u0259rmanda deyilir ki, siyah\u0131ya a\u015fa\u011f\u0131dak\u0131 d\u0259yi\u015fiklikl\u0259r edilir:<\/p>\n\n\n\n<p>1.1. a\u015fa\u011f\u0131dak\u0131 m\u0259zmunda 1.7 \u2013 1.9-cu b\u0259ndl\u0259r \u0259lav\u0259 edilsin:<\/p>\n\n\n\n<figure class=\"wp-block-table\"><table><tbody><tr><td>1.7.<\/td><td>\u015f\u0259hid statusu verilmi\u015f \u015f\u0259xsin v\u0259r\u0259s\u0259l\u0259rin\u0259 d\u00f6vl\u0259t icbari \u015f\u0259xsi s\u0131\u011fortas\u0131 \u00fczr\u0259 s\u0131\u011forta \u00f6d\u0259ni\u015fl\u0259rinin verilm\u0259si il\u0259 ba\u011fl\u0131 m\u00fcraci\u0259tl\u0259rin q\u0259bulu<\/td><\/tr><tr><td>1.8.<\/td><td>m\u00fcharib\u0259 il\u0259 \u0259laq\u0259dar \u0259lilliyi m\u00fc\u0259yy\u0259n edilmi\u015f \u015f\u0259xsl\u0259r\u0259 d\u00f6vl\u0259t icbari \u015f\u0259xsi s\u0131\u011fortas\u0131 \u00fczr\u0259 s\u0131\u011forta \u00f6d\u0259ni\u015fl\u0259rinin verilm\u0259si il\u0259 ba\u011fl\u0131 m\u00fcraci\u0259tl\u0259rin q\u0259bulu<\/td><\/tr><tr><td>1.9.<\/td><td>h\u0259rbi xidm\u0259t v\u0259zif\u0259l\u0259rinin (xidm\u0259ti v\u0259zif\u0259l\u0259rinin) yerin\u0259 yetirilm\u0259si il\u0259 \u0259laq\u0259dar x\u0259sar\u0259t (yaralanma, travma, kontuziya) alan h\u0259rbi qulluq\u00e7ulara d\u00f6vl\u0259t icbari \u015f\u0259xsi s\u0131\u011fortas\u0131 \u00fczr\u0259 s\u0131\u011forta \u00f6d\u0259ni\u015fl\u0259rinin verilm\u0259si il\u0259 ba\u011fl\u0131 m\u00fcraci\u0259tl\u0259rin q\u0259bulu<\/td><\/tr><\/tbody><\/table><\/figure>\n\n\n\n<p>1.2. 4.2-ci b\u0259nd a\u015fa\u011f\u0131dak\u0131 redaksiyada verilsin:<\/p>\n\n\n\n<figure class=\"wp-block-table\"><table><tbody><tr><td>4.2.<\/td><td>m\u00fcdd\u0259tli h\u0259qiqi h\u0259rbi xidm\u0259td\u0259 olmas\u0131na dair aray\u0131\u015f verilm\u0259si<\/td><\/tr><\/tbody><\/table><\/figure>\n\n\n\n<p>1.3. 5.4-c\u00fc b\u0259ndd\u0259 \u201c\u0259b\u0259dil\u0259\u015fdirm\u0259si\u201d s\u00f6z\u00fc \u201c\u0259b\u0259dil\u0259\u015fdirilm\u0259si\u201d s\u00f6z\u00fc il\u0259 \u0259v\u0259z edilsin;<\/p>\n\n\n\n<p>1.4. 7-ci hiss\u0259 l\u0259\u011fv edilsin.<\/p>\n\n\n\n<p>2. Bu F\u0259rman\u0131n 1.1-ci v\u0259 1.4-c\u00fc b\u0259ndl\u0259ri 2022-ci il yanvar\u0131n 1-d\u0259n q\u00fcvv\u0259y\u0259 minir.<\/p>\n","protected":false},"excerpt":{"rendered":"<p>Prezident \u0130lham \u018fliyev 25 iyun 2021-ci il tarixli f\u0259rman\u0131 il\u0259 t\u0259sdiq edilmi\u015f \u201c\u015e\u0259hid ail\u0259l\u0259ri \u00fczvl\u0259rinin, m\u00fcharib\u0259 il\u0259 \u0259laq\u0259dar x\u0259sar\u0259t alm\u0131\u015f h\u0259rbi qulluq\u00e7ular\u0131n v\u0259 \u0259lilliyi<\/p>\n","protected":false},"author":2,"featured_media":54662,"comment_status":"closed","ping_status":"closed","sticky":false,"template":"","format":"standard","meta":{"footnotes":""},"categories":[12],"tags":[],"class_list":["post-54713","post","type-post","status-publish","format-standard","has-post-thumbnail","hentry","category-sosial"],"aioseo_notices":[],"_links":{"self":[{"href":"https:\/\/fedai.az\/index.php?rest_route=\/wp\/v2\/posts\/54713","targetHints":{"allow":["GET"]}}],"collection":[{"href":"https:\/\/fedai.az\/index.php?rest_route=\/wp\/v2\/posts"}],"about":[{"href":"https:\/\/fedai.az\/index.php?rest_route=\/wp\/v2\/types\/post"}],"author":[{"embeddable":true,"href":"https:\/\/fedai.az\/index.php?rest_route=\/wp\/v2\/users\/2"}],"replies":[{"embeddable":true,"href":"https:\/\/fedai.az\/index.php?rest_route=%2Fwp%2Fv2%2Fcomments&post=54713"}],"version-history":[{"count":1,"href":"https:\/\/fedai.az\/index.php?rest_route=\/wp\/v2\/posts\/54713\/revisions"}],"predecessor-version":[{"id":54714,"href":"https:\/\/fedai.az\/index.php?rest_route=\/wp\/v2\/posts\/54713\/revisions\/54714"}],"wp:featuredmedia":[{"embeddable":true,"href":"https:\/\/fedai.az\/index.php?rest_route=\/wp\/v2\/media\/54662"}],"wp:attachment":[{"href":"https:\/\/fedai.az\/index.php?rest_route=%2Fwp%2Fv2%2Fmedia&parent=54713"}],"wp:term":[{"taxonomy":"category","embeddable":true,"href":"https:\/\/fedai.az\/index.php?rest_route=%2Fwp%2Fv2%2Fcategories&post=54713"},{"taxonomy":"post_tag","embeddable":true,"href":"https:\/\/fedai.az\/index.php?rest_route=%2Fwp%2Fv2%2Ftags&post=54713"}],"curies":[{"name":"wp","href":"https:\/\/api.w.org\/{rel}","templated":true}]}}