{"id":54715,"date":"2021-11-25T08:55:14","date_gmt":"2021-11-25T04:55:14","guid":{"rendered":"https:\/\/fedai.az\/?p=54715"},"modified":"2021-11-25T08:55:18","modified_gmt":"2021-11-25T04:55:18","slug":"k%c9%99lb%c9%99c%c9%99rin-erm%c9%99ni-isgalindan-azad-olunmasindan-bir-il-otur","status":"publish","type":"post","link":"https:\/\/fedai.az\/?p=54715","title":{"rendered":"K\u0259lb\u0259c\u0259rin erm\u0259ni i\u015f\u011fal\u0131ndan azad olunmas\u0131ndan bir il \u00f6t\u00fcr"},"content":{"rendered":"\n<p><strong>K\u0259lb\u0259c\u0259rin i\u015f\u011faldan azad edilm\u0259sind\u0259n 1 il \u00f6t\u00fcr.<\/strong><\/p>\n\n\n\n<p><br>Az\u0259rbaycan Ordusunun Erm\u0259nistan\u0131n 2020-ci il sentyabr\u0131n 27-d\u0259 t\u0259cav\u00fcz\u00fcn\u0259 qar\u015f\u0131 ba\u015flad\u0131\u011f\u0131 \u0259ks-h\u00fccum \u0259m\u0259liyyat\u0131 2020-ci il noyabr\u0131n 9-da Z\u0259f\u0259rl\u0259 ba\u015fa \u00e7at\u0131b.<\/p>\n\n\n\n<p><br>Az\u0259rbaycan Ordusu 44 g\u00fcnl\u00fck V\u0259t\u0259n m\u00fcharib\u0259sind\u0259 \u00fcmumilikd\u0259 300-d\u0259n \u00e7ox ya\u015fay\u0131\u015f m\u0259nt\u0259q\u0259sini, h\u0259m\u00e7inin A\u011fd\u0259r\u0259, Murovda\u011f v\u0259 Z\u0259ngilan istiqam\u0259tl\u0259rind\u0259 m\u00fch\u00fcm strateji y\u00fcks\u0259klikl\u0259ri i\u015f\u011faldan azad edib.<\/p>\n\n\n\n<p>Noyabr\u0131n 8-d\u0259 \u015eu\u015fan\u0131n i\u015f\u011faldan azad edilm\u0259si il\u0259 m\u00fcharib\u0259d\u0259 m\u0259\u011flub oldu\u011funu anlayan Erm\u0259nistan m\u0259cburiyy\u0259t qar\u015f\u0131s\u0131nda qalaraq kapitulyasiya akt\u0131na imza at\u0131b.<\/p>\n\n\n\n<p><br>Noyabr\u0131n 10-da Az\u0259rbaycan Prezidenti \u0130lham \u018fliyev, Rusiya Prezidenti Vladimir Putin v\u0259 Erm\u0259nistan\u0131n Ba\u015f naziri Nikol Pa\u015finyan aras\u0131nda B\u0259yanat imzalan\u0131b.<\/p>\n\n\n\n<p><br>B\u0259yanat\u0131n 6-c\u0131 b\u0259ndin\u0259 \u0259sas\u0259n, K\u0259lb\u0259c\u0259r rayonu Az\u0259rbaycana qaytar\u0131l\u0131b. B\u0259yanatda K\u0259lb\u0259c\u0259rin noyabr\u0131n 15-d\u0259k qaytar\u0131lmas\u0131 n\u0259z\u0259rd\u0259 tutulsa da, erm\u0259nil\u0259r rayonu bo\u015faltmaq \u00fc\u00e7\u00fcn Rusiya vasit\u0259sil\u0259 Az\u0259rbaycandan 10 g\u00fcn vaxt ist\u0259yib. Az\u0259rbaycan humanizm prinsipl\u0259rini \u0259sas g\u00f6t\u00fcr\u0259r\u0259k, g\u00fcz\u0259\u015ft\u0259 gedib, erm\u0259nil\u0259r\u0259 10 g\u00fcn vaxt verib. 2020-ci il noyabr\u0131n 25-d\u0259 K\u0259lb\u0259c\u0259r rayonu Az\u0259rbaycana qaytar\u0131l\u0131b.<\/p>\n\n\n\n<p><br>Bel\u0259likl\u0259, K\u0259lb\u0259c\u0259rin 27 illik i\u015f\u011fal\u0131na son qoyulub.<\/p>\n","protected":false},"excerpt":{"rendered":"<p>K\u0259lb\u0259c\u0259rin i\u015f\u011faldan azad edilm\u0259sind\u0259n 1 il \u00f6t\u00fcr. Az\u0259rbaycan Ordusunun Erm\u0259nistan\u0131n 2020-ci il sentyabr\u0131n 27-d\u0259 t\u0259cav\u00fcz\u00fcn\u0259 qar\u015f\u0131 ba\u015flad\u0131\u011f\u0131 \u0259ks-h\u00fccum \u0259m\u0259liyyat\u0131 2020-ci il noyabr\u0131n 9-da Z\u0259f\u0259rl\u0259<\/p>\n","protected":false},"author":2,"featured_media":54716,"comment_status":"closed","ping_status":"closed","sticky":false,"template":"","format":"standard","meta":{"footnotes":""},"categories":[3],"tags":[],"class_list":["post-54715","post","type-post","status-publish","format-standard","has-post-thumbnail","hentry","category-gundm"],"aioseo_notices":[],"_links":{"self":[{"href":"https:\/\/fedai.az\/index.php?rest_route=\/wp\/v2\/posts\/54715","targetHints":{"allow":["GET"]}}],"collection":[{"href":"https:\/\/fedai.az\/index.php?rest_route=\/wp\/v2\/posts"}],"about":[{"href":"https:\/\/fedai.az\/index.php?rest_route=\/wp\/v2\/types\/post"}],"author":[{"embeddable":true,"href":"https:\/\/fedai.az\/index.php?rest_route=\/wp\/v2\/users\/2"}],"replies":[{"embeddable":true,"href":"https:\/\/fedai.az\/index.php?rest_route=%2Fwp%2Fv2%2Fcomments&post=54715"}],"version-history":[{"count":1,"href":"https:\/\/fedai.az\/index.php?rest_route=\/wp\/v2\/posts\/54715\/revisions"}],"predecessor-version":[{"id":54717,"href":"https:\/\/fedai.az\/index.php?rest_route=\/wp\/v2\/posts\/54715\/revisions\/54717"}],"wp:featuredmedia":[{"embeddable":true,"href":"https:\/\/fedai.az\/index.php?rest_route=\/wp\/v2\/media\/54716"}],"wp:attachment":[{"href":"https:\/\/fedai.az\/index.php?rest_route=%2Fwp%2Fv2%2Fmedia&parent=54715"}],"wp:term":[{"taxonomy":"category","embeddable":true,"href":"https:\/\/fedai.az\/index.php?rest_route=%2Fwp%2Fv2%2Fcategories&post=54715"},{"taxonomy":"post_tag","embeddable":true,"href":"https:\/\/fedai.az\/index.php?rest_route=%2Fwp%2Fv2%2Ftags&post=54715"}],"curies":[{"name":"wp","href":"https:\/\/api.w.org\/{rel}","templated":true}]}}