{"id":54723,"date":"2021-11-25T09:10:00","date_gmt":"2021-11-25T05:10:00","guid":{"rendered":"https:\/\/fedai.az\/?p=54723"},"modified":"2021-11-25T09:10:02","modified_gmt":"2021-11-25T05:10:02","slug":"fuad-axundov-erm%c9%99nistanda-az%c9%99rbaycanlilara-m%c9%99xsus-2000-toponim-d%c9%99yisdirilib","status":"publish","type":"post","link":"https:\/\/fedai.az\/?p=54723","title":{"rendered":"Fuad Axundov: &#171;Erm\u0259nistanda az\u0259rbaycanl\u0131lara m\u0259xsus 2000 toponim d\u0259yi\u015fdirilib&#187;"},"content":{"rendered":"\n<p><strong>&#171;Erm\u0259nistan d\u00fcnyada yegan\u0259 \u00f6lk\u0259dir ki, \u0130r\u0259van\u0131n memarl\u0131q simas\u0131n\u0131 tamamil\u0259 d\u0259yi\u015fib. \u0130r\u0259van qalas\u0131n\u0131n izi silinib. Orada yaln\u0131z G\u00f6y m\u0259scid qal\u0131b. Erm\u0259nistanda 850 bina da\u011f\u0131d\u0131l\u0131b. Onlar d\u00fcnyaya car \u00e7\u0259kirl\u0259r ki, \u0130r\u0259van q\u0259dim \u015f\u0259h\u0259rdir, lakin tarixi yerl\u0259ri da\u011f\u0131d\u0131blar, 2 000 toponimi tamamil\u0259 d\u0259yi\u015fdiribl\u0259r\u201d.<\/strong><\/p>\n\n\n\n<p>Bu fikirl\u0259ri <strong>Prezident Administrasiyas\u0131n\u0131n sektor m\u00fcdiri Fuad Axundov <\/strong>&#171;B\u00f6y\u00fck Qay\u0131d\u0131\u015f: M\u0259d\u0259niyy\u0259tin dir\u00e7\u0259li\u015fi\u201d konfrans\u0131nda \u00e7\u0131x\u0131\u015f\u0131 zaman\u0131 deyib.<\/p>\n\n\n\n<p>Onun s\u00f6zl\u0259rin\u0259 g\u00f6r\u0259, erm\u0259nil\u0259rin t\u00f6r\u0259tdikl\u0259ri d\u00fcnyada g\u00f6r\u00fclm\u0259y\u0259n v\u0259h\u015filikl\u0259rdir: &#171;Onlar Az\u0259rbaycan m\u0259d\u0259niyy\u0259tinin b\u00fct\u00fcn izl\u0259rini silm\u0259k ist\u0259yirl\u0259r. Da\u011f\u0131nt\u0131lar\u0131n \u015f\u0259kill\u0259rini \u00e7\u0259km\u0259k v\u0259 saxlamaq laz\u0131md\u0131r. \u00c7\u00fcnki orada b\u0259rpa i\u015fl\u0259ri apar\u0131lacaq v\u0259 da\u011f\u0131nt\u0131lar qalmayacaq\u201d.<\/p>\n\n\n\n<p><br>&#171;Haz\u0131rda d\u00f6y\u00fc\u015fl\u0259rd\u0259n d\u0259 a\u011f\u0131r informasiya sava\u015f\u0131 gedir. Erm\u0259nil\u0259rin etdiyini d\u00fcnyaya g\u00f6st\u0259rm\u0259k laz\u0131md\u0131r\u201d, &#8212; F. Axundov bildirib.<\/p>\n","protected":false},"excerpt":{"rendered":"<p>&#171;Erm\u0259nistan d\u00fcnyada yegan\u0259 \u00f6lk\u0259dir ki, \u0130r\u0259van\u0131n memarl\u0131q simas\u0131n\u0131 tamamil\u0259 d\u0259yi\u015fib. \u0130r\u0259van qalas\u0131n\u0131n izi silinib. Orada yaln\u0131z G\u00f6y m\u0259scid qal\u0131b. Erm\u0259nistanda 850 bina da\u011f\u0131d\u0131l\u0131b. Onlar<\/p>\n","protected":false},"author":2,"featured_media":54724,"comment_status":"closed","ping_status":"closed","sticky":false,"template":"","format":"standard","meta":{"footnotes":""},"categories":[3],"tags":[],"class_list":["post-54723","post","type-post","status-publish","format-standard","has-post-thumbnail","hentry","category-gundm"],"aioseo_notices":[],"_links":{"self":[{"href":"https:\/\/fedai.az\/index.php?rest_route=\/wp\/v2\/posts\/54723","targetHints":{"allow":["GET"]}}],"collection":[{"href":"https:\/\/fedai.az\/index.php?rest_route=\/wp\/v2\/posts"}],"about":[{"href":"https:\/\/fedai.az\/index.php?rest_route=\/wp\/v2\/types\/post"}],"author":[{"embeddable":true,"href":"https:\/\/fedai.az\/index.php?rest_route=\/wp\/v2\/users\/2"}],"replies":[{"embeddable":true,"href":"https:\/\/fedai.az\/index.php?rest_route=%2Fwp%2Fv2%2Fcomments&post=54723"}],"version-history":[{"count":1,"href":"https:\/\/fedai.az\/index.php?rest_route=\/wp\/v2\/posts\/54723\/revisions"}],"predecessor-version":[{"id":54725,"href":"https:\/\/fedai.az\/index.php?rest_route=\/wp\/v2\/posts\/54723\/revisions\/54725"}],"wp:featuredmedia":[{"embeddable":true,"href":"https:\/\/fedai.az\/index.php?rest_route=\/wp\/v2\/media\/54724"}],"wp:attachment":[{"href":"https:\/\/fedai.az\/index.php?rest_route=%2Fwp%2Fv2%2Fmedia&parent=54723"}],"wp:term":[{"taxonomy":"category","embeddable":true,"href":"https:\/\/fedai.az\/index.php?rest_route=%2Fwp%2Fv2%2Fcategories&post=54723"},{"taxonomy":"post_tag","embeddable":true,"href":"https:\/\/fedai.az\/index.php?rest_route=%2Fwp%2Fv2%2Ftags&post=54723"}],"curies":[{"name":"wp","href":"https:\/\/api.w.org\/{rel}","templated":true}]}}