{"id":54729,"date":"2021-11-25T09:28:06","date_gmt":"2021-11-25T05:28:06","guid":{"rendered":"https:\/\/fedai.az\/?p=54729"},"modified":"2021-11-25T09:28:09","modified_gmt":"2021-11-25T05:28:09","slug":"prezident-musa-quliyevi-t%c9%99ltif-etdi","status":"publish","type":"post","link":"https:\/\/fedai.az\/?p=54729","title":{"rendered":"Prezident Musa Quliyevi t\u0259ltif etdi"},"content":{"rendered":"\n<p><strong>Prezident \u0130lham \u018fliyev M.\u0130.Quliyevin \u201c\u015e\u00f6hr\u0259t\u201d ordeni il\u0259 t\u0259ltif edilm\u0259si haqq\u0131nda s\u0259r\u0259ncam imzalay\u0131b.<\/strong><\/p>\n\n\n\n<p>S\u0259r\u0259ncamda deyilir:<\/p>\n\n\n\n<p>Az\u0259rbaycan Respublikas\u0131n\u0131n ictimai-siyasi h\u0259yat\u0131nda f\u0259al i\u015ftirak\u0131na g\u00f6r\u0259 Musa \u0130sa o\u011flu Quliyev \u201c\u015e\u00f6hr\u0259t\u201d ordeni il\u0259 t\u0259ltif edilsin.<\/p>\n\n\n\n<p>Az\u0259rbaycan V\u0259t\u0259n M\u00fcharib\u0259si Veteranlar\u0131 \u0130ctimai Birliyinin (AVMV\u0130B) R\u0259hb\u0259rliyi mill\u0259t v\u0259kili Musa Quliyevi bu t\u0259ltif m\u00fcnasib\u0259tiyl\u0259 t\u0259brik edir.<\/p>\n","protected":false},"excerpt":{"rendered":"<p>Prezident \u0130lham \u018fliyev M.\u0130.Quliyevin \u201c\u015e\u00f6hr\u0259t\u201d ordeni il\u0259 t\u0259ltif edilm\u0259si haqq\u0131nda s\u0259r\u0259ncam imzalay\u0131b. S\u0259r\u0259ncamda deyilir: Az\u0259rbaycan Respublikas\u0131n\u0131n ictimai-siyasi h\u0259yat\u0131nda f\u0259al i\u015ftirak\u0131na g\u00f6r\u0259 Musa \u0130sa o\u011flu<\/p>\n","protected":false},"author":2,"featured_media":54730,"comment_status":"closed","ping_status":"closed","sticky":false,"template":"","format":"standard","meta":{"footnotes":""},"categories":[3],"tags":[],"class_list":["post-54729","post","type-post","status-publish","format-standard","has-post-thumbnail","hentry","category-gundm"],"aioseo_notices":[],"_links":{"self":[{"href":"https:\/\/fedai.az\/index.php?rest_route=\/wp\/v2\/posts\/54729","targetHints":{"allow":["GET"]}}],"collection":[{"href":"https:\/\/fedai.az\/index.php?rest_route=\/wp\/v2\/posts"}],"about":[{"href":"https:\/\/fedai.az\/index.php?rest_route=\/wp\/v2\/types\/post"}],"author":[{"embeddable":true,"href":"https:\/\/fedai.az\/index.php?rest_route=\/wp\/v2\/users\/2"}],"replies":[{"embeddable":true,"href":"https:\/\/fedai.az\/index.php?rest_route=%2Fwp%2Fv2%2Fcomments&post=54729"}],"version-history":[{"count":1,"href":"https:\/\/fedai.az\/index.php?rest_route=\/wp\/v2\/posts\/54729\/revisions"}],"predecessor-version":[{"id":54731,"href":"https:\/\/fedai.az\/index.php?rest_route=\/wp\/v2\/posts\/54729\/revisions\/54731"}],"wp:featuredmedia":[{"embeddable":true,"href":"https:\/\/fedai.az\/index.php?rest_route=\/wp\/v2\/media\/54730"}],"wp:attachment":[{"href":"https:\/\/fedai.az\/index.php?rest_route=%2Fwp%2Fv2%2Fmedia&parent=54729"}],"wp:term":[{"taxonomy":"category","embeddable":true,"href":"https:\/\/fedai.az\/index.php?rest_route=%2Fwp%2Fv2%2Fcategories&post=54729"},{"taxonomy":"post_tag","embeddable":true,"href":"https:\/\/fedai.az\/index.php?rest_route=%2Fwp%2Fv2%2Ftags&post=54729"}],"curies":[{"name":"wp","href":"https:\/\/api.w.org\/{rel}","templated":true}]}}