{"id":54735,"date":"2021-11-25T10:01:24","date_gmt":"2021-11-25T06:01:24","guid":{"rendered":"https:\/\/fedai.az\/?p=54735"},"modified":"2021-11-25T10:01:40","modified_gmt":"2021-11-25T06:01:40","slug":"t%c9%99brik-musayev-natiq-p%c9%99nah-oglu-59","status":"publish","type":"post","link":"https:\/\/fedai.az\/?p=54735","title":{"rendered":"T\u018fBR\u0130K: MUSAYEV NAT\u0130Q P\u018fNAH O\u011eLU &#8212; 59"},"content":{"rendered":"\n<p><strong>\u00a0\u00a0\u00a0 <span class=\"has-inline-color has-vivid-red-color\">\u0130nsan \u00fc\u00e7\u00fcn \u0259n yadda qalan g\u00fcnl\u0259rd\u0259n biri d\u0259 onun do\u011fum g\u00fcn\u00fcd\u00fcr. Ya\u015f\u0131n \u00fcst\u0259 g\u0259l\u0259n bu ya\u015f qaland\u0131qca insan daha da kamill\u0259\u015fir. Bel\u0259 insanlardan biri d\u0259 ehtiyatda olan mayor Musayev Natiq P\u0259nah o\u011fludur. 25 noyabr onun\u00a0 59 ya\u015f\u0131 ya\u015f\u0131 tamam olur. Bu g\u00fcn m\u00fcnasib\u0259til\u0259 Avmvib r\u0259hb\u0259rliyi v\u0259 Az\u0259rbaycan V\u0259t\u0259n M\u00fcharib\u0259si Veteranlar\u0131 \u0130\u00e7timai Birliyinin s\u0259dr m\u00fcavini polkovnik Salman Musayev ehtiyatda olan mayor Musayev Natiq P\u0259nah o\u011flunu\u00a0 do\u011fum g\u00fcn\u00fc m\u00fcnasib\u0259til\u0259 s\u0259mimi q\u0259lbd\u0259n t\u0259brik edir, ona h\u0259yatda insan \u00fc\u00e7\u00fcn \u0259n \u015firin nem\u0259t olan m\u00f6hk\u0259m can sa\u011fl\u0131\u011f\u0131, ail\u0259 s\u0259adati v\u0259 h\u0259yat yollar\u0131nda bitib &#8212; t\u00fck\u0259nm\u0259y\u0259n nailiyy\u0259tl\u0259r arzulay\u0131r.<\/span><\/strong><\/p>\n\n\n\n<p><strong>\u00a0\u00a0\u00a0 Qoy ya\u015f\u0131n\u0131n \u00fcst\u0259 g\u0259l\u0259n bu ya\u015f ona sevinc dolu g\u00fcnl\u0259r b\u0259x\u015f etsin v\u0259 h\u0259r yeni g\u00fcn\u00fc is\u0259 \u00f6t\u0259n g\u00fcnl\u0259rd\u0259n daha g\u00f6z\u0259l ist\u0259kl\u0259rin\u0259 uy\u011fun onu xo\u015fb\u0259xt ed\u0259c\u0259k \u015f\u0259kild\u0259 ke\u00e7sin. Amin!<\/strong><\/p>\n\n\n\n<p>&nbsp;&nbsp;&nbsp;&nbsp;&nbsp; Musayev Natiq P\u0259nah o\u011flu 25 noyabr 1962-ci ild\u0259 Nax\u00e7\u0131van Muxtar Respublikas\u0131n\u0131n Nax\u00e7\u0131van \u015f\u0259h\u0259rind\u0259 d\u00fcnyaya g\u00f6z a\u00e7\u0131b.<\/p>\n\n\n\n<figure class=\"wp-block-gallery columns-2 is-cropped wp-block-gallery-1 is-layout-flex wp-block-gallery-is-layout-flex\"><ul class=\"blocks-gallery-grid\"><li class=\"blocks-gallery-item\"><figure><img loading=\"lazy\" decoding=\"async\" width=\"576\" height=\"1024\" src=\"https:\/\/fedai.az\/wp-content\/uploads\/2021\/11\/IMG-20211122-WA0019-576x1024.jpg\" alt=\"\" data-id=\"54736\" data-link=\"https:\/\/fedai.az\/?attachment_id=54736\" class=\"wp-image-54736\" srcset=\"https:\/\/fedai.az\/wp-content\/uploads\/2021\/11\/IMG-20211122-WA0019-576x1024.jpg 576w, https:\/\/fedai.az\/wp-content\/uploads\/2021\/11\/IMG-20211122-WA0019-169x300.jpg 169w, https:\/\/fedai.az\/wp-content\/uploads\/2021\/11\/IMG-20211122-WA0019-84x150.jpg 84w, https:\/\/fedai.az\/wp-content\/uploads\/2021\/11\/IMG-20211122-WA0019.jpg 581w\" sizes=\"auto, (max-width: 576px) 100vw, 576px\" \/><\/figure><\/li><li class=\"blocks-gallery-item\"><figure><img loading=\"lazy\" decoding=\"async\" width=\"576\" height=\"1024\" src=\"https:\/\/fedai.az\/wp-content\/uploads\/2021\/11\/IMG-20211122-WA0018-576x1024.jpg\" alt=\"\" data-id=\"54737\" data-full-url=\"https:\/\/fedai.az\/wp-content\/uploads\/2021\/11\/IMG-20211122-WA0018.jpg\" data-link=\"https:\/\/fedai.az\/?attachment_id=54737\" class=\"wp-image-54737\" srcset=\"https:\/\/fedai.az\/wp-content\/uploads\/2021\/11\/IMG-20211122-WA0018-576x1024.jpg 576w, https:\/\/fedai.az\/wp-content\/uploads\/2021\/11\/IMG-20211122-WA0018-169x300.jpg 169w, https:\/\/fedai.az\/wp-content\/uploads\/2021\/11\/IMG-20211122-WA0018-84x150.jpg 84w, https:\/\/fedai.az\/wp-content\/uploads\/2021\/11\/IMG-20211122-WA0018.jpg 581w\" sizes=\"auto, (max-width: 576px) 100vw, 576px\" \/><\/figure><\/li><\/ul><\/figure>\n\n\n\n<p>\u00a0\u00a0\u00a0\u00a0 O, 1980-ci ild\u0259 Nax\u00e7\u0131van \u015f\u0259h\u0259rind\u0259 orta m\u0259kt\u0259bi, 1988-ci ild\u0259 M.F. Axundov ad\u0131na\u00a0 Az\u0259rbaycan Pedaqoji\u00a0 Rus dili\u00a0 v\u0259 \u018fd\u0259biyyat\u0131 \u0130nstitunu,\u00a0 1999-ci ild\u0259\u00a0 is\u0259 Daxili \u0130\u015fl\u0259r Nazirliyinin Daxili Qo\u015funlar\u0131n h\u0259rbi m\u0259kt\u0259bini (zabitl\u0259rin t\u0259hkiml\u0259\u015fdirm\u0259\u00a0 kursnu) bitirib.<\/p>\n\n\n\n<p>\u00a0\u00a0\u00a0\u00a0\u00a0 Ehtiyyatda olan mayor Natiq Punhan o\u011flu Musayev T\u00fcrkiy\u0259 C\u00fcmhuriyy\u0259tinin Silahl\u0131 Q\u00fcvv\u0259l\u0259rind\u0259 ,Daxili Qo\u015funlar\u0131n Bas \u0130dar\u0259sind\u0259 v\u0259 Bin\u0259q\u0259di, X\u0259tai rayonlar\u0131nda yerl\u0259\u015f\u0259n h\u0259rbi hiss\u0259l\u0259rind\u0259 ke\u00e7iril\u0259n metodiki-t\u0259lim toplan\u0131\u015flarda, komanda-q\u0259rargah m\u0259\u015fql\u0259rind\u0259, x\u00fcsusi- taktiki t\u0259liml\u0259rd\u0259, seminar v\u0259 konfranslarda f\u0259al\u00a0 i\u015ftirak etmi\u015fdir.<\/p>\n\n\n\n<p>&nbsp;&nbsp;&nbsp; Pe\u015f\u0259karl\u0131\u011f\u0131 v\u0259 humanistliyi il\u0259, n\u0259z\u0259ri&nbsp; v\u0259 praktiki biliyi il\u0259, i\u015fg\u00fczarl\u0131\u011f\u0131 v\u0259 m\u0259n\u0259vi keyfiyy\u0259til\u0259, d\u0259qiqliyi v\u0259 t\u0259mkinliyi il\u0259, sad\u0259liyi v\u0259 s\u0259mimiyy\u0259t il\u0259&nbsp; secil\u0259n \u00f6mr\u00fcn\u00fcn&nbsp; \u0259n m\u0259hsuldar d\u00f6vr\u00fcn\u00fcn 22-ild\u0259n&nbsp; \u00e7ox \u015f\u0259r\u0259fli xidm\u0259ti yolunu h\u0259rbi xidm\u0259td\u0259 ke\u00e7irib.<\/p>\n\n\n\n<figure class=\"wp-block-image size-large is-resized\"><img loading=\"lazy\" decoding=\"async\" src=\"https:\/\/fedai.az\/wp-content\/uploads\/2021\/11\/20211124_112107.jpg\" alt=\"\" class=\"wp-image-54738\" width=\"1091\" height=\"1626\" srcset=\"https:\/\/fedai.az\/wp-content\/uploads\/2021\/11\/20211124_112107.jpg 502w, https:\/\/fedai.az\/wp-content\/uploads\/2021\/11\/20211124_112107-201x300.jpg 201w, https:\/\/fedai.az\/wp-content\/uploads\/2021\/11\/20211124_112107-101x150.jpg 101w\" sizes=\"auto, (max-width: 1091px) 100vw, 1091px\" \/><\/figure>\n\n\n\n<p>O, Daxili Qo\u015funlarda xidm\u0259t etdiyi ill\u0259r \u0259rzind\u0259 \u00f6zun\u00fc u\u015faq vaxtlar\u0131ndan, g\u00f6z\u0259l ail\u0259 v\u0259 m\u0259kt\u0259b t\u0259rbiy\u0259si il\u0259 b\u00f6y\u00fcm\u00fc\u015f, \u0259xlaq\u0131 t\u0259rbiy\u0259si yerind\u0259 olan, nizam v\u0259 intizaml\u0131 h\u0259rbi\u00e7i k\u0131m\u0131 g\u00f6st\u0259rmi\u015fdir. O i\u015fl\u0259diyi v\u0259 oxudu\u011fu\u00a0\u00a0 t\u0259hsil m\u00fc\u0259ssis\u0259l\u0259rind\u0259, ya\u015fad\u0131\u011f\u0131 \u0259razid\u0259\u00a0 kolektiv aras\u0131nda h\u0259mi\u015f\u0259 m\u00fcsb\u0259t m\u0259nada se\u00e7il\u0259r\u0259k, ba\u015fqalar\u0131 \u00fc\u00e7\u00fcn\u00a0 n\u00fcmun\u0259 olmu\u015fdur.<\/p>\n\n\n\n<p>&nbsp;&nbsp;&nbsp;&nbsp; Az\u0259rbaycan Respublikas\u0131n\u0131n&nbsp; Konstitusiyas\u0131na v\u0259 Qanunlar\u0131na \u0259m\u0259l etm\u0259kd\u0259, h\u0259rbi and\u0131n v\u0259 h\u0259rbi nizamnam\u0259l\u0259rin t\u0259l\u0259bl\u0259rinin yerin\u0259 yetirilm\u0259sind\u0259 \u00fcz\u0259rin\u0259 d\u00fcs\u0259n v\u0259zif\u0259 v\u0259 tap\u015f\u0131r\u0131qlar\u0131n\u0131n \u015f\u0259r\u0259f hissi il\u0259 yer\u0131n\u0259 yetirmi\u015fdir.<\/p>\n\n\n\n<p>&nbsp;&nbsp;&nbsp;&nbsp; Az\u0259rbaycan respublikas\u0131n\u0131nda ictimai&nbsp; qaydan\u0131n v\u0259 ictimai t\u0259hl\u00fck\u0259sizliyin qorunmasnda ,\u015f\u0259h\u0259rd\u0259 v\u0259 ya\u015fay\u0131\u015f m\u0259nt\u0259q\u0259l\u0259rind\u0259 ba\u015f vermi\u015f k\u00fctl\u0259vi ixti\u015fa\u015flar\u0131n qar\u015f\u0131s\u0131n\u0131n al\u0131nmas\u0131nda, cinay\u0259tkarl\u0131\u011fa qar\u015f\u0131 m\u00fcbariz\u0259 d\u0259, f\u00f6vqalad\u0259 v\u0259ziyy\u0259t zaman\u0131 h\u00fcquqi rejim karantin t\u0259dbirl\u0259rinin h\u0259yata ke\u00e7irilm\u0259sind\u0259, d\u00f6vl\u0259tin \u0259razi b\u00fct\u00f6vl\u00fcy\u00fcn\u00fcn t\u0259min edilm\u0259sind\u0259 \u00fcz\u0259rin\u0259 d\u00fc\u015f\u0259n&nbsp; v\u0259zif\u0259 v\u0259 tap\u015f\u0131r\u0131qlar\u0131n \u00f6hd\u0259sind\u0259n layiqinc\u0259 g\u0259lmi\u015fdir.<\/p>\n\n\n\n<p>&nbsp;&nbsp;&nbsp; Natiq Musayev qorxmaz, insanp\u0259rv\u0259r, saxav\u0259tli, \u0259lia\u00e7\u0131q v\u0259 z\u0259hm\u0259tke\u015f zabit olmu\u015fdur. O,ist\u0259r t\u0259hsil ald\u0131\u011f\u0131&nbsp; ali v\u0259 orta t\u0259hsil m\u00fc\u0259ssis\u0259l\u0259rind\u0259,&nbsp; ist\u0259rs\u0259d\u0259 xidm\u0259t etdiyi v\u0259 i\u015fl\u0259diyi kolektiv, dost- tan\u0131\u015f, qohum-\u0259qr\u0259ba&nbsp; aras\u0131nda \u00f6z\u00fcn\u0259 layiq h\u00f6rm\u0259t qazanm\u0131\u015fd\u0131r.<\/p>\n\n\n\n<figure class=\"wp-block-gallery columns-2 is-cropped wp-block-gallery-2 is-layout-flex wp-block-gallery-is-layout-flex\"><ul class=\"blocks-gallery-grid\"><li class=\"blocks-gallery-item\"><figure><img loading=\"lazy\" decoding=\"async\" width=\"706\" height=\"914\" src=\"https:\/\/fedai.az\/wp-content\/uploads\/2021\/11\/m887.jpg\" alt=\"\" data-id=\"54739\" data-link=\"https:\/\/fedai.az\/?attachment_id=54739\" class=\"wp-image-54739\" srcset=\"https:\/\/fedai.az\/wp-content\/uploads\/2021\/11\/m887.jpg 706w, https:\/\/fedai.az\/wp-content\/uploads\/2021\/11\/m887-232x300.jpg 232w, https:\/\/fedai.az\/wp-content\/uploads\/2021\/11\/m887-116x150.jpg 116w\" sizes=\"auto, (max-width: 706px) 100vw, 706px\" \/><\/figure><\/li><li class=\"blocks-gallery-item\"><figure><img loading=\"lazy\" decoding=\"async\" width=\"719\" height=\"924\" src=\"https:\/\/fedai.az\/wp-content\/uploads\/2021\/11\/mn7.jpg\" alt=\"\" data-id=\"54740\" data-full-url=\"https:\/\/fedai.az\/wp-content\/uploads\/2021\/11\/mn7.jpg\" data-link=\"https:\/\/fedai.az\/?attachment_id=54740\" class=\"wp-image-54740\" srcset=\"https:\/\/fedai.az\/wp-content\/uploads\/2021\/11\/mn7.jpg 719w, https:\/\/fedai.az\/wp-content\/uploads\/2021\/11\/mn7-233x300.jpg 233w, https:\/\/fedai.az\/wp-content\/uploads\/2021\/11\/mn7-117x150.jpg 117w\" sizes=\"auto, (max-width: 719px) 100vw, 719px\" \/><\/figure><\/li><\/ul><\/figure>\n\n\n\n<p>&nbsp;&nbsp;&nbsp; H\u0259rbi xidm\u0259ti v\u0259zif\u0259l\u0259rinin icras\u0131 zaman\u0131 y\u00fcks\u0259k m\u0259n\u0259vi- d\u00f6y\u00fc\u015f keyfiyy\u0259tl\u0259ri g\u00f6st\u0259rdiyin\u0259 g\u00f6r\u0259, d\u00f6y\u00fc\u015f v\u0259 ictimai s\u0131yas\u0131 haz\u0131rl\u0131\u011f\u0131nda, h\u0259rbi intizam\u0131n m\u00f6hk\u0259ml\u0259ndirilm\u0259sind\u0259 y\u00fcks\u0259k g\u00f6st\u0259ricil\u0259r\u0259 nail oldu\u011funa, n\u00fcmun\u0259vi xidm\u0259tin\u0259 el\u0259c\u0259d\u0259 h\u0259rbi v\u0259zif\u0259l\u0259rinin yerin\u0259 yetirilm\u0259sin\u0259 m\u0259suliyy\u0259tl\u0259 yana\u015fd\u0131\u011f\u0131na g\u00f6r\u0259 Daxili \u0130\u015fl\u0259r Nazirinin, Daxili Qo\u015funlar Komandan\u0131n v\u0259 onun m\u00fcavinl\u0259rinin, Nax\u00e7\u0131van Muxtar Respublikas\u0131n\u0131n&nbsp; Daxili \u0130\u015fl\u0259r Nazirinin, h\u0259rbi hiss\u0259 komandirinin v\u0259 onun m\u00fcavininl\u0259rnin m\u00fcvafiq \u0259mrl\u0259ri il\u0259&nbsp; Daxil Qo\u015funlarda \u018fla xidm\u0259tl\u0259r\u0259 g\u00f6r\u0259 d\u00f6\u015f v\u0259 yubiley ni\u015fanlar\u0131 il\u0259, pul m\u00fckafatlar\u0131 il\u0259, f\u0259xri f\u0259rmanlarla, qiym\u0259tli h\u0259diyy\u0259l\u0259rl\u0259 m\u00fckafatland\u0131rl\u0131b v\u0259 ona t\u0259\u015f\u0259kk\u00fcr elan edilib.<\/p>\n\n\n\n<p>&nbsp;&nbsp;&nbsp;&nbsp; Xidm\u0259td\u0259 f\u0259riql\u0259ndiyin\u0259 g\u00f6r\u0259 Az\u0259rbaycan Respublikas\u0131n\u0131n Prezidenti ad\u0131ndan Daxili \u0130\u015fl\u0259r Nazirinin m\u00fcvaiq \u0259mrl\u0259ri&nbsp; &#171;Q\u00fcsursuz xidm\u0259tl\u0259r\u0259 g\u00f6r\u0259 &#187; 1-ci, 2-ci v\u0259 3-c\u00fc d\u0259r\u0259c\u0259li, &#171;Silahl\u0131 Q\u00fcvv\u0259l\u0259rin yaranmas\u0131n\u0131n&#187; is\u0259&nbsp; 10 -illiyi v\u0259 90-iliyi yubiley&nbsp; medalar\u0131 il\u0259 t\u0259ltif edilib.<\/p>\n\n\n\n<p><strong>DO\u011eUM G\u00dcN\u00dcN M\u00dcBAR\u018fK OLSUN<\/strong>, <strong>NAT\u0130Q B\u018fY!<\/strong><\/p>\n\n\n\n<p><strong>B\u00dcT\u00dcN ARZULARIN \u00c7\u0130N OLSUN!<\/strong><\/p>\n\n\n\n<p><strong>H\u018fM\u0130\u015e\u018f \u00dcZ\u00dcN G\u00dcLS\u00dcN, \u00dcR\u018fY\u0130N SEV\u0130NS\u0130N!<\/strong><\/p>\n\n\n\n<p><strong>D\u0259rin h\u00f6rm\u0259tl\u0259, Az\u0259rbaycan V\u0259t\u0259n M\u00fcharib\u0259si Veteranlar\u0131 \u0130ctimai Birliyinin<\/strong> <strong>s\u0259dr m\u00fcavini polkovnik Salman Musayev<\/strong><\/p>\n\n\n\n<figure class=\"wp-block-gallery columns-2 is-cropped wp-block-gallery-3 is-layout-flex wp-block-gallery-is-layout-flex\"><ul class=\"blocks-gallery-grid\"><li class=\"blocks-gallery-item\"><figure><img loading=\"lazy\" decoding=\"async\" width=\"350\" height=\"491\" src=\"https:\/\/fedai.az\/wp-content\/uploads\/2021\/11\/20211124_112203.jpg\" alt=\"\" data-id=\"54741\" data-link=\"https:\/\/fedai.az\/?attachment_id=54741\" class=\"wp-image-54741\" srcset=\"https:\/\/fedai.az\/wp-content\/uploads\/2021\/11\/20211124_112203.jpg 350w, https:\/\/fedai.az\/wp-content\/uploads\/2021\/11\/20211124_112203-214x300.jpg 214w, https:\/\/fedai.az\/wp-content\/uploads\/2021\/11\/20211124_112203-107x150.jpg 107w\" sizes=\"auto, (max-width: 350px) 100vw, 350px\" \/><\/figure><\/li><li class=\"blocks-gallery-item\"><figure><img loading=\"lazy\" decoding=\"async\" width=\"600\" height=\"600\" src=\"https:\/\/fedai.az\/wp-content\/uploads\/2021\/11\/8265a327389da9fe4fdc2714b309120e-1-1.jpg\" alt=\"\" data-id=\"54742\" data-full-url=\"https:\/\/fedai.az\/wp-content\/uploads\/2021\/11\/8265a327389da9fe4fdc2714b309120e-1-1.jpg\" data-link=\"https:\/\/fedai.az\/?attachment_id=54742\" class=\"wp-image-54742\" srcset=\"https:\/\/fedai.az\/wp-content\/uploads\/2021\/11\/8265a327389da9fe4fdc2714b309120e-1-1.jpg 600w, https:\/\/fedai.az\/wp-content\/uploads\/2021\/11\/8265a327389da9fe4fdc2714b309120e-1-1-300x300.jpg 300w, https:\/\/fedai.az\/wp-content\/uploads\/2021\/11\/8265a327389da9fe4fdc2714b309120e-1-1-150x150.jpg 150w, https:\/\/fedai.az\/wp-content\/uploads\/2021\/11\/8265a327389da9fe4fdc2714b309120e-1-1-215x215.jpg 215w\" sizes=\"auto, (max-width: 600px) 100vw, 600px\" \/><\/figure><\/li><\/ul><\/figure>\n","protected":false},"excerpt":{"rendered":"<p>\u00a0\u00a0\u00a0 \u0130nsan \u00fc\u00e7\u00fcn \u0259n yadda qalan g\u00fcnl\u0259rd\u0259n biri d\u0259 onun do\u011fum g\u00fcn\u00fcd\u00fcr. Ya\u015f\u0131n \u00fcst\u0259 g\u0259l\u0259n bu ya\u015f qaland\u0131qca insan daha da kamill\u0259\u015fir. Bel\u0259 insanlardan<\/p>\n","protected":false},"author":2,"featured_media":54743,"comment_status":"closed","ping_status":"closed","sticky":false,"template":"","format":"standard","meta":{"footnotes":""},"categories":[5],"tags":[],"class_list":["post-54735","post","type-post","status-publish","format-standard","has-post-thumbnail","hentry","category-veteran"],"aioseo_notices":[],"_links":{"self":[{"href":"https:\/\/fedai.az\/index.php?rest_route=\/wp\/v2\/posts\/54735","targetHints":{"allow":["GET"]}}],"collection":[{"href":"https:\/\/fedai.az\/index.php?rest_route=\/wp\/v2\/posts"}],"about":[{"href":"https:\/\/fedai.az\/index.php?rest_route=\/wp\/v2\/types\/post"}],"author":[{"embeddable":true,"href":"https:\/\/fedai.az\/index.php?rest_route=\/wp\/v2\/users\/2"}],"replies":[{"embeddable":true,"href":"https:\/\/fedai.az\/index.php?rest_route=%2Fwp%2Fv2%2Fcomments&post=54735"}],"version-history":[{"count":2,"href":"https:\/\/fedai.az\/index.php?rest_route=\/wp\/v2\/posts\/54735\/revisions"}],"predecessor-version":[{"id":54746,"href":"https:\/\/fedai.az\/index.php?rest_route=\/wp\/v2\/posts\/54735\/revisions\/54746"}],"wp:featuredmedia":[{"embeddable":true,"href":"https:\/\/fedai.az\/index.php?rest_route=\/wp\/v2\/media\/54743"}],"wp:attachment":[{"href":"https:\/\/fedai.az\/index.php?rest_route=%2Fwp%2Fv2%2Fmedia&parent=54735"}],"wp:term":[{"taxonomy":"category","embeddable":true,"href":"https:\/\/fedai.az\/index.php?rest_route=%2Fwp%2Fv2%2Fcategories&post=54735"},{"taxonomy":"post_tag","embeddable":true,"href":"https:\/\/fedai.az\/index.php?rest_route=%2Fwp%2Fv2%2Ftags&post=54735"}],"curies":[{"name":"wp","href":"https:\/\/api.w.org\/{rel}","templated":true}]}}