{"id":54763,"date":"2021-11-25T11:17:00","date_gmt":"2021-11-25T07:17:00","guid":{"rendered":"https:\/\/fedai.az\/?p=54763"},"modified":"2021-11-25T11:19:41","modified_gmt":"2021-11-25T07:19:41","slug":"54763","status":"publish","type":"post","link":"https:\/\/fedai.az\/?p=54763","title":{"rendered":"AVMV\u0130B Balak\u0259n rayon \u015f\u00f6b\u0259sind\u0259"},"content":{"rendered":"\n<p><strong>Az\u0259rbaycan V\u0259t\u0259n M\u00fcharib\u0259si Veteranlar\u0131 \u0130ctimai Birliyi (AVMV\u0130B) Balak\u0259n rayon \u015f\u00f6b\u0259sinin s\u0259dri Ayd\u0131n Abdullayev \u015f\u00f6b\u0259nin f\u0259al \u00fczvl\u0259rini t\u0259ltif edib v\u0259 onlara AVMV\u0130B-nin t\u0259sis etdiyi Xatir\u0259 medal\u0131n\u0131 t\u0259qdim edib.<\/strong><\/p>\n\n\n\n<p>Az\u0259rbaycan V\u0259t\u0259n M\u00fcharib\u0259si Veteranlar\u0131 \u0130ctimai Birliyi (AVMV\u0130B) Balak\u0259n rayon \u015f\u00f6b\u0259sinin \u00fczvl\u0259ri Araz Qaraki\u015fi o\u011flu Ziyadov v\u0259 Heybulla \u015e\u0259fi o\u011flu Qalay\u00e7iyev t\u0259ltif olunublar.<\/p>\n\n\n\n<p>Az\u0259rbaycan V\u0259t\u0259n M\u00fcharib\u0259si Veteranlar\u0131 \u0130ctimai Birliyi (AVMV\u0130B) Balak\u0259n rayon \u015f\u00f6b\u0259sinin s\u0259dri Ayd\u0131n Abdullayev, ictimai f\u0259allar\u0131m\u0131z olan m\u00fcharib\u0259 veteranlar\u0131n\u0131n t\u0259ltifini davam etdir\u0259c\u0259kl\u0259rini bildirib.<\/p>\n\n\n\n<p>T\u0259brik edirik!<\/p>\n\n\n\n<p><strong>Nurlan M\u0259mm\u0259dli<\/strong><\/p>\n\n\n\n<figure class=\"wp-block-image size-large is-resized\"><img loading=\"lazy\" decoding=\"async\" src=\"https:\/\/fedai.az\/wp-content\/uploads\/2021\/11\/260902728_129125946196118_4419425647376044885_n-461x1024.jpg\" alt=\"\" class=\"wp-image-54764\" width=\"920\" height=\"2045\" srcset=\"https:\/\/fedai.az\/wp-content\/uploads\/2021\/11\/260902728_129125946196118_4419425647376044885_n-461x1024.jpg 461w, https:\/\/fedai.az\/wp-content\/uploads\/2021\/11\/260902728_129125946196118_4419425647376044885_n-135x300.jpg 135w, https:\/\/fedai.az\/wp-content\/uploads\/2021\/11\/260902728_129125946196118_4419425647376044885_n-67x150.jpg 67w, https:\/\/fedai.az\/wp-content\/uploads\/2021\/11\/260902728_129125946196118_4419425647376044885_n.jpg 526w\" sizes=\"auto, (max-width: 920px) 100vw, 920px\" \/><\/figure>\n\n\n\n<figure class=\"wp-block-image size-large is-resized\"><img loading=\"lazy\" decoding=\"async\" src=\"https:\/\/fedai.az\/wp-content\/uploads\/2021\/11\/259722275_129125919529454_8617709558172887995_n-461x1024.jpg\" alt=\"\" class=\"wp-image-54765\" width=\"912\" height=\"2027\" srcset=\"https:\/\/fedai.az\/wp-content\/uploads\/2021\/11\/259722275_129125919529454_8617709558172887995_n-461x1024.jpg 461w, https:\/\/fedai.az\/wp-content\/uploads\/2021\/11\/259722275_129125919529454_8617709558172887995_n-135x300.jpg 135w, https:\/\/fedai.az\/wp-content\/uploads\/2021\/11\/259722275_129125919529454_8617709558172887995_n-67x150.jpg 67w, https:\/\/fedai.az\/wp-content\/uploads\/2021\/11\/259722275_129125919529454_8617709558172887995_n.jpg 526w\" sizes=\"auto, (max-width: 912px) 100vw, 912px\" \/><\/figure>\n","protected":false},"excerpt":{"rendered":"<p>Az\u0259rbaycan V\u0259t\u0259n M\u00fcharib\u0259si Veteranlar\u0131 \u0130ctimai Birliyi (AVMV\u0130B) Balak\u0259n rayon \u015f\u00f6b\u0259sinin s\u0259dri Ayd\u0131n Abdullayev \u015f\u00f6b\u0259nin f\u0259al \u00fczvl\u0259rini t\u0259ltif edib v\u0259 onlara AVMV\u0130B-nin t\u0259sis etdiyi Xatir\u0259<\/p>\n","protected":false},"author":2,"featured_media":54766,"comment_status":"closed","ping_status":"closed","sticky":false,"template":"","format":"standard","meta":{"footnotes":""},"categories":[5],"tags":[],"class_list":["post-54763","post","type-post","status-publish","format-standard","has-post-thumbnail","hentry","category-veteran"],"aioseo_notices":[],"_links":{"self":[{"href":"https:\/\/fedai.az\/index.php?rest_route=\/wp\/v2\/posts\/54763","targetHints":{"allow":["GET"]}}],"collection":[{"href":"https:\/\/fedai.az\/index.php?rest_route=\/wp\/v2\/posts"}],"about":[{"href":"https:\/\/fedai.az\/index.php?rest_route=\/wp\/v2\/types\/post"}],"author":[{"embeddable":true,"href":"https:\/\/fedai.az\/index.php?rest_route=\/wp\/v2\/users\/2"}],"replies":[{"embeddable":true,"href":"https:\/\/fedai.az\/index.php?rest_route=%2Fwp%2Fv2%2Fcomments&post=54763"}],"version-history":[{"count":2,"href":"https:\/\/fedai.az\/index.php?rest_route=\/wp\/v2\/posts\/54763\/revisions"}],"predecessor-version":[{"id":54768,"href":"https:\/\/fedai.az\/index.php?rest_route=\/wp\/v2\/posts\/54763\/revisions\/54768"}],"wp:featuredmedia":[{"embeddable":true,"href":"https:\/\/fedai.az\/index.php?rest_route=\/wp\/v2\/media\/54766"}],"wp:attachment":[{"href":"https:\/\/fedai.az\/index.php?rest_route=%2Fwp%2Fv2%2Fmedia&parent=54763"}],"wp:term":[{"taxonomy":"category","embeddable":true,"href":"https:\/\/fedai.az\/index.php?rest_route=%2Fwp%2Fv2%2Fcategories&post=54763"},{"taxonomy":"post_tag","embeddable":true,"href":"https:\/\/fedai.az\/index.php?rest_route=%2Fwp%2Fv2%2Ftags&post=54763"}],"curies":[{"name":"wp","href":"https:\/\/api.w.org\/{rel}","templated":true}]}}