{"id":54772,"date":"2021-11-25T11:32:52","date_gmt":"2021-11-25T07:32:52","guid":{"rendered":"https:\/\/fedai.az\/?p=54772"},"modified":"2021-11-25T11:33:22","modified_gmt":"2021-11-25T07:33:22","slug":"bu-gun-turkiy%c9%99nin-milli-t%c9%99hluk%c9%99sizlik-surasinda-qarabag-muzakir%c9%99-olunacaq","status":"publish","type":"post","link":"https:\/\/fedai.az\/?p=54772","title":{"rendered":"Bu g\u00fcn T\u00fcrkiy\u0259nin Milli T\u0259hl\u00fck\u0259sizlik \u015euras\u0131nda QARABA\u011e M\u00dcZAK\u0130R\u018f OLUNACAQ"},"content":{"rendered":"\n<p><strong>Bu g\u00fcn T\u00fcrkiy\u0259 Prezidenti R\u0259c\u0259b Tayyib \u018frdo\u011fan\u0131n s\u0259drliyi il\u0259 Milli T\u0259hl\u00fck\u0259sizlik \u015euras\u0131n\u0131n iclas\u0131 ke\u00e7iril\u0259c\u0259k.<\/strong><\/p>\n\n\n\n<p>&#171;TRT Haber&#187; x\u0259b\u0259r verir ki, toplant\u0131da \u00f6lk\u0259 daxilind\u0259 v\u0259 xaricd\u0259 terror\u00e7uluqla m\u00fcbariz\u0259 sah\u0259sind\u0259 at\u0131lan add\u0131mlar v\u0259 bu sah\u0259d\u0259ki m\u00f6vcud durum m\u00fczakir\u0259 olunacaq.<\/p>\n\n\n\n<p>\u0130clasda h\u0259m\u00e7inin Qaraba\u011f, Aral\u0131q d\u0259nizi, \u018ffqan\u0131stan, Suriyadak\u0131 son v\u0259ziyy\u0259t n\u0259z\u0259rd\u0259n ke\u00e7iril\u0259c\u0259k<\/p>\n","protected":false},"excerpt":{"rendered":"<p>Bu g\u00fcn T\u00fcrkiy\u0259 Prezidenti R\u0259c\u0259b Tayyib \u018frdo\u011fan\u0131n s\u0259drliyi il\u0259 Milli T\u0259hl\u00fck\u0259sizlik \u015euras\u0131n\u0131n iclas\u0131 ke\u00e7iril\u0259c\u0259k. &#171;TRT Haber&#187; x\u0259b\u0259r verir ki, toplant\u0131da \u00f6lk\u0259 daxilind\u0259 v\u0259 xaricd\u0259<\/p>\n","protected":false},"author":2,"featured_media":54773,"comment_status":"closed","ping_status":"closed","sticky":false,"template":"","format":"standard","meta":{"footnotes":""},"categories":[3],"tags":[],"class_list":["post-54772","post","type-post","status-publish","format-standard","has-post-thumbnail","hentry","category-gundm"],"aioseo_notices":[],"_links":{"self":[{"href":"https:\/\/fedai.az\/index.php?rest_route=\/wp\/v2\/posts\/54772","targetHints":{"allow":["GET"]}}],"collection":[{"href":"https:\/\/fedai.az\/index.php?rest_route=\/wp\/v2\/posts"}],"about":[{"href":"https:\/\/fedai.az\/index.php?rest_route=\/wp\/v2\/types\/post"}],"author":[{"embeddable":true,"href":"https:\/\/fedai.az\/index.php?rest_route=\/wp\/v2\/users\/2"}],"replies":[{"embeddable":true,"href":"https:\/\/fedai.az\/index.php?rest_route=%2Fwp%2Fv2%2Fcomments&post=54772"}],"version-history":[{"count":1,"href":"https:\/\/fedai.az\/index.php?rest_route=\/wp\/v2\/posts\/54772\/revisions"}],"predecessor-version":[{"id":54774,"href":"https:\/\/fedai.az\/index.php?rest_route=\/wp\/v2\/posts\/54772\/revisions\/54774"}],"wp:featuredmedia":[{"embeddable":true,"href":"https:\/\/fedai.az\/index.php?rest_route=\/wp\/v2\/media\/54773"}],"wp:attachment":[{"href":"https:\/\/fedai.az\/index.php?rest_route=%2Fwp%2Fv2%2Fmedia&parent=54772"}],"wp:term":[{"taxonomy":"category","embeddable":true,"href":"https:\/\/fedai.az\/index.php?rest_route=%2Fwp%2Fv2%2Fcategories&post=54772"},{"taxonomy":"post_tag","embeddable":true,"href":"https:\/\/fedai.az\/index.php?rest_route=%2Fwp%2Fv2%2Ftags&post=54772"}],"curies":[{"name":"wp","href":"https:\/\/api.w.org\/{rel}","templated":true}]}}