{"id":54784,"date":"2021-11-26T00:05:43","date_gmt":"2021-11-25T20:05:43","guid":{"rendered":"https:\/\/fedai.az\/?p=54784"},"modified":"2021-11-26T00:05:48","modified_gmt":"2021-11-25T20:05:48","slug":"ilham-%c9%99liyev-rusiya-federasiyasinin-elml%c9%99r-akademiyasinin-prezidentinin-basciliq-etdiyi-numay%c9%99nd%c9%99-hey%c9%99tini-q%c9%99bul-edib","status":"publish","type":"post","link":"https:\/\/fedai.az\/?p=54784","title":{"rendered":"\u0130lham \u018fliyev Rusiya Federasiyas\u0131n\u0131n Elml\u0259r Akademiyas\u0131n\u0131n prezidentinin ba\u015f\u00e7\u0131l\u0131q etdiyi n\u00fcmay\u0259nd\u0259 hey\u0259tini q\u0259bul edib"},"content":{"rendered":"\n<p><strong>Az\u0259rbaycan Respublikas\u0131n\u0131n Prezidenti \u0130lham \u018fliyev noyabr\u0131n 25-d\u0259 Rusiya Federasiyas\u0131n\u0131n Elml\u0259r Akademiyas\u0131n\u0131n prezidenti Aleksandr Sergeyevin ba\u015f\u00e7\u0131l\u0131q etdiyi n\u00fcmay\u0259nd\u0259 hey\u0259tini q\u0259bul edib.<\/strong><\/p>\n\n\n\n<p>G\u00f6r\u00fc\u015fd\u0259 Az\u0259rbaycanla Rusiya Federasiyas\u0131 aras\u0131nda ikit\u0259r\u0259fli m\u00fcnasib\u0259tl\u0259rin m\u00fcxt\u0259lif sah\u0259l\u0259rd\u0259 u\u011furla inki\u015faf etdiyi qeyd olundu v\u0259 \u0259laq\u0259l\u0259rimizin inki\u015faf\u0131nda humanitar sferada, o c\u00fcml\u0259d\u0259n elmi sah\u0259d\u0259 \u0259m\u0259kda\u015fl\u0131\u011f\u0131n rolu vur\u011fuland\u0131. Bu sah\u0259d\u0259 \u0259m\u0259kda\u015fl\u0131\u011f\u0131m\u0131z\u0131n z\u0259ngin tarix\u0259 malik oldu\u011fu bildirildi v\u0259 m\u00fcasir d\u00f6vrd\u0259 bu \u0259m\u0259kda\u015fl\u0131\u011f\u0131n daha da m\u00f6hk\u0259ml\u0259ndirilm\u0259sinin \u00f6n\u0259min\u0259 toxunuldu. Rusiya Federasiyas\u0131n\u0131n Elml\u0259r Akademiyas\u0131n\u0131n prezidenti Aleksandr Sergeyevin s\u0259f\u0259rinin elmi \u0259m\u0259kda\u015fl\u0131q sah\u0259sind\u0259 \u0259laq\u0259l\u0259rin perspektivl\u0259rinin m\u00fczakir\u0259sin\u0259 v\u0259 daha da geni\u015fl\u0259ndirilm\u0259sin\u0259 t\u00f6hf\u0259 ver\u0259c\u0259yi qeyd edildi.<\/p>\n\n\n\n<p>Aleksandr Sergeyev Rusiya Federasiyas\u0131n\u0131n Elml\u0259r Akademiyas\u0131n\u0131n xatir\u0259 medal\u0131n\u0131 Prezident \u0130lham \u018fliyev\u0259 t\u0259qdim etdi.<\/p>\n\n\n\n<figure class=\"wp-block-image\"><img decoding=\"async\" src=\"https:\/\/static.president.az\/media\/W1siZiIsIjIwMjEvMTEvMjUvOHduZm1uYTB0c18wMDIuanBnIl0sWyJwIiwidGh1bWIiLCIxMzQweDEwMjAiXV0?sha=e376e560c800ebe9\" alt=\"\"\/><\/figure>\n\n\n\n<p><\/p>\n","protected":false},"excerpt":{"rendered":"<p>Az\u0259rbaycan Respublikas\u0131n\u0131n Prezidenti \u0130lham \u018fliyev noyabr\u0131n 25-d\u0259 Rusiya Federasiyas\u0131n\u0131n Elml\u0259r Akademiyas\u0131n\u0131n prezidenti Aleksandr Sergeyevin ba\u015f\u00e7\u0131l\u0131q etdiyi n\u00fcmay\u0259nd\u0259 hey\u0259tini q\u0259bul edib. G\u00f6r\u00fc\u015fd\u0259 Az\u0259rbaycanla Rusiya Federasiyas\u0131<\/p>\n","protected":false},"author":2,"featured_media":54785,"comment_status":"closed","ping_status":"closed","sticky":false,"template":"","format":"standard","meta":{"footnotes":""},"categories":[3],"tags":[],"class_list":["post-54784","post","type-post","status-publish","format-standard","has-post-thumbnail","hentry","category-gundm"],"aioseo_notices":[],"_links":{"self":[{"href":"https:\/\/fedai.az\/index.php?rest_route=\/wp\/v2\/posts\/54784","targetHints":{"allow":["GET"]}}],"collection":[{"href":"https:\/\/fedai.az\/index.php?rest_route=\/wp\/v2\/posts"}],"about":[{"href":"https:\/\/fedai.az\/index.php?rest_route=\/wp\/v2\/types\/post"}],"author":[{"embeddable":true,"href":"https:\/\/fedai.az\/index.php?rest_route=\/wp\/v2\/users\/2"}],"replies":[{"embeddable":true,"href":"https:\/\/fedai.az\/index.php?rest_route=%2Fwp%2Fv2%2Fcomments&post=54784"}],"version-history":[{"count":1,"href":"https:\/\/fedai.az\/index.php?rest_route=\/wp\/v2\/posts\/54784\/revisions"}],"predecessor-version":[{"id":54786,"href":"https:\/\/fedai.az\/index.php?rest_route=\/wp\/v2\/posts\/54784\/revisions\/54786"}],"wp:featuredmedia":[{"embeddable":true,"href":"https:\/\/fedai.az\/index.php?rest_route=\/wp\/v2\/media\/54785"}],"wp:attachment":[{"href":"https:\/\/fedai.az\/index.php?rest_route=%2Fwp%2Fv2%2Fmedia&parent=54784"}],"wp:term":[{"taxonomy":"category","embeddable":true,"href":"https:\/\/fedai.az\/index.php?rest_route=%2Fwp%2Fv2%2Fcategories&post=54784"},{"taxonomy":"post_tag","embeddable":true,"href":"https:\/\/fedai.az\/index.php?rest_route=%2Fwp%2Fv2%2Ftags&post=54784"}],"curies":[{"name":"wp","href":"https:\/\/api.w.org\/{rel}","templated":true}]}}