{"id":54796,"date":"2021-11-26T00:35:48","date_gmt":"2021-11-25T20:35:48","guid":{"rendered":"https:\/\/fedai.az\/?p=54796"},"modified":"2021-11-26T00:35:52","modified_gmt":"2021-11-25T20:35:52","slug":"turkiy%c9%99nin-t%c9%99hluk%c9%99sizlik-surasindan-erm%c9%99nistanla-bagli-b%c9%99yanat","status":"publish","type":"post","link":"https:\/\/fedai.az\/?p=54796","title":{"rendered":"T\u00fcrkiy\u0259nin T\u0259hl\u00fck\u0259sizlik \u015euras\u0131ndan Erm\u0259nistanla ba\u011fl\u0131 b\u0259yanat"},"content":{"rendered":"\n<p><strong>Erm\u0259nistan\u0131n ona uzad\u0131lan s\u00fclh \u0259lini f\u00fcrs\u0259t hesab etm\u0259si, at\u0259\u015fk\u0259s rejimin\u0259 tam \u0259m\u0259l etm\u0259si v\u0259 \u0259m\u0259kda\u015fl\u0131q etm\u0259si vacibdir.<\/strong><\/p>\n\n\n\n<p>Bu bar\u0259d\u0259 T\u00fcrkiy\u0259 Prezidenti R\u0259c\u0259b Tayyib \u018frdo\u011fan\u0131n s\u0259drliyi il\u0259 ke\u00e7iril\u0259n Milli T\u0259hl\u00fck\u0259sizlik \u015euras\u0131n\u0131n iclas\u0131n\u0131n yekun a\u00e7\u0131qlamas\u0131nda deyilir.\u00a0\u0130clasda qeyd edilib: &#171;Biz qon\u015fular\u0131m\u0131z aras\u0131nda m\u00fcbahis\u0259l\u0259rin s\u00fclh yolu il\u0259, beyn\u0259lxalq h\u00fcquq normalar\u0131 v\u0259 \u00f6lk\u0259l\u0259rin \u0259razi b\u00fct\u00f6vl\u00fcy\u00fcn\u0259 h\u00f6rm\u0259t \u00e7\u0259r\u00e7iv\u0259sind\u0259 h\u0259llinin t\u0259r\u0259fdar\u0131y\u0131q&#187;.<\/p>\n\n\n\n<p><br>Qeyd ed\u0259k ki, 3 saatad\u0259k davam ed\u0259n Milli T\u0259hl\u00fck\u0259sizlik \u015euras\u0131n\u0131n iclas\u0131nda C\u0259nubi Qafqazla yana\u015f\u0131, Balkan \u00f6lk\u0259l\u0259ri, Egey, Qara d\u0259niz, Aral\u0131q d\u0259nizi, Yunan\u0131stan v\u0259 Suriyadak\u0131 son v\u0259ziyy\u0259tl\u0259 ba\u011fl\u0131 m\u0259s\u0259l\u0259l\u0259r m\u00fczakir\u0259 edilib.<\/p>\n","protected":false},"excerpt":{"rendered":"<p>Erm\u0259nistan\u0131n ona uzad\u0131lan s\u00fclh \u0259lini f\u00fcrs\u0259t hesab etm\u0259si, at\u0259\u015fk\u0259s rejimin\u0259 tam \u0259m\u0259l etm\u0259si v\u0259 \u0259m\u0259kda\u015fl\u0131q etm\u0259si vacibdir. Bu bar\u0259d\u0259 T\u00fcrkiy\u0259 Prezidenti R\u0259c\u0259b Tayyib \u018frdo\u011fan\u0131n<\/p>\n","protected":false},"author":2,"featured_media":54773,"comment_status":"closed","ping_status":"closed","sticky":false,"template":"","format":"standard","meta":{"footnotes":""},"categories":[3],"tags":[],"class_list":["post-54796","post","type-post","status-publish","format-standard","has-post-thumbnail","hentry","category-gundm"],"aioseo_notices":[],"_links":{"self":[{"href":"https:\/\/fedai.az\/index.php?rest_route=\/wp\/v2\/posts\/54796","targetHints":{"allow":["GET"]}}],"collection":[{"href":"https:\/\/fedai.az\/index.php?rest_route=\/wp\/v2\/posts"}],"about":[{"href":"https:\/\/fedai.az\/index.php?rest_route=\/wp\/v2\/types\/post"}],"author":[{"embeddable":true,"href":"https:\/\/fedai.az\/index.php?rest_route=\/wp\/v2\/users\/2"}],"replies":[{"embeddable":true,"href":"https:\/\/fedai.az\/index.php?rest_route=%2Fwp%2Fv2%2Fcomments&post=54796"}],"version-history":[{"count":1,"href":"https:\/\/fedai.az\/index.php?rest_route=\/wp\/v2\/posts\/54796\/revisions"}],"predecessor-version":[{"id":54797,"href":"https:\/\/fedai.az\/index.php?rest_route=\/wp\/v2\/posts\/54796\/revisions\/54797"}],"wp:featuredmedia":[{"embeddable":true,"href":"https:\/\/fedai.az\/index.php?rest_route=\/wp\/v2\/media\/54773"}],"wp:attachment":[{"href":"https:\/\/fedai.az\/index.php?rest_route=%2Fwp%2Fv2%2Fmedia&parent=54796"}],"wp:term":[{"taxonomy":"category","embeddable":true,"href":"https:\/\/fedai.az\/index.php?rest_route=%2Fwp%2Fv2%2Fcategories&post=54796"},{"taxonomy":"post_tag","embeddable":true,"href":"https:\/\/fedai.az\/index.php?rest_route=%2Fwp%2Fv2%2Ftags&post=54796"}],"curies":[{"name":"wp","href":"https:\/\/api.w.org\/{rel}","templated":true}]}}