{"id":54798,"date":"2021-11-26T00:39:31","date_gmt":"2021-11-25T20:39:31","guid":{"rendered":"https:\/\/fedai.az\/?p=54798"},"modified":"2021-11-26T00:39:34","modified_gmt":"2021-11-25T20:39:34","slug":"bu-tarixd%c9%99n-%c9%99lillikl%c9%99-bagli-pensiyalar-artimla-veril%c9%99c%c9%99k","status":"publish","type":"post","link":"https:\/\/fedai.az\/?p=54798","title":{"rendered":"Bu tarixd\u0259n \u0259lillikl\u0259 ba\u011fl\u0131 pensiyalar art\u0131mla veril\u0259c\u0259k"},"content":{"rendered":"\n<p><strong>Yanvar\u0131n 1-d\u0259n art\u0131q \u0259lillikl\u0259 ba\u011fl\u0131 pensiyalar\u0131n art\u0131m\u0131 icra olunacaq. \u00dcmumiyy\u0259tl\u0259 is\u0259 2 200-d\u0259n art\u0131q v\u0259t\u0259n m\u00fcharib\u0259si qazisin\u0259 pensiya t\u0259yin edilib v\u0259 bu i\u015f davam etdirilir. <\/strong><\/p>\n\n\n\n<p>Bunu \u0259m\u0259k v\u0259 \u0259halinin sosial m\u00fcdafi\u0259si nazirinin m\u00fcavini Hiday\u0259t Abdullayev paytaxtda ke\u00e7iril\u0259n Z\u0259f\u0259r avtoy\u00fcr\u00fc\u015f\u00fc zaman\u0131 jurnalistl\u0259r\u0259 a\u00e7\u0131qlamas\u0131nda deyib. O qeyd edib ki, m\u00fcharib\u0259 \u0259lill\u0259rinin v\u0259 \u015f\u0259hid ail\u0259l\u0259rinin m\u00fcdafi\u0259si h\u0259r zaman d\u00f6vl\u0259tin sosial siyas\u0259tinin m\u0259rk\u0259zind\u0259 olub.\u00a0<\/p>\n\n\n\n<p>H.Abdullayev h\u0259m\u00e7inin qeyd edib ki, v\u0259t\u0259nda\u015flara g\u00f6st\u0259ril\u0259n sosial xidm\u0259tl\u0259rin bir sah\u0259si d\u0259 onlar\u0131n m\u0259nzil \u015f\u0259raitinin yax\u015f\u0131la\u015fd\u0131r\u0131lmas\u0131d\u0131r. Bu il 3 min qazi v\u0259 \u015f\u0259hid ail\u0259si f\u0259rdi ev v\u0259 m\u0259nzill\u0259rl\u0259 t\u0259min olunacaq.<\/p>\n\n\n\n<p> &#171;Art\u0131q bu il 2 min\u0259 yax\u0131n m\u0259nzil h\u0259min kateqoriyadan olan v\u0259t\u0259nda\u015flar\u0131m\u0131za t\u0259qdim edilib. Bundan \u0259lav\u0259 \u0259sas sosial d\u0259st\u0259k layih\u0259l\u0259rinin biri d\u0259 \u00f6z\u00fcn\u00fcm\u0259\u015f\u011fulluqdur. Bu il \u0259rzind\u0259 5 500-\u0259 yax\u0131n qazi v\u0259 \u015f\u0259hid ail\u0259l\u0259ri \u00f6z\u00fcn\u00fcm\u0259\u015f\u011fulluq proqram\u0131na c\u0259lb edilib&#187;, &#8212; dey\u0259 o bildirib.<\/p>\n","protected":false},"excerpt":{"rendered":"<p>Yanvar\u0131n 1-d\u0259n art\u0131q \u0259lillikl\u0259 ba\u011fl\u0131 pensiyalar\u0131n art\u0131m\u0131 icra olunacaq. \u00dcmumiyy\u0259tl\u0259 is\u0259 2 200-d\u0259n art\u0131q v\u0259t\u0259n m\u00fcharib\u0259si qazisin\u0259 pensiya t\u0259yin edilib v\u0259 bu i\u015f davam<\/p>\n","protected":false},"author":2,"featured_media":54799,"comment_status":"closed","ping_status":"closed","sticky":false,"template":"","format":"standard","meta":{"footnotes":""},"categories":[12],"tags":[],"class_list":["post-54798","post","type-post","status-publish","format-standard","has-post-thumbnail","hentry","category-sosial"],"aioseo_notices":[],"_links":{"self":[{"href":"https:\/\/fedai.az\/index.php?rest_route=\/wp\/v2\/posts\/54798","targetHints":{"allow":["GET"]}}],"collection":[{"href":"https:\/\/fedai.az\/index.php?rest_route=\/wp\/v2\/posts"}],"about":[{"href":"https:\/\/fedai.az\/index.php?rest_route=\/wp\/v2\/types\/post"}],"author":[{"embeddable":true,"href":"https:\/\/fedai.az\/index.php?rest_route=\/wp\/v2\/users\/2"}],"replies":[{"embeddable":true,"href":"https:\/\/fedai.az\/index.php?rest_route=%2Fwp%2Fv2%2Fcomments&post=54798"}],"version-history":[{"count":1,"href":"https:\/\/fedai.az\/index.php?rest_route=\/wp\/v2\/posts\/54798\/revisions"}],"predecessor-version":[{"id":54800,"href":"https:\/\/fedai.az\/index.php?rest_route=\/wp\/v2\/posts\/54798\/revisions\/54800"}],"wp:featuredmedia":[{"embeddable":true,"href":"https:\/\/fedai.az\/index.php?rest_route=\/wp\/v2\/media\/54799"}],"wp:attachment":[{"href":"https:\/\/fedai.az\/index.php?rest_route=%2Fwp%2Fv2%2Fmedia&parent=54798"}],"wp:term":[{"taxonomy":"category","embeddable":true,"href":"https:\/\/fedai.az\/index.php?rest_route=%2Fwp%2Fv2%2Fcategories&post=54798"},{"taxonomy":"post_tag","embeddable":true,"href":"https:\/\/fedai.az\/index.php?rest_route=%2Fwp%2Fv2%2Ftags&post=54798"}],"curies":[{"name":"wp","href":"https:\/\/api.w.org\/{rel}","templated":true}]}}