{"id":54801,"date":"2021-11-26T00:44:46","date_gmt":"2021-11-25T20:44:46","guid":{"rendered":"https:\/\/fedai.az\/?p=54801"},"modified":"2021-11-26T00:44:50","modified_gmt":"2021-11-25T20:44:50","slug":"prezidentl%c9%99rin-zarafatindan-sonra-cahangir-%c9%99sg%c9%99rov-big-saxlamaga-baslayib","status":"publish","type":"post","link":"https:\/\/fedai.az\/?p=54801","title":{"rendered":"Prezidentl\u0259rin zarafat\u0131ndan sonra Cahangir \u018fsg\u0259rov b\u0131\u011f saxlama\u011fa ba\u015flay\u0131b"},"content":{"rendered":"\n<p><strong>Y\u0259qin ki, bir m\u00fcdd\u0259t \u0259vv\u0259l F\u00fczuli Beyn\u0259lxalq Hava Liman\u0131n\u0131n a\u00e7\u0131l\u0131\u015f m\u0259rasimi zaman\u0131 T\u00fcrkiy\u0259 lideri R\u0259c\u0259b Tayyib \u018frdo\u011fan\u0131n Az\u0259rbaycan Hava Yollar\u0131 QSC-nin (AZAL) prezidenti Cahangir \u018fsg\u0259rovla\u00a0zarafatyana dialoqu\u00a0h\u0259r k\u0259sin xatirind\u0259dir.<\/strong><\/p>\n\n\n\n<p>S\u00f6hb\u0259t zaman\u0131 \u018frdo\u011fan C.\u018fsg\u0259rovu g\u00f6st\u0259r\u0259r\u0259k &#171;Bunun b\u0131\u011f\u0131 vard\u0131, indi yoxdur&#187;, -deyir. \u0130lham \u018fliyev is\u0259 cavab\u0131nda &#171;t\u00f6k\u00fcl\u00fcb&#187;, -dey\u0259 bildirir. C.\u018fsg\u0259rov &#171;ya\u015fland\u0131q, t\u00f6k\u00fcld\u00fc&#8230; Z\u0259ngilanda olacaq&#187;, -deyib zarafatyana dialoqa \u0259lav\u0259 edir.<\/p>\n\n\n\n<p>Art\u0131q AZAL r\u0259hb\u0259rinin verdiyi s\u00f6z\u0259 \u0259m\u0259l ed\u0259r\u0259k b\u0131\u011f saxlad\u0131\u011f\u0131 m\u0259lum olub.<\/p>\n\n\n\n<p>Bakupost.az&nbsp;-\u0131n m\u0259lumat\u0131na g\u00f6r\u0259, bununla ba\u011fl\u0131 g\u00f6r\u00fcnt\u00fcl\u0259r qurumun bu g\u00fcn ke\u00e7iril\u0259n iclas\u0131nda \u00e7\u0259kilmi\u015f fotolarda \u0259ks olunub.<\/p>\n\n\n\n<p>Bel\u0259 ki, fotoda C.\u018fsg\u0259rovun simas\u0131nda d\u0259yi\u015fiklik oldu\u011fu v\u0259 b\u0131\u011f saxlad\u0131\u011f\u0131 g\u00f6r\u00fcn\u00fcr.<\/p>\n\n\n\n<figure class=\"wp-block-gallery columns-2 is-cropped wp-block-gallery-1 is-layout-flex wp-block-gallery-is-layout-flex\"><ul class=\"blocks-gallery-grid\"><li class=\"blocks-gallery-item\"><figure><img loading=\"lazy\" decoding=\"async\" width=\"1024\" height=\"686\" src=\"https:\/\/fedai.az\/wp-content\/uploads\/2021\/11\/2021-11-25-19-59-27pLeplQMrde8Q4qTXAMPL_file-1024x686.jpg\" alt=\"\" data-id=\"54802\" data-link=\"https:\/\/fedai.az\/?attachment_id=54802\" class=\"wp-image-54802\" srcset=\"https:\/\/fedai.az\/wp-content\/uploads\/2021\/11\/2021-11-25-19-59-27pLeplQMrde8Q4qTXAMPL_file-1024x686.jpg 1024w, https:\/\/fedai.az\/wp-content\/uploads\/2021\/11\/2021-11-25-19-59-27pLeplQMrde8Q4qTXAMPL_file-300x201.jpg 300w, https:\/\/fedai.az\/wp-content\/uploads\/2021\/11\/2021-11-25-19-59-27pLeplQMrde8Q4qTXAMPL_file-150x101.jpg 150w, https:\/\/fedai.az\/wp-content\/uploads\/2021\/11\/2021-11-25-19-59-27pLeplQMrde8Q4qTXAMPL_file-768x515.jpg 768w, https:\/\/fedai.az\/wp-content\/uploads\/2021\/11\/2021-11-25-19-59-27pLeplQMrde8Q4qTXAMPL_file.jpg 1080w\" sizes=\"auto, (max-width: 1024px) 100vw, 1024px\" \/><\/figure><\/li><li class=\"blocks-gallery-item\"><figure><img loading=\"lazy\" decoding=\"async\" width=\"153\" height=\"103\" src=\"https:\/\/fedai.az\/wp-content\/uploads\/2021\/11\/2021-11-25-19-59-27gOAWSdbjiuZdkV440JZI_file.jpg\" alt=\"\" data-id=\"54803\" data-full-url=\"https:\/\/fedai.az\/wp-content\/uploads\/2021\/11\/2021-11-25-19-59-27gOAWSdbjiuZdkV440JZI_file.jpg\" data-link=\"https:\/\/fedai.az\/?attachment_id=54803\" class=\"wp-image-54803\" srcset=\"https:\/\/fedai.az\/wp-content\/uploads\/2021\/11\/2021-11-25-19-59-27gOAWSdbjiuZdkV440JZI_file.jpg 153w, https:\/\/fedai.az\/wp-content\/uploads\/2021\/11\/2021-11-25-19-59-27gOAWSdbjiuZdkV440JZI_file-150x101.jpg 150w\" sizes=\"auto, (max-width: 153px) 100vw, 153px\" \/><\/figure><\/li><\/ul><\/figure>\n","protected":false},"excerpt":{"rendered":"<p>Y\u0259qin ki, bir m\u00fcdd\u0259t \u0259vv\u0259l F\u00fczuli Beyn\u0259lxalq Hava Liman\u0131n\u0131n a\u00e7\u0131l\u0131\u015f m\u0259rasimi zaman\u0131 T\u00fcrkiy\u0259 lideri R\u0259c\u0259b Tayyib \u018frdo\u011fan\u0131n Az\u0259rbaycan Hava Yollar\u0131 QSC-nin (AZAL) prezidenti Cahangir<\/p>\n","protected":false},"author":2,"featured_media":54804,"comment_status":"closed","ping_status":"closed","sticky":false,"template":"","format":"standard","meta":{"footnotes":""},"categories":[15],"tags":[],"class_list":["post-54801","post","type-post","status-publish","format-standard","has-post-thumbnail","hentry","category-atmaca"],"aioseo_notices":[],"_links":{"self":[{"href":"https:\/\/fedai.az\/index.php?rest_route=\/wp\/v2\/posts\/54801","targetHints":{"allow":["GET"]}}],"collection":[{"href":"https:\/\/fedai.az\/index.php?rest_route=\/wp\/v2\/posts"}],"about":[{"href":"https:\/\/fedai.az\/index.php?rest_route=\/wp\/v2\/types\/post"}],"author":[{"embeddable":true,"href":"https:\/\/fedai.az\/index.php?rest_route=\/wp\/v2\/users\/2"}],"replies":[{"embeddable":true,"href":"https:\/\/fedai.az\/index.php?rest_route=%2Fwp%2Fv2%2Fcomments&post=54801"}],"version-history":[{"count":1,"href":"https:\/\/fedai.az\/index.php?rest_route=\/wp\/v2\/posts\/54801\/revisions"}],"predecessor-version":[{"id":54805,"href":"https:\/\/fedai.az\/index.php?rest_route=\/wp\/v2\/posts\/54801\/revisions\/54805"}],"wp:featuredmedia":[{"embeddable":true,"href":"https:\/\/fedai.az\/index.php?rest_route=\/wp\/v2\/media\/54804"}],"wp:attachment":[{"href":"https:\/\/fedai.az\/index.php?rest_route=%2Fwp%2Fv2%2Fmedia&parent=54801"}],"wp:term":[{"taxonomy":"category","embeddable":true,"href":"https:\/\/fedai.az\/index.php?rest_route=%2Fwp%2Fv2%2Fcategories&post=54801"},{"taxonomy":"post_tag","embeddable":true,"href":"https:\/\/fedai.az\/index.php?rest_route=%2Fwp%2Fv2%2Ftags&post=54801"}],"curies":[{"name":"wp","href":"https:\/\/api.w.org\/{rel}","templated":true}]}}