{"id":54806,"date":"2021-11-26T00:51:31","date_gmt":"2021-11-25T20:51:31","guid":{"rendered":"https:\/\/fedai.az\/?p=54806"},"modified":"2021-11-26T00:51:34","modified_gmt":"2021-11-25T20:51:34","slug":"soci-gorusunun-detallari-aciqlandi-az%c9%99rbaycan-v%c9%99-erm%c9%99nistan-b%c9%99zi-m%c9%99s%c9%99l%c9%99l%c9%99rd%c9%99-artiq-raziliga-g%c9%99libl%c9%99r","status":"publish","type":"post","link":"https:\/\/fedai.az\/?p=54806","title":{"rendered":"SO\u00c7\u0130 G\u00d6R\u00dc\u015e\u00dcN\u00dcN DETALLARI A\u00c7IQLANDI \u2013 Az\u0259rbaycan v\u0259 Erm\u0259nistan b\u0259zi m\u0259s\u0259l\u0259l\u0259rd\u0259 art\u0131q raz\u0131l\u0131\u011fa g\u0259libl\u0259r"},"content":{"rendered":"\n<p><strong>2021-ci ilin 16 noyabr hadis\u0259l\u0259ri Erm\u0259nistan ba\u015f naziri Nikol Pa\u015finyan\u0131n s\u0259rh\u0259dl\u0259rin delimitasiya-demarkasiya prosesin\u0259 ba\u015flama\u011fa raz\u0131l\u0131\u011f\u0131n\u0131 ifad\u0259 etm\u0259y\u0259 t\u0259kan vers\u0259 d\u0259, Rusiyal\u0131 politoloq \u0130qor Krort\u00e7enkonun &#171;Pa\u015finyana inanmaq olmaz&#187; x\u0259b\u0259rdarl\u0131\u011f\u0131 da t\u0259sad\u00fcfd\u0259n deyilm\u0259di.<\/strong><\/p>\n\n\n\n<p><strong>Qafqaz.media<\/strong>-n\u0131n m\u0259lumat\u0131na g\u00f6r\u0259, \u201cPast\u201d erm\u0259ni q\u0259zeti qeyd edir ki, So\u00e7id\u0259 ke\u00e7iril\u0259c\u0259k g\u00f6r\u00fc\u015fd\u0259 \u00f6lk\u0259l\u0259rin liderl\u0259ri delimitasiya v\u0259 demarkasiya komissiyas\u0131n\u0131n formala\u015fd\u0131r\u0131lmas\u0131 il\u0259 ba\u011fl\u0131 ilkin raz\u0131l\u0131\u011fa g\u0259libl\u0259r: \u201c\u0130mzalanacaq potensial s\u0259n\u0259dd\u0259 qeyd olunacaq ki, Erm\u0259nistan v\u0259 Az\u0259rbaycan komissiya yarad\u0131b, delimitasiya v\u0259 demarkasiya i\u015fl\u0259ri il\u0259 m\u0259\u015f\u011ful olacaqlar. Bu g\u00fcnl\u0259rd\u0259 Nikol Pa\u015finyan art\u0131q komissiyaya daxil edil\u0259c\u0259k \u015f\u0259xsl\u0259rin ilkin siyah\u0131s\u0131n\u0131 haz\u0131rlay\u0131b v\u0259 dekabr\u0131n 15-d\u0259k adlar r\u0259sm\u0259n a\u00e7\u0131qlanacaq. \u018fslind\u0259, ekspert dair\u0259l\u0259rinin fikrinc\u0259, Br\u00fcssel g\u00f6r\u00fc\u015f\u00fc \u0259sas\u0259n \u201cprotokol\u201d xarakteri da\u015f\u0131yacaq, \u00e7\u00fcnki \u0259sas m\u0259s\u0259l\u0259l\u0259r art\u0131q So\u00e7id\u0259 h\u0259ll olunacaq\u201d.<\/p>\n\n\n\n<p><strong>Erm\u0259ni q\u0259zetinin yazd\u0131qlar\u0131na inansaq, Erm\u0259nistan, Rusiya v\u0259 Az\u0259rbaycan liderl\u0259rinin So\u00e7i g\u00f6r\u00fc\u015f\u00fcnd\u0259 b\u00f6y\u00fck ehtimalla Erm\u0259nistan-Az\u0259rbaycan s\u0259rh\u0259dinin demarkasiyas\u0131 v\u0259 delimitasiyas\u0131 prosesinin ba\u015flanmas\u0131 il\u0259 ba\u011fl\u0131 b\u0259yanat imzalanacaq.\u00a0<\/strong>Buna baxmayaraq, Pa\u015finyan\u0131n Z\u0259ng\u0259zur d\u0259hlizi il\u0259 ba\u011fl\u0131 d\u00fcn\u0259nki at\u0259\u015fin \u00e7\u0131x\u0131\u015f\u0131na diqq\u0259t etdiks\u0259, sabitliyin pozulmas\u0131, n\u00f6vb\u0259ti s\u0259rh\u0259d insidentini d\u0259 g\u00f6zl\u0259m\u0259k olar. Bel\u0259likl\u0259, So\u00e7i g\u00f6r\u00fc\u015f\u00fcn\u00fcn \u0259sas m\u00f6vzusu Z\u0259ng\u0259zur d\u0259hlizi v\u0259 ya kommunikasiya x\u0259tl\u0259rinin a\u00e7\u0131lmas\u0131, o c\u00fcml\u0259d\u0259n s\u0259rh\u0259dl\u0259rin m\u00fc\u0259yy\u0259nl\u0259\u015fm\u0259siyl\u0259 ba\u011fl\u0131 \u00fc\u00e7t\u0259r\u0259fli komissiyan\u0131n yarad\u0131lmas\u0131d\u0131r ki, bu m\u0259qs\u0259dl\u0259 Kreml sahibi Rusiya ba\u015f nazirinin m\u00fcavini Aleksey Over\u00e7uku Bak\u0131ya g\u00f6nd\u0259rdi. Hans\u0131 ki, Over\u00e7ukun &#171;b\u00fct\u00fcn kommunikasiya x\u0259tl\u0259ri \u00f6lk\u0259l\u0259rin \u0259razi b\u00fct\u00f6vl\u00fcy\u00fcn\u0259 h\u00f6rm\u0259t edil\u0259r\u0259k \u00e7\u0259kilm\u0259lidir\u201d, &#8212; dem\u0259si Az\u0259rbaycan ictimaiyy\u0259ti t\u0259r\u0259find\u0259n narahatl\u0131qla qar\u015f\u0131land\u0131. \u00c7\u00fcnki Az\u0259rbaycan\u0131n fokusland\u0131\u011f\u0131 m\u0259s\u0259l\u0259, mediada da tirajland\u0131\u011f\u0131 kimi, Z\u0259ng\u0259zur d\u0259hlizinin a\u00e7\u0131lmas\u0131d\u0131r. D\u00fcn\u0259n Pa\u015finyan\u0131n alovlu-alovlu dediyi kimi yol yox, m\u0259hz d\u0259hliz. Do\u011frudur, \u0130r\u0259van\u0131n s\u00f6z\u00fcn\u00fcn \u00fcst\u00fcnd\u0259 durmamas\u0131n\u0131n qar\u015f\u0131l\u0131\u011f\u0131 kimi Az\u0259rbaycan\u0131n da La\u00e7\u0131n d\u0259hlizini ba\u011flamas\u0131, yaxud oradak\u0131 n\u0259zar\u0259tin Az\u0259rbaycan s\u0259rh\u0259d\u00e7il\u0259ri v\u0259 g\u00f6mr\u00fck xidm\u0259tinin n\u0259zar\u0259tin\u0259 g\u00f6t\u00fcr\u00fclm\u0259sini cavab olaraq t\u0259klif edirl\u0259r.<\/p>\n\n\n\n<figure class=\"wp-block-image size-large\"><img loading=\"lazy\" decoding=\"async\" width=\"1000\" height=\"706\" src=\"https:\/\/fedai.az\/wp-content\/uploads\/2021\/11\/009jpg-1618518920.jpg\" alt=\"\" class=\"wp-image-54807\" srcset=\"https:\/\/fedai.az\/wp-content\/uploads\/2021\/11\/009jpg-1618518920.jpg 1000w, https:\/\/fedai.az\/wp-content\/uploads\/2021\/11\/009jpg-1618518920-300x212.jpg 300w, https:\/\/fedai.az\/wp-content\/uploads\/2021\/11\/009jpg-1618518920-150x106.jpg 150w, https:\/\/fedai.az\/wp-content\/uploads\/2021\/11\/009jpg-1618518920-768x542.jpg 768w\" sizes=\"auto, (max-width: 1000px) 100vw, 1000px\" \/><\/figure>\n\n\n\n<p><strong>Amma burada bir \u0259mma var. Nax\u00e7\u0131van Az\u0259rbaycan \u0259razisidir, Z\u0259ng\u0259zur d\u0259hlizinin d\u0259 Nax\u00e7\u0131van\u0131n Az\u0259rbaycan\u0131n \u0259sas \u0259razisin\u0259 quru yolla ba\u011flanmas\u0131 n\u0259z\u0259rd\u0259 tutulur. B\u0259s, La\u00e7\u0131n d\u0259hlizinin Erm\u0259nistan\u0131 hara ba\u011flamas\u0131na fikir verirsinizmi?&nbsp;<\/strong>Erm\u0259nistan\u0131n \u0259sas \u0259razisini Az\u0259rbaycan\u0131n Xank\u0259ndi, A\u011fd\u0259r\u0259, Xocali \u015f\u0259h\u0259rl\u0259rin\u0259. Hans\u0131 ki, burada rus &#171;s\u00fclhm\u0259raml\u0131lar\u0131&#187; ke\u015fik \u00e7\u0259kirl\u0259r. M\u0259ntiql\u0259 Az\u0259rbaycan \u0259razisi Erm\u0259nistana, h\u0259m d\u0259 La\u00e7\u0131n d\u0259hlizi il\u0259 &#8212; fikir verin, d\u0259hlizl\u0259, yolla yox, nec\u0259 ki, Pa\u015finyan biz\u0259 yaln\u0131z yol v\u0259d edir v\u0259 d\u0259hliz terminin haradan meydana \u00e7\u0131xd\u0131\u011f\u0131n\u0131 anlamad\u0131\u011f\u0131n\u0131 iddia edir &#8212; niy\u0259 ba\u011flanmal\u0131d\u0131r ki? Niy\u0259 erm\u0259nil\u0259r\u0259 La\u00e7\u0131ndan yol yox, d\u0259hliz verilm\u0259lidir v\u0259 Az\u0259rbaycan \u0259razisi Erm\u0259nistan\u0131n \u0259sas \u0259razisin\u0259 niy\u0259 ba\u011flanmal\u0131d\u0131r?<\/p>\n\n\n\n<p><strong>Daha bir fakt.\u00a0<\/strong>Erm\u0259nistan qondarma &#171;Artsax&#187;a ian\u0259 olaraq 1 milyard 446 milyon 565 min dram ay\u0131r\u0131b. Pul \u0259halinin istifad\u0259 etdiyi elektrik enerjisi, qaz t\u0259chizat\u0131 v\u0259 rabit\u0259 \u00fc\u00e7\u00fcn dekabr ay\u0131 xidm\u0259tl\u0259rinin \u00f6d\u0259nilm\u0259sin\u0259 y\u00f6n\u0259ldilm\u0259si \u00fc\u00e7\u00fcn n\u0259z\u0259rd\u0259 tutulub. H\u0259m\u00e7inin, &#171;Artsax\u201da 12 milyard 86 milyon 747,3 min dram m\u0259bl\u0259\u011find\u0259 d\u00f6vl\u0259tl\u0259raras\u0131 kreditin verilm\u0259si n\u0259z\u0259rd\u0259 tutulur. Bu v\u0259sait cari ilin d\u00f6vl\u0259t b\u00fcdc\u0259sind\u0259 n\u0259z\u0259rd\u0259 tutulmu\u015f dekabr ay\u0131n\u0131n maa\u015flar\u0131n\u0131n, m\u00fcavin\u0259tl\u0259rinin, pensiyalar\u0131n\u0131n, s\u0259hiyy\u0259 x\u0259rcl\u0259rinin \u00f6d\u0259nilm\u0259sin\u0259 y\u00f6n\u0259ldil\u0259c\u0259k. B\u0259s, Erm\u0259nistan r\u0259smi Az\u0259rbaycan \u0259raizsind\u0259 yerl\u0259\u015f\u0259n &#171;qurumcu\u011fa&#187; niy\u0259 v\u0259 hans\u0131 haqla v\u0259sait ay\u0131rmal\u0131d\u0131r? Bu c\u0259hdl\u0259r Az\u0259rbaycan t\u0259r\u0259find\u0259n sakit\u0131ikl\u0259 qar\u015f\u0131lanmal\u0131d\u0131r? \u018fg\u0259r erm\u0259nil\u0259r burada qalmaq ist\u0259yirl\u0259rs\u0259, Az\u0259rbaycan v\u0259t\u0259nda\u015fl\u0131\u011f\u0131n\u0131 q\u0259bul etm\u0259li v\u0259 bizim qanunlar\u0131m\u0131za g\u00f6r\u0259 davranmal\u0131d\u0131rlar.<\/p>\n\n\n\n<p><strong>Qay\u0131daq So\u00e7iy\u0259.&nbsp;<\/strong>Az\u0259rbaycan So\u00e7id\u0259 \u0130r\u0259van\u0131n q\u0259l\u0259b\u0259mizin n\u0259tic\u0259l\u0259rini yaz\u0131l\u0131, \u0259n az\u0131ndan \u00fc\u00e7t\u0259r\u0259fli s\u0259viyy\u0259d\u0259 h\u00fcquqi s\u0259viyy\u0259d\u0259 t\u0259sbit olunmu\u015f s\u0259n\u0259dl\u0259 t\u0259sdiql\u0259m\u0259sini dikt\u0259 etm\u0259lidir. Erm\u0259nistan\u0131n &#171;aya\u011f\u0131 s\u00fcr\u00fc\u015fk\u0259n&#187; partnyor oldu\u011funu n\u0259z\u0259r\u0259 alsaq, Rusiya onun verdiyi v\u0259dl\u0259rd\u0259n qa\u00e7mamas\u0131 \u00fc\u00e7\u00fcn T\u00fcrkiy\u0259 v\u0259 Az\u0259rbaycanla birba\u015fa koordinasiyada olunmal\u0131d\u0131r. \u00c7\u00fcnki Pa\u015finyan\u0131n ikili oynamas\u0131 ehtimal\u0131 b\u00f6y\u00fckd\u00fcr.<\/p>\n\n\n\n<figure class=\"wp-block-image size-large\"><img loading=\"lazy\" decoding=\"async\" width=\"1024\" height=\"576\" src=\"https:\/\/fedai.az\/wp-content\/uploads\/2021\/11\/pashik-1024x576.jpg\" alt=\"\" class=\"wp-image-54808\" srcset=\"https:\/\/fedai.az\/wp-content\/uploads\/2021\/11\/pashik-1024x576.jpg 1024w, https:\/\/fedai.az\/wp-content\/uploads\/2021\/11\/pashik-300x169.jpg 300w, https:\/\/fedai.az\/wp-content\/uploads\/2021\/11\/pashik-150x84.jpg 150w, https:\/\/fedai.az\/wp-content\/uploads\/2021\/11\/pashik-768x432.jpg 768w, https:\/\/fedai.az\/wp-content\/uploads\/2021\/11\/pashik-1536x864.jpg 1536w, https:\/\/fedai.az\/wp-content\/uploads\/2021\/11\/pashik.jpg 1920w\" sizes=\"auto, (max-width: 1024px) 100vw, 1024px\" \/><\/figure>\n\n\n\n<p>Xat\u0131rlay\u0131rs\u0131n\u0131zsa, iki ay \u00f6nc\u0259 Nikol Pa\u015finyan G\u00fcrc\u00fcstan\u0131n ba\u015f naziri \u0130.Qariba\u015fvili vasit\u0259sil\u0259 4 saat yoxa \u00e7\u0131x\u0131b, prezident \u018frdo\u011fana ismar\u0131c \u00e7atd\u0131rma\u011fa c\u0259hd etmi\u015fdi. G\u00f6r\u00fcn\u00fcr, Pa\u015finyan ehtimal edirdi ki, bu c\u0259hd say\u0259sind\u0259 &#8212; Erm\u0259nistanla T\u00fcrkiy\u0259 aras\u0131nda m\u00fcnasib\u0259tl\u0259rin qurulmas\u0131n\u0131n ba\u015flanmas\u0131 fonunda Az\u0259rbaycan Z\u0259ng\u0259zur d\u0259hlizinin a\u00e7\u0131lmas\u0131n\u0131 israrla t\u0259l\u0259b etm\u0259y\u0259c\u0259k. Amma Ankara a\u00e7\u0131q \u015f\u0259kild\u0259 bildirdi ki, bu g\u00f6r\u00fc\u015f yaln\u0131z Erm\u0259nistan \u00f6z \u00f6hd\u0259likl\u0259rinin \u0259n az\u0131 minimumunu yerin\u0259 yetirdikd\u0259n sonra, ilk n\u00f6vb\u0259d\u0259 Bak\u0131 il\u0259 Nax\u00e7\u0131van aras\u0131nda yolu a\u00e7\u0131d\u0131qdan sonra ba\u015f tuta bil\u0259r.<\/p>\n\n\n\n<p>Yeri g\u0259lmi\u015fk\u0259n, bu g\u00fcn Rusiya X\u0130N s\u00f6z\u00e7\u00fcs\u00fc Mariya Zaxarova Erm\u0259nistan-T\u00fcrkiy\u0259 m\u00fcnasib\u0259tl\u0259rinin normalla\u015fd\u0131r\u0131lmas\u0131n\u0131n regionda durumun sabitl\u0259\u015fm\u0259sin\u0259 g\u0259tir\u0259c\u0259yini, Rusiyan\u0131n da yard\u0131m\u00e7\u0131 olaca\u011f\u0131n\u0131 b\u0259yan etdi. El\u0259c\u0259 d\u0259 Moskvan\u0131n 2020-ci il 9 noyabr v\u0259 2021-ci il 11 yanvar\u0131nda \u0259ld\u0259 olunmu\u015f \u00f6hd\u0259likl\u0259rin ard\u0131c\u0131l \u015f\u0259kild\u0259 yerin\u0259 yetirilm\u0259sinin t\u0259r\u0259find\u0259 oldu\u011funu bildirdi. Buradan da g\u00f6r\u00fcn\u00fcr ki, Moskva Pa\u015finyan\u0131n yaxas\u0131n\u0131 buraxmaq fikrind\u0259 deyil. Pa\u015finyan\u0131n d\u0259bb\u0259l\u0259m\u0259yinin n\u0259tic\u0259si is\u0259 Az\u0259rbaycan\u0131n laz\u0131m bildiyi n\u00f6qt\u0259l\u0259rd\u0259 ir\u0259lil\u0259m\u0259yi il\u0259 sonuclana bil\u0259r.<\/p>\n\n\n\n<figure class=\"wp-block-image size-large\"><img loading=\"lazy\" decoding=\"async\" width=\"1024\" height=\"697\" src=\"https:\/\/fedai.az\/wp-content\/uploads\/2021\/11\/photo_2021-08-04_15-57-54-1024x697.jpg\" alt=\"\" class=\"wp-image-54809\" srcset=\"https:\/\/fedai.az\/wp-content\/uploads\/2021\/11\/photo_2021-08-04_15-57-54-1024x697.jpg 1024w, https:\/\/fedai.az\/wp-content\/uploads\/2021\/11\/photo_2021-08-04_15-57-54-300x204.jpg 300w, https:\/\/fedai.az\/wp-content\/uploads\/2021\/11\/photo_2021-08-04_15-57-54-150x102.jpg 150w, https:\/\/fedai.az\/wp-content\/uploads\/2021\/11\/photo_2021-08-04_15-57-54-768x523.jpg 768w, https:\/\/fedai.az\/wp-content\/uploads\/2021\/11\/photo_2021-08-04_15-57-54.jpg 1280w\" sizes=\"auto, (max-width: 1024px) 100vw, 1024px\" \/><\/figure>\n\n\n\n<p><strong>Rusiya Z\u0259ng\u0259zurdan T\u00fcrkiy\u0259y\u0259 quru yolu \u0259ld\u0259 etm\u0259nin ona hans\u0131 faydalar ver\u0259 bil\u0259c\u0259yini anlay\u0131r. Buna g\u00f6r\u0259, 16 noyabrda Erm\u0259nistan\u0131n h\u0259rbi yard\u0131m haray\u0131na Kremld\u0259n cavab g\u0259lm\u0259di.&nbsp;<\/strong>H\u0259tta Minsk qrupunun dig\u0259r h\u0259ms\u0259dr \u00f6lk\u0259l\u0259ri d\u0259 \u0130r\u0259van\u0131n bu haray\u0131n\u0131 s\u0259ssiz qoydu. M\u0259s\u0259l\u0259n, AB\u015e-\u0131n Bak\u0131 s\u0259firi Erl Litsenberger 22 noyabr tarixind\u0259 bildirdi ki, 3 AB\u015e \u015firk\u0259ti Qaraba\u011fdak\u0131 layih\u0259l\u0259rd\u0259 i\u015ftirak edir v\u0259 AB\u015e \u015firk\u0259tl\u0259rinin Qaraba\u011fda i\u015ftirak\u0131 \u00fc\u00e7\u00fcn \u00e7ox imkanlar\u0131 var. H\u0259l\u0259 aprel ay\u0131nda prezidnet \u0130lham \u018fliyev, &#171;M\u0259n dost \u00f6lk\u0259l\u0259rd\u0259n olan \u015firk\u0259tl\u0259ri i\u015f\u011faldan azad olunmu\u015f, L\u00fcksemburqdan d\u00f6rd d\u0259f\u0259 b\u00f6y\u00fck olan \u0259razid\u0259 irimiqyasl\u0131 yenid\u0259nqurma i\u015fl\u0259rin\u0259 d\u0259v\u0259t edir\u0259m&#187;, &#8212; dey\u0259r\u0259k anti-Az\u0259rbaycan meyll\u0259rini neytralla\u015fd\u0131rma\u011fa \u00e7al\u0131\u015fm\u0131\u015fd\u0131. \u00dcst\u0259lik, \u018fliyev onu da xat\u0131rlatm\u0131\u015fd\u0131 ki, haz\u0131rda Az\u0259rbaycan \u0259razisind\u0259n Asiyan\u0131 Avropa il\u0259 birl\u0259\u015fdir\u0259n \u015e\u0259rq-Q\u0259rb d\u0259hlizinin t\u0259rkib hiss\u0259si olacaq &#171;Z\u0259ng\u0259zur n\u0259qliyyat d\u0259hlizi&#187; \u00fcz\u0259rind\u0259 \u00e7al\u0131\u015f\u0131l\u0131r. Y\u0259ni A\u0130 d\u0259 &#171;\u015e\u0259rq t\u0259r\u0259fda\u015fl\u0131\u011f\u0131&#187; layih\u0259sinin \u0130r\u0259van\u0131n b\u0259dnam ehtiras\u0131 \u00fcz\u00fcnd\u0259n qeyri-sabitlik zonas\u0131na \u00e7evrilm\u0259sini ist\u0259mir, \u00e7\u00fcnki sabitlik Avropaya enerji t\u0259chizat\u0131n\u0131n \u015fax\u0259l\u0259ndirilm\u0259si, enerji t\u0259hl\u00fck\u0259sizliyinin t\u0259min edilm\u0259si bax\u0131m\u0131ndan laz\u0131md\u0131r.<\/p>\n\n\n\n<figure class=\"wp-block-image size-large is-resized\"><img loading=\"lazy\" decoding=\"async\" src=\"https:\/\/fedai.az\/wp-content\/uploads\/2021\/11\/unnamed_2.jpg\" alt=\"\" class=\"wp-image-54810\" width=\"917\" height=\"577\" srcset=\"https:\/\/fedai.az\/wp-content\/uploads\/2021\/11\/unnamed_2.jpg 512w, https:\/\/fedai.az\/wp-content\/uploads\/2021\/11\/unnamed_2-300x189.jpg 300w, https:\/\/fedai.az\/wp-content\/uploads\/2021\/11\/unnamed_2-150x94.jpg 150w, https:\/\/fedai.az\/wp-content\/uploads\/2021\/11\/unnamed_2-115x73.jpg 115w\" sizes=\"auto, (max-width: 917px) 100vw, 917px\" \/><\/figure>\n\n\n\n<p><strong>Odur ki, noyabr\u0131n 26-da So\u00e7id\u0259, dekabr\u0131n 15-d\u0259 Br\u00fcsseld\u0259 \u0130r\u0259van\u0131n Z\u0259ng\u0259zur d\u0259hlizinin blokunu a\u00e7ma\u011fa, Az\u0259rbaycanla bar\u0131\u015fma\u011fa raz\u0131 sal\u0131naca\u011f\u0131na \u015f\u00fcbh\u0259 yoxdur. Moskva So\u00e7i g\u00f6r\u00fc\u015f\u00fc \u0259snas\u0131nda d\u0259hliz m\u0259s\u0259l\u0259sinin h\u0259llini qabardacaq, \u00e7\u00fcnki onun Br\u00fcssel\u0259 \u00f6t\u00fcr\u00fclm\u0259si Kremlin bacar\u0131qs\u0131zl\u0131\u011f\u0131 kimi anla\u015f\u0131lacaq. Rusiya is\u0259 C\u0259nubi Qafqazda t\u0259sir r\u0131\u00e7aqlar\u0131n\u0131 saxlad\u0131\u011f\u0131n\u0131 v\u0259 burada konstruktiv siyas\u0259t apara bil\u0259c\u0259yini g\u00f6st\u0259rm\u0259lidir.<\/strong><\/p>\n\n\n\n<p>So\u00e7id\u0259 \u0130r\u0259van\u0131n Erm\u0259nistan\u0131n uzunm\u00fcdd\u0259tli h\u0259rbi v\u0259 iqtisadi t\u0259r\u0259fda\u015f\u0131 Rusiya il\u0259 m\u00fcnasib\u0259tl\u0259ri d\u0259 \u201ch\u0259ll edilm\u0259lidir\u201d. Ax\u0131, Erm\u0259nistan \u0259laq\u0259l\u0259rini Rusiya il\u0259 m\u00fcnasib\u0259l\u0259rini&nbsp; intensiv \u015f\u0259kild\u0259 inki\u015faf etdir\u0259n qon\u015fular\u0131 &#8212; Az\u0259rbaycan v\u0259 T\u00fcrkiy\u0259 il\u0259 qar\u015f\u0131durmadan \u0259m\u0259kda\u015fl\u0131\u011fa ke\u00e7irm\u0259k fikrind\u0259 oldu\u011funu b\u0259yan edir. Zaxarovan\u0131n a\u00e7\u0131qlamalar\u0131ndan Kremlin So\u00e7id\u0259 bu m\u0259qam\u0131 da qabardaca\u011f\u0131 mesaj\u0131n\u0131 g\u00f6rd\u00fck.<\/p>\n\n\n\n<p>B\u00f6y\u00fck ehtimalla, So\u00e7id\u0259 \u0130r\u0259van\u0131n Moskvaya sadiqliyinin, Br\u00fcsseld\u0259 is\u0259 onun Moskvadan qopmas\u0131n\u0131n r\u0259smi \u0130r\u0259vana n\u0259l\u0259ri ver\u0259c\u0259yi d\u0259 s\u00f6hb\u0259t m\u00f6vzusu olacaq. Az\u0259rbaycansa b\u00fct\u00fcn m\u00fcst\u0259vil\u0259rd\u0259 1 il \u0259vv\u0259lki q\u0259l\u0259b\u0259sinin b\u0259hr\u0259l\u0259rini sabitl\u0259\u015fdirm\u0259y\u0259 \u00e7al\u0131\u015fmal\u0131d\u0131r ki, bel\u0259 d\u0259 g\u00f6zl\u0259nilir.<\/p>\n\n\n\n<p>M\u0259nb\u0259: Qafqaz.media<\/p>\n","protected":false},"excerpt":{"rendered":"<p>2021-ci ilin 16 noyabr hadis\u0259l\u0259ri Erm\u0259nistan ba\u015f naziri Nikol Pa\u015finyan\u0131n s\u0259rh\u0259dl\u0259rin delimitasiya-demarkasiya prosesin\u0259 ba\u015flama\u011fa raz\u0131l\u0131\u011f\u0131n\u0131 ifad\u0259 etm\u0259y\u0259 t\u0259kan vers\u0259 d\u0259, Rusiyal\u0131 politoloq \u0130qor Krort\u00e7enkonun<\/p>\n","protected":false},"author":2,"featured_media":54811,"comment_status":"closed","ping_status":"closed","sticky":false,"template":"","format":"standard","meta":{"footnotes":""},"categories":[1],"tags":[],"class_list":["post-54806","post","type-post","status-publish","format-standard","has-post-thumbnail","hentry","category-siyast"],"aioseo_notices":[],"_links":{"self":[{"href":"https:\/\/fedai.az\/index.php?rest_route=\/wp\/v2\/posts\/54806","targetHints":{"allow":["GET"]}}],"collection":[{"href":"https:\/\/fedai.az\/index.php?rest_route=\/wp\/v2\/posts"}],"about":[{"href":"https:\/\/fedai.az\/index.php?rest_route=\/wp\/v2\/types\/post"}],"author":[{"embeddable":true,"href":"https:\/\/fedai.az\/index.php?rest_route=\/wp\/v2\/users\/2"}],"replies":[{"embeddable":true,"href":"https:\/\/fedai.az\/index.php?rest_route=%2Fwp%2Fv2%2Fcomments&post=54806"}],"version-history":[{"count":1,"href":"https:\/\/fedai.az\/index.php?rest_route=\/wp\/v2\/posts\/54806\/revisions"}],"predecessor-version":[{"id":54812,"href":"https:\/\/fedai.az\/index.php?rest_route=\/wp\/v2\/posts\/54806\/revisions\/54812"}],"wp:featuredmedia":[{"embeddable":true,"href":"https:\/\/fedai.az\/index.php?rest_route=\/wp\/v2\/media\/54811"}],"wp:attachment":[{"href":"https:\/\/fedai.az\/index.php?rest_route=%2Fwp%2Fv2%2Fmedia&parent=54806"}],"wp:term":[{"taxonomy":"category","embeddable":true,"href":"https:\/\/fedai.az\/index.php?rest_route=%2Fwp%2Fv2%2Fcategories&post=54806"},{"taxonomy":"post_tag","embeddable":true,"href":"https:\/\/fedai.az\/index.php?rest_route=%2Fwp%2Fv2%2Ftags&post=54806"}],"curies":[{"name":"wp","href":"https:\/\/api.w.org\/{rel}","templated":true}]}}