{"id":54816,"date":"2021-11-26T01:14:53","date_gmt":"2021-11-25T21:14:53","guid":{"rendered":"https:\/\/fedai.az\/?p=54816"},"modified":"2021-11-26T01:27:59","modified_gmt":"2021-11-25T21:27:59","slug":"t%c9%99brik-qurbanov-kamil-cavansur-oglu-48","status":"publish","type":"post","link":"https:\/\/fedai.az\/?p=54816","title":{"rendered":"T\u018fBR\u0130K: QURBANOV KAM\u0130L CAVAN\u015eUR O\u011eLU &#8212; 48"},"content":{"rendered":"\n<p><strong><span class=\"has-inline-color has-vivid-red-color\">Y\u00fcks\u0259k pe\u015f\u0259karl\u0131\u011f\u0131 v\u0259 humanistliyi il\u0259, n\u0259z\u0259ri v\u0259 praktiki biliyi il\u0259 (t\u0259c\u00fcrb\u0259si il\u0259), m\u0259n\u0259vi v\u0259 i\u015fg\u00fczar keyfiyy\u0259ti il\u0259, sad\u0259liyi v\u0259 s\u0259mimiyy\u0259ti il\u0259, d\u0259qiqliyi v\u0259 t\u0259mkinliyi il\u0259, t\u0259\u015fkilat\u00e7\u0131l\u0131q bacar\u0131\u011f\u0131 il\u0259\u00a0 se\u00e7il\u0259n \u00f6m\u00fcr\u00fcn\u00fcn 24 ild\u0259n cox \u015f\u0259r\u0259fli xidm\u0259ti yolunu Daxili \u0130\u015fl\u0259r Nazirliyinin Daxili Qo\u015funlar\u0131n Ba\u015f idar\u0259sinin N\u0259rimanov, A\u011fdam, F\u00fczuli, X\u0259tai, Zaqatala rayonlar\u0131nda v\u0259 G\u0259nc\u0259 \u015f\u0259h\u0259rind\u0259\u00a0 yerl\u0259\u015f\u0259n h\u0259rbi hiss\u0259l\u0259rind\u0259 ke\u00e7ir\u0259n m\u00fcharib\u0259 veteran\u0131 ehtiyyatda olan mayor Qurbanov Kamil Cvan\u015fir o\u011flunun 27 noyabrda 48 ya\u015f\u0131 tamam olur.<\/span><\/strong><\/p>\n\n\n\n<p><strong>\u00a0\u00a0\u00a0\u00a0\u00a0\u00a0 Bu g\u00fcn m\u00fcnasib\u0259til\u0259 AVMV\u0130B R\u0259hb\u0259rliyi v\u0259 Az\u0259rbaycan V\u0259t\u0259n M\u00fcharib\u0259si Veteranlar\u0131 \u0130ctimai Birliyinin\u00a0 s\u0259dr m\u00fcavini polkovnik Salman Musayev M\u00fcharib\u0259 Veteran\u0131\u00a0 ehtiyatda olan mayor Kamil Cavan\u015fir o\u011flu Qurbanovu do\u011fum g\u00fcn\u00fc m\u00fcnasib\u0259til\u0259 s\u0259mimi q\u0259lbd\u0259n t\u0259brik edir, ona h\u0259yatda insan \u00fc\u00e7\u00fcn \u0259n \u015firin nem\u0259t olan m\u00f6hk\u0259m can sa\u011fl\u0131\u011f\u0131, ail\u0259 s\u0259ad\u0259ti v\u0259 h\u0259yat yollar\u0131nda bitib- t\u00fck\u0259nm\u0259y\u0259n naliyy\u0259tl\u0259r arzulay\u0131r.<\/strong><\/p>\n\n\n\n<p><strong>&nbsp;&nbsp;&nbsp;&nbsp; Qoy ya\u015f\u0131n\u0131n \u00fcst\u0259 g\u0259l\u0259n bu ya\u015f ona sevinc dolu g\u00fcnl\u0259r b\u0259x\u015f etsin v\u0259 h\u0259r yeni g\u00fcn\u00fc is\u0259 \u00f6t\u0259n g\u00fcnl\u0259rd\u0259n daha g\u00f6z\u0259l ist\u0259kl\u0259rin\u0259 uy\u011fun onu xo\u015fb\u0259xt ed\u0259c\u0259k \u015f\u0259kild\u0259 ke\u00e7sin. Amin!<\/strong><\/p>\n\n\n\n<figure class=\"wp-block-gallery columns-3 is-cropped wp-block-gallery-1 is-layout-flex wp-block-gallery-is-layout-flex\"><ul class=\"blocks-gallery-grid\"><li class=\"blocks-gallery-item\"><figure><img loading=\"lazy\" decoding=\"async\" width=\"469\" height=\"1000\" src=\"https:\/\/fedai.az\/wp-content\/uploads\/2021\/11\/IMG-20211124-WA0033-1.jpg\" alt=\"\" data-id=\"54817\" data-link=\"https:\/\/fedai.az\/?attachment_id=54817\" class=\"wp-image-54817\" srcset=\"https:\/\/fedai.az\/wp-content\/uploads\/2021\/11\/IMG-20211124-WA0033-1.jpg 469w, https:\/\/fedai.az\/wp-content\/uploads\/2021\/11\/IMG-20211124-WA0033-1-141x300.jpg 141w, https:\/\/fedai.az\/wp-content\/uploads\/2021\/11\/IMG-20211124-WA0033-1-70x150.jpg 70w\" sizes=\"auto, (max-width: 469px) 100vw, 469px\" \/><\/figure><\/li><li class=\"blocks-gallery-item\"><figure><img loading=\"lazy\" decoding=\"async\" width=\"574\" height=\"720\" src=\"https:\/\/fedai.az\/wp-content\/uploads\/2021\/11\/IMG-20211124-WA0063.jpg\" alt=\"\" data-id=\"54818\" data-link=\"https:\/\/fedai.az\/?attachment_id=54818\" class=\"wp-image-54818\" srcset=\"https:\/\/fedai.az\/wp-content\/uploads\/2021\/11\/IMG-20211124-WA0063.jpg 574w, https:\/\/fedai.az\/wp-content\/uploads\/2021\/11\/IMG-20211124-WA0063-239x300.jpg 239w, https:\/\/fedai.az\/wp-content\/uploads\/2021\/11\/IMG-20211124-WA0063-120x150.jpg 120w\" sizes=\"auto, (max-width: 574px) 100vw, 574px\" \/><\/figure><\/li><li class=\"blocks-gallery-item\"><figure><img loading=\"lazy\" decoding=\"async\" width=\"607\" height=\"1024\" src=\"https:\/\/fedai.az\/wp-content\/uploads\/2021\/11\/p0-1-1-607x1024.jpg\" alt=\"\" data-id=\"54819\" data-full-url=\"https:\/\/fedai.az\/wp-content\/uploads\/2021\/11\/p0-1-1.jpg\" data-link=\"https:\/\/fedai.az\/?attachment_id=54819\" class=\"wp-image-54819\" srcset=\"https:\/\/fedai.az\/wp-content\/uploads\/2021\/11\/p0-1-1-607x1024.jpg 607w, https:\/\/fedai.az\/wp-content\/uploads\/2021\/11\/p0-1-1-178x300.jpg 178w, https:\/\/fedai.az\/wp-content\/uploads\/2021\/11\/p0-1-1-89x150.jpg 89w, https:\/\/fedai.az\/wp-content\/uploads\/2021\/11\/p0-1-1-768x1297.jpg 768w, https:\/\/fedai.az\/wp-content\/uploads\/2021\/11\/p0-1-1-910x1536.jpg 910w, https:\/\/fedai.az\/wp-content\/uploads\/2021\/11\/p0-1-1.jpg 1068w\" sizes=\"auto, (max-width: 607px) 100vw, 607px\" \/><\/figure><\/li><\/ul><\/figure>\n\n\n\n<p>&nbsp;&nbsp;&nbsp;&nbsp;&nbsp;&nbsp; M\u00fcharib\u0259 Veteran\u0131 ehtiyatda olan mayor Qurbanov Kamil Cavan\u015fir o\u011flu&nbsp; 27 noyabr 1973- c\u00fc ild\u0259 B\u0259rd\u0259 rayonun B\u00f6y\u00fck&nbsp; Qacar k\u0259ndind\u0259 d\u00fcnyaya g\u00f6z a\u00e7\u0131b.<\/p>\n\n\n\n<p>&nbsp;&nbsp;&nbsp;&nbsp;&nbsp; O, B\u0259rd\u0259 rayonun B\u00f6y\u00fck Qacar k\u0259nd orta m\u0259kt\u0259bini, Aqrar v\u0259 Ekologiya&nbsp; \u0130nstitutunu, Az\u0259rbaycan K\u0259nd T\u0259s\u0259rr\u00fcfat\u0131 Akademiyas\u0131n\u0131,&nbsp; Zabitl\u0259rin t\u0259hkiml\u0259\u015fdirm\u0259 kursunu bitrib. Dax\u0131l\u0131 Qo\u015funlar\u0131n Ba\u015f idar\u0259sinin Al\u0131 h\u0259rbi m\u0259kt\u0259bind\u0259 ( el\u0259c\u0259d\u0259 xarici \u00f6lk\u0259l\u0259d\u0259) t\u0259\u015fkil olunan bir s\u0131ra kuruslarda olmu\u015f, Daxili Qo\u015funlar\u0131n Bas \u0130dar\u0259sind\u0259 v\u0259 h\u0259rbi hiss\u0259l\u0259rind\u0259 ke\u00e7irilS\u0259n metodiki-t\u0259lim toplan\u0131\u015flarda, seminar v\u0259 konfranslarda f\u0259al i\u015ftirak etmi\u015fdir.<\/p>\n\n\n\n<figure class=\"wp-block-image size-large\"><img loading=\"lazy\" decoding=\"async\" width=\"1000\" height=\"683\" src=\"https:\/\/fedai.az\/wp-content\/uploads\/2021\/11\/IMG-20211124-WA0032.jpg\" alt=\"\" class=\"wp-image-54820\" srcset=\"https:\/\/fedai.az\/wp-content\/uploads\/2021\/11\/IMG-20211124-WA0032.jpg 1000w, https:\/\/fedai.az\/wp-content\/uploads\/2021\/11\/IMG-20211124-WA0032-300x205.jpg 300w, https:\/\/fedai.az\/wp-content\/uploads\/2021\/11\/IMG-20211124-WA0032-150x102.jpg 150w, https:\/\/fedai.az\/wp-content\/uploads\/2021\/11\/IMG-20211124-WA0032-768x525.jpg 768w\" sizes=\"auto, (max-width: 1000px) 100vw, 1000px\" \/><\/figure>\n\n\n\n<p>&nbsp;&nbsp;&nbsp;&nbsp;&nbsp; Kamil Cavan\u015fir o\u011flu Qurbanov 1992-2016-c\u0131 ill\u0259rd\u0259 Daxili Qo\u015funlar\u0131n Ba\u015f \u0130dar\u0259sinin N\u0259rimanov, A\u011fdam,&nbsp; F\u00fczuli, X\u0259tai, Zaqatala rayonlar\u0131nda v\u0259 G\u0259nc\u0259 \u015f\u0259h\u0259rind\u0259 yerl\u0259\u015f\u0259n h\u0259rbi hiss\u0259l\u0259rind\u0259 m\u00fcddd\u0259tli h\u0259qqi h\u0259rbi xidm\u0259td\u0259 olub v\u0259&nbsp; M\u00fch\u0259ndis \u0130stehkam b\u00f6l\u00fcy\u00fcn ba\u015f cavu\u015fu, \u0259lahidd\u0259 taq\u0131m komandiri, M\u00fch\u0259ndis v\u0259 Kimya xidm\u0259t r\u0259isi, X\u00fcsusi Vasit\u0259l\u0259rin T\u0259tbiqi D\u0259st\u0259 komandirinin m\u00fcavini-q\u0259rargah r\u0259isi v\u0259zif\u0259l\u0259rind\u0259 V\u0259t\u0259n\u0259 D\u00f6vl\u0259t\u0259 v\u0259 xalqa s\u0259daq\u0259tl\u0259 xidm\u0259t etmi\u015fdir.<\/p>\n\n\n\n<p>&nbsp;&nbsp;&nbsp;&nbsp;&nbsp; M\u00fcharib\u0259 Veteran\u0131 ehtiyatda olan mayor Qurbanov Kamil Cavan\u015fir o\u011flu 2016-ci ild\u0259n T\u0130ENS \u015firk\u0259tind\u0259 qrup r\u0259hb\u0259ri v\u0259zif\u0259sind\u0259 i\u015fl\u0259yir.<\/p>\n\n\n\n<figure class=\"wp-block-gallery columns-3 is-cropped wp-block-gallery-2 is-layout-flex wp-block-gallery-is-layout-flex\"><ul class=\"blocks-gallery-grid\"><li class=\"blocks-gallery-item\"><figure><img loading=\"lazy\" decoding=\"async\" width=\"690\" height=\"873\" src=\"https:\/\/fedai.az\/wp-content\/uploads\/2021\/11\/20211125_163738.jpg\" alt=\"\" data-id=\"54821\" data-link=\"https:\/\/fedai.az\/?attachment_id=54821\" class=\"wp-image-54821\" srcset=\"https:\/\/fedai.az\/wp-content\/uploads\/2021\/11\/20211125_163738.jpg 690w, https:\/\/fedai.az\/wp-content\/uploads\/2021\/11\/20211125_163738-237x300.jpg 237w, https:\/\/fedai.az\/wp-content\/uploads\/2021\/11\/20211125_163738-119x150.jpg 119w\" sizes=\"auto, (max-width: 690px) 100vw, 690px\" \/><\/figure><\/li><li class=\"blocks-gallery-item\"><figure><img loading=\"lazy\" decoding=\"async\" width=\"789\" height=\"1024\" src=\"https:\/\/fedai.az\/wp-content\/uploads\/2021\/11\/n7-2-789x1024.jpg\" alt=\"\" data-id=\"54822\" data-link=\"https:\/\/fedai.az\/?attachment_id=54822\" class=\"wp-image-54822\" srcset=\"https:\/\/fedai.az\/wp-content\/uploads\/2021\/11\/n7-2-789x1024.jpg 789w, https:\/\/fedai.az\/wp-content\/uploads\/2021\/11\/n7-2-231x300.jpg 231w, https:\/\/fedai.az\/wp-content\/uploads\/2021\/11\/n7-2-116x150.jpg 116w, https:\/\/fedai.az\/wp-content\/uploads\/2021\/11\/n7-2-768x997.jpg 768w, https:\/\/fedai.az\/wp-content\/uploads\/2021\/11\/n7-2.jpg 1080w\" sizes=\"auto, (max-width: 789px) 100vw, 789px\" \/><\/figure><\/li><li class=\"blocks-gallery-item\"><figure><img loading=\"lazy\" decoding=\"async\" width=\"473\" height=\"1024\" src=\"https:\/\/fedai.az\/wp-content\/uploads\/2021\/11\/b67-473x1024.jpg\" alt=\"\" data-id=\"54823\" data-full-url=\"https:\/\/fedai.az\/wp-content\/uploads\/2021\/11\/b67.jpg\" data-link=\"https:\/\/fedai.az\/?attachment_id=54823\" class=\"wp-image-54823\" srcset=\"https:\/\/fedai.az\/wp-content\/uploads\/2021\/11\/b67-473x1024.jpg 473w, https:\/\/fedai.az\/wp-content\/uploads\/2021\/11\/b67-139x300.jpg 139w, https:\/\/fedai.az\/wp-content\/uploads\/2021\/11\/b67-69x150.jpg 69w, https:\/\/fedai.az\/wp-content\/uploads\/2021\/11\/b67-768x1661.jpg 768w, https:\/\/fedai.az\/wp-content\/uploads\/2021\/11\/b67-710x1536.jpg 710w, https:\/\/fedai.az\/wp-content\/uploads\/2021\/11\/b67.jpg 809w\" sizes=\"auto, (max-width: 473px) 100vw, 473px\" \/><\/figure><\/li><\/ul><\/figure>\n\n\n\n<p>&nbsp;&nbsp;&nbsp; O, Daxili Qo\u015funlarda xidm\u0259t etdiyi ill\u0259r \u0259rzind\u0259 \u00f6zun\u00fc u\u015faq vaxtlar\u0131ndan, g\u00f6z\u0259l ail\u0259 v\u0259 m\u0259kt\u0259b t\u0259rbiy\u0259si il\u0259 b\u00f6y\u00fcm\u00fc\u015f, \u0259xlaq\u0131 t\u0259rbiy\u0259si yerind\u0259 olan, nizam v\u0259 intizaml\u0131 h\u0259rbi\u00e7i k\u0131m\u0131 g\u00f6st\u0259rmi\u015fdir. O i\u015fl\u0259diyi v\u0259 oxudu\u011fu&nbsp;&nbsp; t\u0259hsil m\u00fc\u0259ssis\u0259l\u0259rind\u0259, ya\u015fad\u0131\u011f\u0131 \u0259razid\u0259&nbsp; kollektiv aras\u0131nda h\u0259mi\u015f\u0259 m\u00fcsb\u0259t m\u0259nada se\u00e7il\u0259r\u0259k, ba\u015fqalar\u0131 \u00fc\u00e7\u00fcn&nbsp; n\u00fcmun\u0259 olmu\u015fdur.<\/p>\n\n\n\n<p>&nbsp;&nbsp;&nbsp;&nbsp;&nbsp; Az\u0259rbaycan Respublikas\u0131nda ictimai qaydan\u0131n v\u0259 ictimai t\u0259hl\u00fck\u0259sizliyin qorunmas\u0131nda, m\u00fct\u0259\u015f\u0259kkil cinay\u0259tkarl\u0131\u011fa qar\u015f\u0131 m\u00fcbariz\u0259d\u0259, qanunsuz silahl\u0131 d\u0259st\u0259l\u0259rin z\u0259r\u0259rsizl\u0259\u015fdirilm\u0259sind\u0259, d\u00f6vl\u0259tin \u0259razi b\u00fct\u00f6vl\u00fcy\u00fcn\u00fcn t\u0259min edilm\u0259sind\u0259, f\u00f6vqalad\u0259 v\u0259ziyy\u0259tin t\u0259min edilm\u0259sind\u0259 \u00fcz\u0259rin\u0259 d\u00fc\u015f\u0259n v\u0259zif\u0259l\u0259rin \u00f6hd\u0259sind\u0259n layiqinc\u0259 g\u0259lmi\u015fdir.<\/p>\n\n\n\n<p>&nbsp;&nbsp;&nbsp;&nbsp;&nbsp; O, qorxmaz insanp\u0259rv\u0259r, saxav\u0259tli, \u0259lia\u00e7\u0131q,z\u0259hm\u0259tke\u015f h\u0259rbi\u00e7i olmu\u015fdur. Kamil Qurbanov ist\u0259r, ya\u015fad\u0131\u011f\u0131 \u0259razid\u0259,&nbsp; t\u0259hsil ald\u0131\u011f\u0131 orta v\u0259 ali m\u0259kt\u0259bl\u0259rd\u0259,&nbsp; ist\u0259rs\u0259 d\u0259&nbsp; xidm\u0259t etdiyi v\u0259 i\u015fl\u0259diyi kolektivl\u0259rd\u0259, dost -tan\u0131\u015f&nbsp; v\u0259 qohum-\u0259qr\u0259ba aras\u0131nda \u00f6z\u00fcn\u0259 layiq h\u00f6rm\u0259t qazanm\u0131\u015fd\u0131r.<\/p>\n\n\n\n<figure class=\"wp-block-image size-large is-resized\"><img loading=\"lazy\" decoding=\"async\" src=\"https:\/\/fedai.az\/wp-content\/uploads\/2021\/11\/j5-1-827x1024.jpg\" alt=\"\" class=\"wp-image-54824\" width=\"917\" height=\"1135\" srcset=\"https:\/\/fedai.az\/wp-content\/uploads\/2021\/11\/j5-1-827x1024.jpg 827w, https:\/\/fedai.az\/wp-content\/uploads\/2021\/11\/j5-1-242x300.jpg 242w, https:\/\/fedai.az\/wp-content\/uploads\/2021\/11\/j5-1-121x150.jpg 121w, https:\/\/fedai.az\/wp-content\/uploads\/2021\/11\/j5-1-768x951.jpg 768w, https:\/\/fedai.az\/wp-content\/uploads\/2021\/11\/j5-1.jpg 1079w\" sizes=\"auto, (max-width: 917px) 100vw, 917px\" \/><\/figure>\n\n\n\n<p>&nbsp;&nbsp;&nbsp; O, Az\u0259rbaycan Respublikas\u0131 Konstitusiyas\u0131na v\u0259 qanunlar\u0131na \u0259m\u0259l etm\u0259kd\u0259, h\u0259rbi and\u0131n v\u0259 h\u0259rbi nizamnam\u0259l\u0259rin t\u0259l\u0259bl\u0259rinin yerin\u0259 yetirilm\u0259sind\u0259 tabe\u00e7iliyind\u0259 olanlar \u00fc\u00e7\u00fcn n\u00fcmun\u0259 olmu\u015fdur.<\/p>\n\n\n\n<p>&nbsp;&nbsp;&nbsp;&nbsp; H\u0259r&nbsp; ili h\u0259rbi hiss\u0259l\u0259rd\u0259 v\u0259 \u0259lahidd\u0259 b\u00f6lm\u0259l\u0259rd\u0259 ke\u00e7iril\u0259n t\u0259fti\u015f, yekun, t\u0259lim&nbsp; (kompleks) v\u0259 \u00fcmumi yoxlamalar\u0131n&nbsp; n\u0259tic\u0259l\u0259rin\u0259&nbsp;&nbsp; g\u00f6r\u0259&nbsp; Kamil Cavan\u015fir o\u011flu Qurbanovun komandir oldu\u011fu \u0259lahidd\u0259 taq\u0131m qo\u015funlar \u00fczr\u0259 birinci yeri tutdu\u011fu \u00fc\u00e7\u00fcn m\u00fcvafiq diplomlarla v\u0259 f\u0259xri f\u0259rmanlarla, qiym\u0259tli h\u0259diyy\u0259l\u0259rl\u0259 m\u00fckafatland\u0131rl\u0131b v\u0259 ona t\u0259\u015f\u0259kk\u00fcr elan edilib.<\/p>\n\n\n\n<figure class=\"wp-block-gallery columns-2 is-cropped wp-block-gallery-3 is-layout-flex wp-block-gallery-is-layout-flex\"><ul class=\"blocks-gallery-grid\"><li class=\"blocks-gallery-item\"><figure><img loading=\"lazy\" decoding=\"async\" width=\"776\" height=\"1024\" src=\"https:\/\/fedai.az\/wp-content\/uploads\/2021\/11\/i80-2-776x1024.jpg\" alt=\"\" data-id=\"54825\" data-link=\"https:\/\/fedai.az\/?attachment_id=54825\" class=\"wp-image-54825\" srcset=\"https:\/\/fedai.az\/wp-content\/uploads\/2021\/11\/i80-2-776x1024.jpg 776w, https:\/\/fedai.az\/wp-content\/uploads\/2021\/11\/i80-2-227x300.jpg 227w, https:\/\/fedai.az\/wp-content\/uploads\/2021\/11\/i80-2-114x150.jpg 114w, https:\/\/fedai.az\/wp-content\/uploads\/2021\/11\/i80-2-768x1013.jpg 768w, https:\/\/fedai.az\/wp-content\/uploads\/2021\/11\/i80-2.jpg 1079w\" sizes=\"auto, (max-width: 776px) 100vw, 776px\" \/><\/figure><\/li><li class=\"blocks-gallery-item\"><figure><img loading=\"lazy\" decoding=\"async\" width=\"1024\" height=\"659\" src=\"https:\/\/fedai.az\/wp-content\/uploads\/2021\/11\/IMG-20211124-WA0034-1024x659.jpg\" alt=\"\" data-id=\"54826\" data-full-url=\"https:\/\/fedai.az\/wp-content\/uploads\/2021\/11\/IMG-20211124-WA0034.jpg\" data-link=\"https:\/\/fedai.az\/?attachment_id=54826\" class=\"wp-image-54826\" srcset=\"https:\/\/fedai.az\/wp-content\/uploads\/2021\/11\/IMG-20211124-WA0034-1024x659.jpg 1024w, https:\/\/fedai.az\/wp-content\/uploads\/2021\/11\/IMG-20211124-WA0034-300x193.jpg 300w, https:\/\/fedai.az\/wp-content\/uploads\/2021\/11\/IMG-20211124-WA0034-150x97.jpg 150w, https:\/\/fedai.az\/wp-content\/uploads\/2021\/11\/IMG-20211124-WA0034-768x494.jpg 768w, https:\/\/fedai.az\/wp-content\/uploads\/2021\/11\/IMG-20211124-WA0034-115x73.jpg 115w, https:\/\/fedai.az\/wp-content\/uploads\/2021\/11\/IMG-20211124-WA0034.jpg 1280w\" sizes=\"auto, (max-width: 1024px) 100vw, 1024px\" \/><\/figure><\/li><\/ul><\/figure>\n\n\n\n<p>&nbsp;&nbsp;&nbsp;&nbsp;&nbsp; H\u0259rbi xidm\u0259ti v\u0259zif\u0259l\u0259rinin icras\u0131 zaman\u0131 y\u00fcks\u0259k m\u0259n\u0259vi- d\u00f6y\u00fc\u015f keyfiyy\u0259tl\u0259ri g\u00f6st\u0259rdiyin\u0259, d\u00f6y\u00fc\u015f v\u0259 ictimai siyasi haz\u0131rl\u0131\u011f\u0131nda,h\u0259rbi intizam\u0131n m\u00f6hk\u0259ml\u0259ndirilm\u0259sind\u0259, y\u00fcks\u0259k n\u0259tic\u0259l\u0259r\u0259 nail oldu\u011funa, n\u00fcmun\u0259vi&nbsp; xidm\u0259tin\u0259 el\u0259c\u0259d\u0259 h\u0259rbi v\u0259zif\u0259l\u0259rinin yerin\u0259 yetirilm\u0259sin\u0259&nbsp; m\u0259suliyy\u0259tl\u0259 yana\u015fd\u0131\u011f\u0131na g\u00f6r\u0259 Daxili \u0130\u015fl\u0259r Nazirinin v\u0259 Daxili Qosunlar komandan\u0131n m\u00fcvafiq \u0259mrl\u0259ri il\u0259 \u018fla xidm\u0259tl\u0259r\u0259 g\u00f6r\u0259 d\u00f6\u015f v\u0259 yubiley ni\u015fanlar\u0131 il\u0259, Az\u0259rbaycan Respublikas\u0131n\u0131n Prezidenti ad\u0131ndan is\u0259 Daxili \u0130\u015fl\u0259r Nazirliyinin m\u00fcvafiq \u0259mrl\u0259ri il\u0259&nbsp; &#171;Q\u00fcsursuz xidm\u0259tl\u0259r\u0259 g\u00f6r\u0259 1ci, 2-ci v\u0259 3-c\u00fc d\u0259r\u0259c\u0259li,&nbsp; &#171;Silahl\u0131 Q\u00fcvv\u0259l\u0259rinin yaranmas\u0131n\u0131n is\u0259 10-iliyi, 90-illiyi&nbsp; v\u0259 95-iliyi medallar\u0131 il\u0259 t\u0259ltif edilib<\/p>\n\n\n\n<p>&nbsp;&nbsp;&nbsp;&nbsp;&nbsp; Az\u0259rbaycan Respublikas\u0131n\u0131n Prezidentinin&nbsp; 11 mart 2008 ci il tarixli s\u0259r\u0259ncam\u0131 il\u0259 mayor Qurbanov Kamil Cavan\u015fir o\u011flu&nbsp; &#171;H\u018fRB\u0130&nbsp; X\u0130DM\u018fTL\u018fR\u018f G\u00d6R\u018f &#187; medala t\u0259ltif&nbsp; olunub.<\/p>\n\n\n\n<p><strong>DO\u011eUM G\u00dcN\u00dcN M\u00dcBAR\u018fK OLSUN, KAM\u0130L B\u018fY!<\/strong><\/p>\n\n\n\n<p><strong>B\u00dcT\u00dcN ARZULARIN \u00c7\u0130N OLSUN!<\/strong><\/p>\n\n\n\n<p><strong>H\u018fM\u0130\u015e\u018f \u00dcZ\u00dcN G\u00dcLS\u00dcN, \u00dcR\u018fY\u0130N SEV\u0130NS\u0130N!<\/strong><\/p>\n\n\n\n<p><strong>ALLAH H\u018fR ZAMAN Q\u018fLB\u0130N\u0130 SIXINTIDAN, B\u018fDB\u0130NL\u0130KD\u018fN QORUSUN!<\/strong><\/p>\n\n\n\n<p><strong>DA\u0130MA XO\u015eB\u018fXT YA\u015eA, \u00d6MR\u00dcN UZUN OLSUN!<\/strong><\/p>\n\n\n\n<p><strong>D\u0259rin h\u00f6rm\u0259tl\u0259, Az\u0259rbaycan V\u0259t\u0259n M\u00fcharib\u0259si Veteranlar\u0131 \u0130ctimai Birliyinins\u0259dr m\u00fcavini polkovnik Salman Musayev<\/strong><\/p>\n\n\n\n<figure class=\"wp-block-gallery columns-2 is-cropped wp-block-gallery-4 is-layout-flex wp-block-gallery-is-layout-flex\"><ul class=\"blocks-gallery-grid\"><li class=\"blocks-gallery-item\"><figure><img loading=\"lazy\" decoding=\"async\" width=\"600\" height=\"600\" src=\"https:\/\/fedai.az\/wp-content\/uploads\/2021\/11\/8265a327389da9fe4fdc2714b309120e-1-1.jpg\" alt=\"\" data-id=\"54742\" data-full-url=\"https:\/\/fedai.az\/wp-content\/uploads\/2021\/11\/8265a327389da9fe4fdc2714b309120e-1-1.jpg\" data-link=\"https:\/\/fedai.az\/?attachment_id=54742\" class=\"wp-image-54742\" srcset=\"https:\/\/fedai.az\/wp-content\/uploads\/2021\/11\/8265a327389da9fe4fdc2714b309120e-1-1.jpg 600w, https:\/\/fedai.az\/wp-content\/uploads\/2021\/11\/8265a327389da9fe4fdc2714b309120e-1-1-300x300.jpg 300w, https:\/\/fedai.az\/wp-content\/uploads\/2021\/11\/8265a327389da9fe4fdc2714b309120e-1-1-150x150.jpg 150w, https:\/\/fedai.az\/wp-content\/uploads\/2021\/11\/8265a327389da9fe4fdc2714b309120e-1-1-215x215.jpg 215w\" sizes=\"auto, (max-width: 600px) 100vw, 600px\" \/><\/figure><\/li><li class=\"blocks-gallery-item\"><figure><img loading=\"lazy\" decoding=\"async\" width=\"469\" height=\"1000\" src=\"https:\/\/fedai.az\/wp-content\/uploads\/2021\/11\/IMG-20211124-WA0033.jpg\" alt=\"\" data-id=\"54827\" data-full-url=\"https:\/\/fedai.az\/wp-content\/uploads\/2021\/11\/IMG-20211124-WA0033.jpg\" data-link=\"https:\/\/fedai.az\/?attachment_id=54827\" class=\"wp-image-54827\" srcset=\"https:\/\/fedai.az\/wp-content\/uploads\/2021\/11\/IMG-20211124-WA0033.jpg 469w, https:\/\/fedai.az\/wp-content\/uploads\/2021\/11\/IMG-20211124-WA0033-141x300.jpg 141w, https:\/\/fedai.az\/wp-content\/uploads\/2021\/11\/IMG-20211124-WA0033-70x150.jpg 70w\" sizes=\"auto, (max-width: 469px) 100vw, 469px\" \/><\/figure><\/li><\/ul><\/figure>\n","protected":false},"excerpt":{"rendered":"<p>Y\u00fcks\u0259k pe\u015f\u0259karl\u0131\u011f\u0131 v\u0259 humanistliyi il\u0259, n\u0259z\u0259ri v\u0259 praktiki biliyi il\u0259 (t\u0259c\u00fcrb\u0259si il\u0259), m\u0259n\u0259vi v\u0259 i\u015fg\u00fczar keyfiyy\u0259ti il\u0259, sad\u0259liyi v\u0259 s\u0259mimiyy\u0259ti il\u0259, d\u0259qiqliyi v\u0259 t\u0259mkinliyi<\/p>\n","protected":false},"author":2,"featured_media":54828,"comment_status":"closed","ping_status":"closed","sticky":false,"template":"","format":"standard","meta":{"footnotes":""},"categories":[5],"tags":[],"class_list":["post-54816","post","type-post","status-publish","format-standard","has-post-thumbnail","hentry","category-veteran"],"aioseo_notices":[],"_links":{"self":[{"href":"https:\/\/fedai.az\/index.php?rest_route=\/wp\/v2\/posts\/54816","targetHints":{"allow":["GET"]}}],"collection":[{"href":"https:\/\/fedai.az\/index.php?rest_route=\/wp\/v2\/posts"}],"about":[{"href":"https:\/\/fedai.az\/index.php?rest_route=\/wp\/v2\/types\/post"}],"author":[{"embeddable":true,"href":"https:\/\/fedai.az\/index.php?rest_route=\/wp\/v2\/users\/2"}],"replies":[{"embeddable":true,"href":"https:\/\/fedai.az\/index.php?rest_route=%2Fwp%2Fv2%2Fcomments&post=54816"}],"version-history":[{"count":2,"href":"https:\/\/fedai.az\/index.php?rest_route=\/wp\/v2\/posts\/54816\/revisions"}],"predecessor-version":[{"id":54834,"href":"https:\/\/fedai.az\/index.php?rest_route=\/wp\/v2\/posts\/54816\/revisions\/54834"}],"wp:featuredmedia":[{"embeddable":true,"href":"https:\/\/fedai.az\/index.php?rest_route=\/wp\/v2\/media\/54828"}],"wp:attachment":[{"href":"https:\/\/fedai.az\/index.php?rest_route=%2Fwp%2Fv2%2Fmedia&parent=54816"}],"wp:term":[{"taxonomy":"category","embeddable":true,"href":"https:\/\/fedai.az\/index.php?rest_route=%2Fwp%2Fv2%2Fcategories&post=54816"},{"taxonomy":"post_tag","embeddable":true,"href":"https:\/\/fedai.az\/index.php?rest_route=%2Fwp%2Fv2%2Ftags&post=54816"}],"curies":[{"name":"wp","href":"https:\/\/api.w.org\/{rel}","templated":true}]}}