{"id":54830,"date":"2021-11-26T01:19:44","date_gmt":"2021-11-25T21:19:44","guid":{"rendered":"https:\/\/fedai.az\/?p=54830"},"modified":"2021-11-26T01:19:46","modified_gmt":"2021-11-25T21:19:46","slug":"erm%c9%99nistanda-qalmaqala-s%c9%99b%c9%99b-olan-fotolar","status":"publish","type":"post","link":"https:\/\/fedai.az\/?p=54830","title":{"rendered":"ERM\u018fN\u0130STANDA QALMAQALA S\u018fB\u018fB OLAN FOTOLAR"},"content":{"rendered":"\n<p><strong>Erm\u0259nistan Respublikas\u0131n\u0131n Fransadak\u0131 s\u0259firi Hasmik Tolmacyan \u015eU\u015eANIN qaytar\u0131lmas\u0131n\u0131 qeyd ed\u0259n Az\u0259rbaycan t\u0259bli\u011fat\u0131n\u0131n yer ald\u0131\u011f\u0131 s\u0259hif\u0259ni b\u0259y\u0259nib. (Foto) <\/strong><\/p>\n\n\n\n<p>Bu i\u015fd\u0259 \u0259sas QALMAQALA s\u0259b\u0259b olan is\u0259 \u015f\u0259klin t\u0259bli\u011fi il\u0259 birlikd\u0259, erm\u0259ni soyadl\u0131 bu \u0259xlaqs\u0131z\u0131n, y\u0259ni Vigen \u00c7etiryan\u0131n Bak\u0131da ADA Universitetind\u0259 m\u00fchazir\u0259 oxumas\u0131 il\u0259 eyni vaxtda, h\u0259m d\u0259 \u015eU\u015eAn\u0131n erm\u0259ni i\u015f\u011fal\u0131ndan azad olunmas\u0131n\u0131 t\u0259nt\u0259n\u0259li \u015f\u0259kild\u0259 qeyd ed\u0259n Az\u0259rbaycanl\u0131lar\u0131 t\u0259bli\u011f ed\u0259n s\u0259hif\u0259ni b\u0259y\u0259nm\u0259sidir&#8230; -dey\u0259 erm\u0259ni sayt\u0131 yaz\u0131r. <\/p>\n\n\n\n<p><strong>\u0130SMAYIL TANRIVERD\u0130 <\/strong><\/p>\n\n\n\n<p><strong> BDU-nun Erm\u0259ni Ara\u015fd\u0131rmalar\u0131 v\u0259 T\u0259lim M\u0259rk\u0259zinin direktoru<\/strong><\/p>\n\n\n\n<figure class=\"wp-block-image size-large\"><img loading=\"lazy\" decoding=\"async\" width=\"526\" height=\"839\" src=\"https:\/\/fedai.az\/wp-content\/uploads\/2021\/11\/260735999_1853112441527730_8775729756232056935_n.jpg\" alt=\"\" class=\"wp-image-54831\" srcset=\"https:\/\/fedai.az\/wp-content\/uploads\/2021\/11\/260735999_1853112441527730_8775729756232056935_n.jpg 526w, https:\/\/fedai.az\/wp-content\/uploads\/2021\/11\/260735999_1853112441527730_8775729756232056935_n-188x300.jpg 188w, https:\/\/fedai.az\/wp-content\/uploads\/2021\/11\/260735999_1853112441527730_8775729756232056935_n-94x150.jpg 94w\" sizes=\"auto, (max-width: 526px) 100vw, 526px\" \/><\/figure>\n","protected":false},"excerpt":{"rendered":"<p>Erm\u0259nistan Respublikas\u0131n\u0131n Fransadak\u0131 s\u0259firi Hasmik Tolmacyan \u015eU\u015eANIN qaytar\u0131lmas\u0131n\u0131 qeyd ed\u0259n Az\u0259rbaycan t\u0259bli\u011fat\u0131n\u0131n yer ald\u0131\u011f\u0131 s\u0259hif\u0259ni b\u0259y\u0259nib. (Foto) Bu i\u015fd\u0259 \u0259sas QALMAQALA s\u0259b\u0259b olan is\u0259<\/p>\n","protected":false},"author":2,"featured_media":54832,"comment_status":"closed","ping_status":"closed","sticky":false,"template":"","format":"standard","meta":{"footnotes":""},"categories":[4],"tags":[],"class_list":["post-54830","post","type-post","status-publish","format-standard","has-post-thumbnail","hentry","category-qarabag"],"aioseo_notices":[],"_links":{"self":[{"href":"https:\/\/fedai.az\/index.php?rest_route=\/wp\/v2\/posts\/54830","targetHints":{"allow":["GET"]}}],"collection":[{"href":"https:\/\/fedai.az\/index.php?rest_route=\/wp\/v2\/posts"}],"about":[{"href":"https:\/\/fedai.az\/index.php?rest_route=\/wp\/v2\/types\/post"}],"author":[{"embeddable":true,"href":"https:\/\/fedai.az\/index.php?rest_route=\/wp\/v2\/users\/2"}],"replies":[{"embeddable":true,"href":"https:\/\/fedai.az\/index.php?rest_route=%2Fwp%2Fv2%2Fcomments&post=54830"}],"version-history":[{"count":1,"href":"https:\/\/fedai.az\/index.php?rest_route=\/wp\/v2\/posts\/54830\/revisions"}],"predecessor-version":[{"id":54833,"href":"https:\/\/fedai.az\/index.php?rest_route=\/wp\/v2\/posts\/54830\/revisions\/54833"}],"wp:featuredmedia":[{"embeddable":true,"href":"https:\/\/fedai.az\/index.php?rest_route=\/wp\/v2\/media\/54832"}],"wp:attachment":[{"href":"https:\/\/fedai.az\/index.php?rest_route=%2Fwp%2Fv2%2Fmedia&parent=54830"}],"wp:term":[{"taxonomy":"category","embeddable":true,"href":"https:\/\/fedai.az\/index.php?rest_route=%2Fwp%2Fv2%2Fcategories&post=54830"},{"taxonomy":"post_tag","embeddable":true,"href":"https:\/\/fedai.az\/index.php?rest_route=%2Fwp%2Fv2%2Ftags&post=54830"}],"curies":[{"name":"wp","href":"https:\/\/api.w.org\/{rel}","templated":true}]}}