{"id":54835,"date":"2021-11-26T02:07:21","date_gmt":"2021-11-25T22:07:21","guid":{"rendered":"https:\/\/fedai.az\/?p=54835"},"modified":"2021-11-26T11:43:30","modified_gmt":"2021-11-26T07:43:30","slug":"g%c9%99nc-veteranimiz-avmvib-sabuncu-rayon-sob%c9%99si-s%c9%99drinin-muavini-t%c9%99yin-olundu","status":"publish","type":"post","link":"https:\/\/fedai.az\/?p=54835","title":{"rendered":"G\u0259nc veteran\u0131m\u0131z AVMV\u0130B Sabun\u00e7u rayon \u015f\u00f6b\u0259si s\u0259drinin m\u00fcavini t\u0259yin olundu"},"content":{"rendered":"\n<p><strong>44 g\u00fcnl\u00fck V\u0259t\u0259n m\u00fcharib\u0259si i\u015ftirak\u00e7\u0131lar\u0131n\u0131n b\u00f6y\u00fck qismi Az\u0259rbaycan V\u0259t\u0259n M\u00fcharib\u0259si Veteranlar\u0131 \u0130ctimai Birliyin\u0259 (AVMV\u0130B) \u00fczv olublar. G\u0259nc veteranlar\u0131m\u0131z\u0131n t\u0259msil\u00e7iliyini v\u0259 veteran h\u0259r\u0259kat\u0131nda yax\u0131ndan i\u015ftirak\u0131n\u0131 t\u0259min etm\u0259k \u00fc\u00e7\u00fcn onlar\u0131n idar\u0259etm\u0259y\u0259 c\u0259lb olunmas\u0131na start verilib.<\/strong><\/p>\n\n\n\n<p><br>44 g\u00fcnl\u00fck V\u0259t\u0259n m\u00fcharib\u0259si i\u015ftirak\u00e7\u0131s\u0131 <strong>Yusif M\u00fcbariz o\u011flu S\u0259m\u0259dov<\/strong> AVMV\u0130B Sabun\u00e7u rayon \u015f\u00f6b\u0259si s\u0259drinin m\u00fcavini t\u0259yin olunub.<\/p>\n\n\n\n<p><br>Bu bar\u0259d\u0259 Az\u0259rbaycan V\u0259t\u0259n M\u00fcharib\u0259si Veteranlar\u0131 \u0130ctimai Birliyi (AVMV\u0130B) s\u0259drinin t\u0259\u015fkilati i\u015fl\u0259r \u00fczr\u0259 m\u00fcavini Vahid Abdur\u0259hmanov m\u0259lumat verib.<\/p>\n\n\n\n<figure class=\"wp-block-image size-large is-resized\"><img loading=\"lazy\" decoding=\"async\" src=\"https:\/\/fedai.az\/wp-content\/uploads\/2021\/11\/260964579_319213563089975_1599816066428615191_n-576x1024.jpg\" alt=\"\" class=\"wp-image-54836\" width=\"920\" height=\"1635\" srcset=\"https:\/\/fedai.az\/wp-content\/uploads\/2021\/11\/260964579_319213563089975_1599816066428615191_n-576x1024.jpg 576w, https:\/\/fedai.az\/wp-content\/uploads\/2021\/11\/260964579_319213563089975_1599816066428615191_n-169x300.jpg 169w, https:\/\/fedai.az\/wp-content\/uploads\/2021\/11\/260964579_319213563089975_1599816066428615191_n-84x150.jpg 84w, https:\/\/fedai.az\/wp-content\/uploads\/2021\/11\/260964579_319213563089975_1599816066428615191_n.jpg 720w\" sizes=\"auto, (max-width: 920px) 100vw, 920px\" \/><\/figure>\n\n\n\n<p><br>Vahid Abdur\u0259hmanov bildirdi ki, bu prosesl\u0259r davam ed\u0259c\u0259k v\u0259 g\u0259ncl\u0259rimizin Birliyin ictimai h\u0259yat\u0131nda rolu art\u0131r\u0131lacaq. Aidiyyatl\u0131 qurumlar d\u00f6y\u00fc\u015fd\u0259n geri d\u00f6nm\u00fc\u015f d\u00f6y\u00fc\u015f\u00e7\u00fcl\u0259rimiz\u0259 laz\u0131mi diqq\u0259t ay\u0131rmamas\u0131 faktd\u0131r. Amma bu yanl\u0131\u015f siyas\u0259ti ayr\u0131-ayr\u0131 m\u0259murlar h\u0259yata ke\u00e7irirl\u0259r. D\u00f6vl\u0259timiz daim d\u00f6y\u00fc\u015f\u00e7\u00fcl\u0259rin yan\u0131ndad\u0131r.<\/p>\n\n\n\n<p>Az\u0259rbaycan V\u0259t\u0259n M\u00fcharib\u0259si Veteranlar\u0131 \u0130ctimai Birliyi (AVMV\u0130B) s\u0259drinin t\u0259\u015fkilati i\u015fl\u0259r \u00fczr\u0259 m\u00fcavini Vahid Abdur\u0259hmanov, Yusif M\u00fcbariz o\u011flu S\u0259m\u0259dovu AVMV\u0130B Sabun\u00e7u rayon \u015f\u00f6b\u0259si s\u0259drinin m\u00fcavini t\u0259yin olunmas\u0131 m\u00fcnasib\u0259tiyl\u0259 t\u0259brik edib v\u0259 g\u0259l\u0259c\u0259k f\u0259aliyy\u0259tind\u0259 u\u011furlar arzulay\u0131b.<\/p>\n\n\n\n<p><br><strong>T\u0259brik edirik!<\/strong><\/p>\n\n\n\n<p><strong><br>Elnur S\u0259lim<\/strong><\/p>\n\n\n\n<figure class=\"wp-block-image size-large\"><img loading=\"lazy\" decoding=\"async\" width=\"622\" height=\"1006\" src=\"https:\/\/fedai.az\/wp-content\/uploads\/2021\/11\/ppp0.jpg\" alt=\"\" class=\"wp-image-54838\" srcset=\"https:\/\/fedai.az\/wp-content\/uploads\/2021\/11\/ppp0.jpg 622w, https:\/\/fedai.az\/wp-content\/uploads\/2021\/11\/ppp0-185x300.jpg 185w, https:\/\/fedai.az\/wp-content\/uploads\/2021\/11\/ppp0-93x150.jpg 93w\" sizes=\"auto, (max-width: 622px) 100vw, 622px\" \/><\/figure>\n","protected":false},"excerpt":{"rendered":"<p>44 g\u00fcnl\u00fck V\u0259t\u0259n m\u00fcharib\u0259si i\u015ftirak\u00e7\u0131lar\u0131n\u0131n b\u00f6y\u00fck qismi Az\u0259rbaycan V\u0259t\u0259n M\u00fcharib\u0259si Veteranlar\u0131 \u0130ctimai Birliyin\u0259 (AVMV\u0130B) \u00fczv olublar. G\u0259nc veteranlar\u0131m\u0131z\u0131n t\u0259msil\u00e7iliyini v\u0259 veteran h\u0259r\u0259kat\u0131nda yax\u0131ndan i\u015ftirak\u0131n\u0131<\/p>\n","protected":false},"author":2,"featured_media":54837,"comment_status":"closed","ping_status":"closed","sticky":false,"template":"","format":"standard","meta":{"footnotes":""},"categories":[5],"tags":[],"class_list":["post-54835","post","type-post","status-publish","format-standard","has-post-thumbnail","hentry","category-veteran"],"aioseo_notices":[],"_links":{"self":[{"href":"https:\/\/fedai.az\/index.php?rest_route=\/wp\/v2\/posts\/54835","targetHints":{"allow":["GET"]}}],"collection":[{"href":"https:\/\/fedai.az\/index.php?rest_route=\/wp\/v2\/posts"}],"about":[{"href":"https:\/\/fedai.az\/index.php?rest_route=\/wp\/v2\/types\/post"}],"author":[{"embeddable":true,"href":"https:\/\/fedai.az\/index.php?rest_route=\/wp\/v2\/users\/2"}],"replies":[{"embeddable":true,"href":"https:\/\/fedai.az\/index.php?rest_route=%2Fwp%2Fv2%2Fcomments&post=54835"}],"version-history":[{"count":2,"href":"https:\/\/fedai.az\/index.php?rest_route=\/wp\/v2\/posts\/54835\/revisions"}],"predecessor-version":[{"id":54880,"href":"https:\/\/fedai.az\/index.php?rest_route=\/wp\/v2\/posts\/54835\/revisions\/54880"}],"wp:featuredmedia":[{"embeddable":true,"href":"https:\/\/fedai.az\/index.php?rest_route=\/wp\/v2\/media\/54837"}],"wp:attachment":[{"href":"https:\/\/fedai.az\/index.php?rest_route=%2Fwp%2Fv2%2Fmedia&parent=54835"}],"wp:term":[{"taxonomy":"category","embeddable":true,"href":"https:\/\/fedai.az\/index.php?rest_route=%2Fwp%2Fv2%2Fcategories&post=54835"},{"taxonomy":"post_tag","embeddable":true,"href":"https:\/\/fedai.az\/index.php?rest_route=%2Fwp%2Fv2%2Ftags&post=54835"}],"curies":[{"name":"wp","href":"https:\/\/api.w.org\/{rel}","templated":true}]}}