{"id":54841,"date":"2021-11-26T02:43:23","date_gmt":"2021-11-25T22:43:23","guid":{"rendered":"https:\/\/fedai.az\/?p=54841"},"modified":"2021-11-26T08:31:13","modified_gmt":"2021-11-26T04:31:13","slug":"54841","status":"publish","type":"post","link":"https:\/\/fedai.az\/?p=54841","title":{"rendered":"AVMV\u0130B Z\u0259ngilan rayon \u015f\u00f6b\u0259si 84.000-ci \u00fczv\u00fcl\u00fck v\u0259siq\u0259sini t\u0259qdim edib"},"content":{"rendered":"\n<p><strong>Az\u0259rbaycan V\u0259t\u0259n M\u00fcharib\u0259si Veteranlar\u0131 \u0130ctimai Birliyinin (AVMV\u0130B) \u00fczvl\u0259rinin say\u0131 84.000 n\u0259f\u0259ri \u00f6td\u00fc. 84.000-ci \u00fczv\u00fcl\u00fck v\u0259siq\u0259nin sahibi AVMV\u0130B Z\u0259ngilan rayon \u015f\u00f6b\u0259sinin \u00fczv\u00fc Soltan N\u0259c\u0259fqulu o\u011flu Quliyev olub.<\/strong><\/p>\n\n\n\n<p><br>Bu bar\u0259d\u0259 Az\u0259rbaycan V\u0259t\u0259n M\u00fcharib\u0259si Veteranlar\u0131 \u0130ctimai Birliyi (AVMV\u0130B) Z\u0259ngilan rayon \u015f\u00f6b\u0259sinin s\u0259dri Azad Musayev m\u0259lumat verib.<\/p>\n\n\n\n<figure class=\"wp-block-image size-large is-resized\"><img loading=\"lazy\" decoding=\"async\" src=\"https:\/\/fedai.az\/wp-content\/uploads\/2021\/11\/260016879_129293869512659_7877988069537554817_n.jpg\" alt=\"\" class=\"wp-image-54843\" width=\"917\" height=\"1222\" srcset=\"https:\/\/fedai.az\/wp-content\/uploads\/2021\/11\/260016879_129293869512659_7877988069537554817_n.jpg 526w, https:\/\/fedai.az\/wp-content\/uploads\/2021\/11\/260016879_129293869512659_7877988069537554817_n-225x300.jpg 225w, https:\/\/fedai.az\/wp-content\/uploads\/2021\/11\/260016879_129293869512659_7877988069537554817_n-113x150.jpg 113w\" sizes=\"auto, (max-width: 917px) 100vw, 917px\" \/><\/figure>\n\n\n\n<p><br>Azad Musayev bildirdi ki, 84.000-ci \u00fczvl\u00fck v\u0259siq\u0259nin sahibi Soltan Quliyev 1991-1993-c\u00fc ill\u0259rd\u0259 N sayl\u0131 h\u0259rbi hiss\u0259nin t\u0259rkibind\u0259 k\u00f6n\u00fcll\u00fc olaraq Z\u0259ngilan rayonunun m\u00fcdafi\u0259sind\u0259 i\u015ftirak edib. Z\u0259ngilan rayonunda \u015eobu qalas\u0131 v\u0259 \u015e\u00fck\u00fcrataz y\u00fcks\u0259kliyinin m\u00fcdafi\u0259sind\u0259 olub.<\/p>\n\n\n\n<figure class=\"wp-block-image size-large is-resized\"><img loading=\"lazy\" decoding=\"async\" src=\"https:\/\/fedai.az\/wp-content\/uploads\/2021\/11\/259833051_129293689512677_74311421490673260_n.jpg\" alt=\"\" class=\"wp-image-54842\" width=\"917\" height=\"1146\" srcset=\"https:\/\/fedai.az\/wp-content\/uploads\/2021\/11\/259833051_129293689512677_74311421490673260_n.jpg 512w, https:\/\/fedai.az\/wp-content\/uploads\/2021\/11\/259833051_129293689512677_74311421490673260_n-240x300.jpg 240w, https:\/\/fedai.az\/wp-content\/uploads\/2021\/11\/259833051_129293689512677_74311421490673260_n-120x150.jpg 120w\" sizes=\"auto, (max-width: 917px) 100vw, 917px\" \/><\/figure>\n\n\n\n<p><br>M\u00fcharib\u0259 veteran\u0131 Soltan Quliyevin o\u011flu Elsev\u0259r Soltan o\u011flu Quliyev d\u0259 44 g\u00fcnl\u00fck V\u0259t\u0259n m\u00fcharib\u0259sinin i\u015ftirak\u00e7\u0131s\u0131d\u0131r.<\/p>\n\n\n\n<p><strong>Nurlan M\u0259mm\u0259dli<\/strong><\/p>\n\n\n\n<figure class=\"wp-block-image size-large is-resized\"><img loading=\"lazy\" decoding=\"async\" src=\"https:\/\/fedai.az\/wp-content\/uploads\/2021\/11\/259971630_129293749512671_4454530115926834354_n.jpg\" alt=\"\" class=\"wp-image-54844\" width=\"918\" height=\"1223\" srcset=\"https:\/\/fedai.az\/wp-content\/uploads\/2021\/11\/259971630_129293749512671_4454530115926834354_n.jpg 526w, https:\/\/fedai.az\/wp-content\/uploads\/2021\/11\/259971630_129293749512671_4454530115926834354_n-225x300.jpg 225w, https:\/\/fedai.az\/wp-content\/uploads\/2021\/11\/259971630_129293749512671_4454530115926834354_n-113x150.jpg 113w\" sizes=\"auto, (max-width: 918px) 100vw, 918px\" \/><\/figure>\n","protected":false},"excerpt":{"rendered":"<p>Az\u0259rbaycan V\u0259t\u0259n M\u00fcharib\u0259si Veteranlar\u0131 \u0130ctimai Birliyinin (AVMV\u0130B) \u00fczvl\u0259rinin say\u0131 84.000 n\u0259f\u0259ri \u00f6td\u00fc. 84.000-ci \u00fczv\u00fcl\u00fck v\u0259siq\u0259nin sahibi AVMV\u0130B Z\u0259ngilan rayon \u015f\u00f6b\u0259sinin \u00fczv\u00fc Soltan N\u0259c\u0259fqulu o\u011flu<\/p>\n","protected":false},"author":2,"featured_media":54845,"comment_status":"closed","ping_status":"closed","sticky":false,"template":"","format":"standard","meta":{"footnotes":""},"categories":[5],"tags":[],"class_list":["post-54841","post","type-post","status-publish","format-standard","has-post-thumbnail","hentry","category-veteran"],"aioseo_notices":[],"_links":{"self":[{"href":"https:\/\/fedai.az\/index.php?rest_route=\/wp\/v2\/posts\/54841","targetHints":{"allow":["GET"]}}],"collection":[{"href":"https:\/\/fedai.az\/index.php?rest_route=\/wp\/v2\/posts"}],"about":[{"href":"https:\/\/fedai.az\/index.php?rest_route=\/wp\/v2\/types\/post"}],"author":[{"embeddable":true,"href":"https:\/\/fedai.az\/index.php?rest_route=\/wp\/v2\/users\/2"}],"replies":[{"embeddable":true,"href":"https:\/\/fedai.az\/index.php?rest_route=%2Fwp%2Fv2%2Fcomments&post=54841"}],"version-history":[{"count":2,"href":"https:\/\/fedai.az\/index.php?rest_route=\/wp\/v2\/posts\/54841\/revisions"}],"predecessor-version":[{"id":54869,"href":"https:\/\/fedai.az\/index.php?rest_route=\/wp\/v2\/posts\/54841\/revisions\/54869"}],"wp:featuredmedia":[{"embeddable":true,"href":"https:\/\/fedai.az\/index.php?rest_route=\/wp\/v2\/media\/54845"}],"wp:attachment":[{"href":"https:\/\/fedai.az\/index.php?rest_route=%2Fwp%2Fv2%2Fmedia&parent=54841"}],"wp:term":[{"taxonomy":"category","embeddable":true,"href":"https:\/\/fedai.az\/index.php?rest_route=%2Fwp%2Fv2%2Fcategories&post=54841"},{"taxonomy":"post_tag","embeddable":true,"href":"https:\/\/fedai.az\/index.php?rest_route=%2Fwp%2Fv2%2Ftags&post=54841"}],"curies":[{"name":"wp","href":"https:\/\/api.w.org\/{rel}","templated":true}]}}