{"id":54862,"date":"2021-11-26T03:41:52","date_gmt":"2021-11-25T23:41:52","guid":{"rendered":"https:\/\/fedai.az\/?p=54862"},"modified":"2021-11-26T03:41:55","modified_gmt":"2021-11-25T23:41:55","slug":"s%c9%99rh%c9%99d-danisiqlarini-ancaq-bizim-x%c9%99rit%c9%99l%c9%99rl%c9%99-aparmaq-olar-valentina-matviyenko","status":"publish","type":"post","link":"https:\/\/fedai.az\/?p=54862","title":{"rendered":"\u201cS\u0259rh\u0259d dan\u0131\u015f\u0131qlar\u0131n\u0131 ancaq bizim x\u0259rit\u0259l\u0259rl\u0259 aparmaq olar\u201d \u2013 Valentina Matviyenko"},"content":{"rendered":"\n<p><strong>Rusiya Federasiya \u015euras\u0131n\u0131n s\u0259dri Valentina Matviyenko MDB Parlamentl\u0259raras\u0131 Assambleyas\u0131n\u0131n toplant\u0131s\u0131nda i\u015ftirak etm\u0259k \u00fc\u00e7\u00fcn Sankt-Peterburqa s\u0259f\u0259r ed\u0259n Az\u0259rbaycan Milli M\u0259clisinin s\u0259dri Sahib\u0259 Qafarova il\u0259 g\u00f6r\u00fc\u015f\u00fcb. Alp.az Federasiya \u015euras\u0131n\u0131n r\u0259smi \u201csenatinform.ru\u201d portal\u0131na istinad\u0259n x\u0259b\u0259r verir ki, Matviyenko Az\u0259rbaycanla Erm\u0259nistan aras\u0131nda s\u0259rh\u0259dl\u0259rin demarkasiyas\u0131na v\u0259 delimitasiyas\u0131na dair dan\u0131\u015f\u0131qlar\u0131n ba\u015flamas\u0131 z\u0259rur\u0259tini qeyd edib.<\/strong><\/p>\n\n\n\n<p>\u201cDa\u011fl\u0131q Qaraba\u011f regionunda h\u0259rbi \u0259m\u0259liyyatlar\u0131n dayand\u0131r\u0131lmas\u0131na dair raz\u0131la\u015fman\u0131n imzalanmas\u0131ndan d\u00fcz bir il ke\u00e7ir. \u00dc\u00e7 d\u00f6vl\u0259tin (Az\u0259rbaycan, Erm\u0259nistan v\u0259 Rusiya) r\u0259hb\u0259rl\u0259rinin m\u00fcdrikliyi \u00e7atd\u0131 ki, qan ax\u0131d\u0131lmas\u0131n\u0131n dayand\u0131r\u0131lmas\u0131 namin\u0259 s\u0259n\u0259di imzalas\u0131nlar v\u0259 dinc dialoqa ke\u00e7sinl\u0259r. Lakin dan\u0131\u015f\u0131qlar prosesi l\u0259ng ir\u0259lil\u0259yir, buna g\u00f6r\u0259 d\u0259 regionda g\u0259rginlik qal\u0131r\u201d, \u2013 Rusiyan\u0131n ikinci \u015f\u0259xsi g\u00f6r\u00fc\u015fd\u0259 bildirib.<\/p>\n\n\n\n<p>Matviyenko vur\u011fulay\u0131b ki, bu g\u00fcn \u0259sas v\u0259zif\u0259 s\u0259rh\u0259dl\u0259rin o c\u00fcr m\u00fc\u0259yy\u0259n edilm\u0259sidir ki, t\u0259r\u0259fl\u0259rd\u0259n he\u00e7 birinin d\u00f6y\u00fc\u015f \u0259m\u0259liyyatlar\u0131n\u0131 b\u0259rpa arzusu meydana \u00e7\u0131xmas\u0131n.<\/p>\n\n\n\n<p><strong>\u201cRusiya bu i\u015f\u0259 \u00f6z k\u00f6m\u0259yini t\u0259klif edib, n\u0259z\u0259r\u0259 alaraq ki, sovet d\u00f6vr\u00fc x\u0259rit\u0259l\u0259ri ancaq bizd\u0259, M\u00fcdafi\u0259 Nazirliyind\u0259 saxlan\u0131l\u0131r. Onlar yoxlan\u0131l\u0131b, d\u0259qiqdir v\u0259 Az\u0259rbaycanla Erm\u0259nistan aras\u0131nda d\u0259qiq s\u0259rh\u0259dl\u0259ri m\u00fc\u0259yy\u0259n edir. Dan\u0131\u015f\u0131qlar\u0131 ancaq bu x\u0259rit\u0259l\u0259r \u0259sas\u0131nda inamla aparmaq olar v\u0259 Az\u0259rbaycanla Erm\u0259nistan bu yana\u015fman\u0131 d\u0259st\u0259kl\u0259yir. Anlay\u0131\u015f v\u0259 raz\u0131l\u0131q var, amma proses l\u0259ng gedir. Bunun da n\u0259tic\u0259sind\u0259 g\u0259rginlik yaran\u0131r\u201d, \u2013 Federasiya \u015euras\u0131n\u0131n s\u0259dri bel\u0259 deyib.<\/strong><\/p>\n\n\n\n<figure class=\"wp-block-image size-large is-resized\"><img loading=\"lazy\" decoding=\"async\" src=\"https:\/\/fedai.az\/wp-content\/uploads\/2021\/11\/33dec9c8-0123-478c-b21e-7f44b525beb2-1.jpg\" alt=\"\" class=\"wp-image-54864\" width=\"917\" height=\"610\" srcset=\"https:\/\/fedai.az\/wp-content\/uploads\/2021\/11\/33dec9c8-0123-478c-b21e-7f44b525beb2-1.jpg 806w, https:\/\/fedai.az\/wp-content\/uploads\/2021\/11\/33dec9c8-0123-478c-b21e-7f44b525beb2-1-300x200.jpg 300w, https:\/\/fedai.az\/wp-content\/uploads\/2021\/11\/33dec9c8-0123-478c-b21e-7f44b525beb2-1-150x100.jpg 150w, https:\/\/fedai.az\/wp-content\/uploads\/2021\/11\/33dec9c8-0123-478c-b21e-7f44b525beb2-1-768x511.jpg 768w\" sizes=\"auto, (max-width: 917px) 100vw, 917px\" \/><\/figure>\n\n\n\n<p>Sahib\u0259 Qafarova is\u0259 bildirib ki, Az\u0259rbaycan da Qaraba\u011fda s\u00fclh\u00fcn v\u0259 sabitliyin yaranmas\u0131na h\u0259d\u0259fl\u0259nib. Onun s\u00f6zl\u0259rin\u0259 g\u00f6r\u0259, regionda s\u00fclh yaranmadan b\u00fct\u00fcn C\u0259nubi Qafqazda s\u00fclh\u00fcn v\u0259 sabitliyin t\u0259min olunmas\u0131 haqda dan\u0131\u015fmaq m\u00fcmk\u00fcn deyil.<\/p>\n\n\n\n<p>\u201cBiz g\u00f6r\u00fcr\u00fck ki, d\u00fcnya ictimaiyy\u0259ti nec\u0259 geni\u015fl\u0259nir, bununla yana\u015f\u0131 biz ba\u015fa d\u00fc\u015f\u00fcr\u00fck ki, dar m\u0259nada indi bizim regionun he\u00e7 bir \u00f6lk\u0259sinin inki\u015faf\u0131 bar\u0259d\u0259 ayr\u0131l\u0131qda dan\u0131\u015fmaq m\u00fcmk\u00fcn deyil-h\u00f6km\u0259n hans\u0131sa qar\u015f\u0131l\u0131ql\u0131 \u0259laq\u0259l\u0259r t\u0259l\u0259b olunur. B\u00fct\u00fcn bunlar\u0131 s\u00fclh\u00fcn t\u0259min edilm\u0259si ba\u015f verm\u0259d\u0259n etm\u0259k m\u00fcmk\u00fcn deyil\u201d , -Milli M\u0259clisin s\u0259dri deyib.<\/p>\n","protected":false},"excerpt":{"rendered":"<p>Rusiya Federasiya \u015euras\u0131n\u0131n s\u0259dri Valentina Matviyenko MDB Parlamentl\u0259raras\u0131 Assambleyas\u0131n\u0131n toplant\u0131s\u0131nda i\u015ftirak etm\u0259k \u00fc\u00e7\u00fcn Sankt-Peterburqa s\u0259f\u0259r ed\u0259n Az\u0259rbaycan Milli M\u0259clisinin s\u0259dri Sahib\u0259 Qafarova il\u0259 g\u00f6r\u00fc\u015f\u00fcb.<\/p>\n","protected":false},"author":2,"featured_media":54865,"comment_status":"closed","ping_status":"closed","sticky":false,"template":"","format":"standard","meta":{"footnotes":""},"categories":[4],"tags":[],"class_list":["post-54862","post","type-post","status-publish","format-standard","has-post-thumbnail","hentry","category-qarabag"],"aioseo_notices":[],"_links":{"self":[{"href":"https:\/\/fedai.az\/index.php?rest_route=\/wp\/v2\/posts\/54862","targetHints":{"allow":["GET"]}}],"collection":[{"href":"https:\/\/fedai.az\/index.php?rest_route=\/wp\/v2\/posts"}],"about":[{"href":"https:\/\/fedai.az\/index.php?rest_route=\/wp\/v2\/types\/post"}],"author":[{"embeddable":true,"href":"https:\/\/fedai.az\/index.php?rest_route=\/wp\/v2\/users\/2"}],"replies":[{"embeddable":true,"href":"https:\/\/fedai.az\/index.php?rest_route=%2Fwp%2Fv2%2Fcomments&post=54862"}],"version-history":[{"count":1,"href":"https:\/\/fedai.az\/index.php?rest_route=\/wp\/v2\/posts\/54862\/revisions"}],"predecessor-version":[{"id":54867,"href":"https:\/\/fedai.az\/index.php?rest_route=\/wp\/v2\/posts\/54862\/revisions\/54867"}],"wp:featuredmedia":[{"embeddable":true,"href":"https:\/\/fedai.az\/index.php?rest_route=\/wp\/v2\/media\/54865"}],"wp:attachment":[{"href":"https:\/\/fedai.az\/index.php?rest_route=%2Fwp%2Fv2%2Fmedia&parent=54862"}],"wp:term":[{"taxonomy":"category","embeddable":true,"href":"https:\/\/fedai.az\/index.php?rest_route=%2Fwp%2Fv2%2Fcategories&post=54862"},{"taxonomy":"post_tag","embeddable":true,"href":"https:\/\/fedai.az\/index.php?rest_route=%2Fwp%2Fv2%2Ftags&post=54862"}],"curies":[{"name":"wp","href":"https:\/\/api.w.org\/{rel}","templated":true}]}}