{"id":54871,"date":"2021-11-26T10:28:47","date_gmt":"2021-11-26T06:28:47","guid":{"rendered":"https:\/\/fedai.az\/?p=54871"},"modified":"2021-11-26T10:29:39","modified_gmt":"2021-11-26T06:29:39","slug":"erm%c9%99nil%c9%99rin-yenid%c9%99n-sancilari-baslayib","status":"publish","type":"post","link":"https:\/\/fedai.az\/?p=54871","title":{"rendered":"Erm\u0259nil\u0259rin yen\u0259 &#171;sanc\u0131lar\u0131&#187; ba\u015flay\u0131b"},"content":{"rendered":"\n<p><strong>Erm\u0259nil\u0259rin yen\u0259 &#171;qa\u015f\u0131nmalar\u0131&#187; tutub.<\/strong><\/p>\n\n\n\n<p><strong>\u201cHraparak\u201d q\u0259zeti yaz\u0131r: \u201cErm\u0259nistan hakimiyy\u0259t orqanar\u0131n\u0131n susmas\u0131na baxmayaraq, m\u0259lumatlara g\u00f6r\u0259, art\u0131q bir ne\u00e7\u0259 g\u00fcnd\u00fcr ki, Erm\u0259nistan-Az\u0259rbaycan s\u0259rh\u0259dind\u0259 m\u00fcqavil\u0259li h\u0259b\u00e7il\u0259rin toplant\u0131s\u0131 m\u00fc\u015fahid\u0259 olunur v\u0259 erm\u0259ni ordusunda bir n\u00f6mr\u0259li v\u0259ziyy\u0259t elan olunub. <\/strong><\/p>\n\n\n\n<p>Z\u0259ng\u0259zur v\u0259 Qeqarkunikd\u0259n ald\u0131\u011f\u0131m\u0131z x\u0259b\u0259rl\u0259r\u0259 g\u00f6r\u0259, d\u00f6y\u00fc\u015f n\u00f6vb\u0259t\u00e7iliyind\u0259 olmayanlar da h\u0259rbi hiss\u0259l\u0259r\u0259 \u00e7a\u011f\u0131r\u0131l\u0131b v\u0259 bildirilib ki, onlar noyabr\u0131n 25-26-s\u0131 daxil olmaqla, h\u0259rbi hiss\u0259l\u0259rd\u0259 qalmal\u0131d\u0131rlar. \u00c7\u00fcnki ba\u015f ver\u0259 bil\u0259c\u0259k hadis\u0259l\u0259rl\u0259 \u0259laq\u0259dar d\u00f6y\u00fc\u015f n\u00f6vb\u0259t\u00e7iliyin\u0259 ke\u00e7m\u0259lidirl\u0259r.\u201d <\/p>\n\n\n\n<p>Bel\u0259likl\u0259, dem\u0259k ki, hay tayfas\u0131n\u0131n burunlar\u0131 yax\u015f\u0131ca \u0259zilm\u0259diyin\u0259 g\u00f6r\u0259 yenid\u0259n D\u018fM\u0130R YUMRU\u011eA ehtiyaclar\u0131 var. <\/p>\n\n\n\n<p>(Erm\u0259ni m\u0259tbuat\u0131na istinad\u0259n) <\/p>\n\n\n\n<p><strong>\u0130SMAYIL TANRIVERD\u0130 <\/strong><\/p>\n\n\n\n<p><strong><em>BDU-nun Erm\u0259ni Ara\u015fd\u0131rmalar\u0131 v\u0259 T\u0259lim M\u0259rk\u0259zinin direktoru<\/em><\/strong><\/p>\n","protected":false},"excerpt":{"rendered":"<p>Erm\u0259nil\u0259rin yen\u0259 &#171;qa\u015f\u0131nmalar\u0131&#187; tutub. \u201cHraparak\u201d q\u0259zeti yaz\u0131r: \u201cErm\u0259nistan hakimiyy\u0259t orqanar\u0131n\u0131n susmas\u0131na baxmayaraq, m\u0259lumatlara g\u00f6r\u0259, art\u0131q bir ne\u00e7\u0259 g\u00fcnd\u00fcr ki, Erm\u0259nistan-Az\u0259rbaycan s\u0259rh\u0259dind\u0259 m\u00fcqavil\u0259li h\u0259b\u00e7il\u0259rin toplant\u0131s\u0131<\/p>\n","protected":false},"author":2,"featured_media":54873,"comment_status":"closed","ping_status":"closed","sticky":false,"template":"","format":"standard","meta":{"footnotes":""},"categories":[15],"tags":[],"class_list":["post-54871","post","type-post","status-publish","format-standard","has-post-thumbnail","hentry","category-atmaca"],"aioseo_notices":[],"_links":{"self":[{"href":"https:\/\/fedai.az\/index.php?rest_route=\/wp\/v2\/posts\/54871","targetHints":{"allow":["GET"]}}],"collection":[{"href":"https:\/\/fedai.az\/index.php?rest_route=\/wp\/v2\/posts"}],"about":[{"href":"https:\/\/fedai.az\/index.php?rest_route=\/wp\/v2\/types\/post"}],"author":[{"embeddable":true,"href":"https:\/\/fedai.az\/index.php?rest_route=\/wp\/v2\/users\/2"}],"replies":[{"embeddable":true,"href":"https:\/\/fedai.az\/index.php?rest_route=%2Fwp%2Fv2%2Fcomments&post=54871"}],"version-history":[{"count":2,"href":"https:\/\/fedai.az\/index.php?rest_route=\/wp\/v2\/posts\/54871\/revisions"}],"predecessor-version":[{"id":54874,"href":"https:\/\/fedai.az\/index.php?rest_route=\/wp\/v2\/posts\/54871\/revisions\/54874"}],"wp:featuredmedia":[{"embeddable":true,"href":"https:\/\/fedai.az\/index.php?rest_route=\/wp\/v2\/media\/54873"}],"wp:attachment":[{"href":"https:\/\/fedai.az\/index.php?rest_route=%2Fwp%2Fv2%2Fmedia&parent=54871"}],"wp:term":[{"taxonomy":"category","embeddable":true,"href":"https:\/\/fedai.az\/index.php?rest_route=%2Fwp%2Fv2%2Fcategories&post=54871"},{"taxonomy":"post_tag","embeddable":true,"href":"https:\/\/fedai.az\/index.php?rest_route=%2Fwp%2Fv2%2Ftags&post=54871"}],"curies":[{"name":"wp","href":"https:\/\/api.w.org\/{rel}","templated":true}]}}