{"id":54875,"date":"2021-11-26T11:03:47","date_gmt":"2021-11-26T07:03:47","guid":{"rendered":"https:\/\/fedai.az\/?p=54875"},"modified":"2021-11-26T11:03:50","modified_gmt":"2021-11-26T07:03:50","slug":"erm%c9%99ni-generali-1920-ci-il-x%c9%99rit%c9%99si-il%c9%99-demarkasiya-isl%c9%99ri-aparilsa-biz-cox-sey-itir%c9%99c%c9%99yik","status":"publish","type":"post","link":"https:\/\/fedai.az\/?p=54875","title":{"rendered":"Erm\u0259ni general\u0131: &#171;1920-ci il x\u0259rit\u0259si il\u0259 demarkasiya i\u015fl\u0259ri apar\u0131lsa biz \u00e7ox \u015fey itir\u0259c\u0259yik \u201d"},"content":{"rendered":"\n<p><strong>\u201cErm\u0259nistan Qaraba\u011f\u0131 \u0259lind\u0259 saxlaya bilm\u0259di. 30 il \u0259rzind\u0259 burada m\u00f6hk\u0259ml\u0259n\u0259 bilm\u0259dik. Qaraba\u011f\u0131 \u00f6z\u00fcn\u00fck\u00fcl\u0259\u015fdir\u0259 bilm\u0259dik\u201d.<\/strong><\/p>\n\n\n\n<p><strong> Alp.az x\u0259b\u0259r verir ki, bu a\u00e7\u0131qlama il\u0259 Erm\u0259nistan S\u0259rh\u0259d Qo\u015funlar\u0131n\u0131n ke\u00e7mi\u015f komandan\u0131, general- mayor\u00a0 Armen Abrahamyan \u00e7\u0131x\u0131\u015f edib.<\/strong><\/p>\n\n\n\n<p><br>\u201cQorus-Qafan yolunun 21 kilometrlik hiss\u0259si bizim \u0259razimizd\u0259n ke\u00e7ir, 1926-29-cu ill\u0259rd\u0259 apar\u0131lan demarkasiya i\u015fl\u0259rind\u0259 h\u0259r \u015fey koordinatlarla t\u0259qdim olunur, h\u0259tta s\u0259rh\u0259dl\u0259rin t\u0259sviri d\u0259 var. Ancaq biz 44 g\u00fcnl\u00fck m\u00fcharib\u0259d\u0259 biz m\u0259\u011flub olduq. 1920-ci il x\u0259rit\u0259si il\u0259 demarkasiya i\u015fl\u0259ri apar\u0131lsa biz \u00e7ox \u015fey itir\u0259c\u0259yik \u201d, \u2013 dey\u0259 Armen Abrahamyan\u00a0 bildirib.<\/p>\n\n\n\n<p>S\u0259rh\u0259d Qo\u015funlar\u0131n\u0131n ke\u00e7mi\u015f komandan\u0131n\u0131n s\u00f6zl\u0259rin\u0259 g\u00f6r\u0259, Erm\u0259nistanla Az\u0259rbaycan aras\u0131nda delimitasiya v\u0259 demarkasiya prosesi ill\u0259rl\u0259, h\u0259tta 9 il davam ed\u0259c\u0259k, x\u00fcsus\u0259n d\u0259 Erm\u0259nistan\u0131n indi d\u00fc\u015fd\u00fcy\u00fc \u015f\u0259raitd\u0259 ba\u015flasa bu d\u0259h\u015f\u0259tli olacaq.<\/p>\n\n\n\n<figure class=\"wp-block-image size-large\"><img loading=\"lazy\" decoding=\"async\" width=\"806\" height=\"536\" src=\"https:\/\/fedai.az\/wp-content\/uploads\/2021\/11\/a71183e2-0a9d-4c51-8e2b-fc46d891ef06-1.jpg\" alt=\"\" class=\"wp-image-54876\" srcset=\"https:\/\/fedai.az\/wp-content\/uploads\/2021\/11\/a71183e2-0a9d-4c51-8e2b-fc46d891ef06-1.jpg 806w, https:\/\/fedai.az\/wp-content\/uploads\/2021\/11\/a71183e2-0a9d-4c51-8e2b-fc46d891ef06-1-300x200.jpg 300w, https:\/\/fedai.az\/wp-content\/uploads\/2021\/11\/a71183e2-0a9d-4c51-8e2b-fc46d891ef06-1-150x100.jpg 150w, https:\/\/fedai.az\/wp-content\/uploads\/2021\/11\/a71183e2-0a9d-4c51-8e2b-fc46d891ef06-1-768x511.jpg 768w\" sizes=\"auto, (max-width: 806px) 100vw, 806px\" \/><\/figure>\n","protected":false},"excerpt":{"rendered":"<p>\u201cErm\u0259nistan Qaraba\u011f\u0131 \u0259lind\u0259 saxlaya bilm\u0259di. 30 il \u0259rzind\u0259 burada m\u00f6hk\u0259ml\u0259n\u0259 bilm\u0259dik. Qaraba\u011f\u0131 \u00f6z\u00fcn\u00fck\u00fcl\u0259\u015fdir\u0259 bilm\u0259dik\u201d. Alp.az x\u0259b\u0259r verir ki, bu a\u00e7\u0131qlama il\u0259 Erm\u0259nistan S\u0259rh\u0259d Qo\u015funlar\u0131n\u0131n<\/p>\n","protected":false},"author":2,"featured_media":54878,"comment_status":"closed","ping_status":"closed","sticky":false,"template":"","format":"standard","meta":{"footnotes":""},"categories":[4],"tags":[],"class_list":["post-54875","post","type-post","status-publish","format-standard","has-post-thumbnail","hentry","category-qarabag"],"aioseo_notices":[],"_links":{"self":[{"href":"https:\/\/fedai.az\/index.php?rest_route=\/wp\/v2\/posts\/54875","targetHints":{"allow":["GET"]}}],"collection":[{"href":"https:\/\/fedai.az\/index.php?rest_route=\/wp\/v2\/posts"}],"about":[{"href":"https:\/\/fedai.az\/index.php?rest_route=\/wp\/v2\/types\/post"}],"author":[{"embeddable":true,"href":"https:\/\/fedai.az\/index.php?rest_route=\/wp\/v2\/users\/2"}],"replies":[{"embeddable":true,"href":"https:\/\/fedai.az\/index.php?rest_route=%2Fwp%2Fv2%2Fcomments&post=54875"}],"version-history":[{"count":1,"href":"https:\/\/fedai.az\/index.php?rest_route=\/wp\/v2\/posts\/54875\/revisions"}],"predecessor-version":[{"id":54879,"href":"https:\/\/fedai.az\/index.php?rest_route=\/wp\/v2\/posts\/54875\/revisions\/54879"}],"wp:featuredmedia":[{"embeddable":true,"href":"https:\/\/fedai.az\/index.php?rest_route=\/wp\/v2\/media\/54878"}],"wp:attachment":[{"href":"https:\/\/fedai.az\/index.php?rest_route=%2Fwp%2Fv2%2Fmedia&parent=54875"}],"wp:term":[{"taxonomy":"category","embeddable":true,"href":"https:\/\/fedai.az\/index.php?rest_route=%2Fwp%2Fv2%2Fcategories&post=54875"},{"taxonomy":"post_tag","embeddable":true,"href":"https:\/\/fedai.az\/index.php?rest_route=%2Fwp%2Fv2%2Ftags&post=54875"}],"curies":[{"name":"wp","href":"https:\/\/api.w.org\/{rel}","templated":true}]}}