{"id":54885,"date":"2021-11-26T17:43:39","date_gmt":"2021-11-26T13:43:39","guid":{"rendered":"https:\/\/fedai.az\/?p=54885"},"modified":"2021-11-26T17:47:47","modified_gmt":"2021-11-26T13:47:47","slug":"socid%c9%99-az%c9%99rbaycan-rusiya-v%c9%99-erm%c9%99nistan-liderl%c9%99rinin-uct%c9%99r%c9%99fli-gorusu-baslayib","status":"publish","type":"post","link":"https:\/\/fedai.az\/?p=54885","title":{"rendered":"So\u00e7id\u0259 Az\u0259rbaycan, Rusiya v\u0259 Erm\u0259nistan liderl\u0259rinin \u00fc\u00e7t\u0259r\u0259fli g\u00f6r\u00fc\u015f\u00fc ba\u015flay\u0131b"},"content":{"rendered":"\n<p><strong>So\u00e7id\u0259 Az\u0259rbaycan Prezidenti \u0130lham \u018fliyev, Rusiyan\u0131n d\u00f6vl\u0259t ba\u015f\u00e7\u0131s\u0131 Vladimir Putin v\u0259 Erm\u0259nistan\u0131n Ba\u015f naziri Nikol Pa\u015finyan aras\u0131nda \u00fc\u00e7t\u0259r\u0259fli g\u00f6r\u00fc\u015f ba\u015flay\u0131b.<\/strong><br><br>Dan\u0131\u015f\u0131qlar V.Putinin t\u0259\u015f\u0259bb\u00fcs\u00fc il\u0259 ke\u00e7irilir.<\/p>\n\n\n\n<p>G\u00f6r\u00fc\u015f 2020-ci il noyabr\u0131n 10-da imzalanan \u00fc\u00e7t\u0259r\u0259fli b\u0259yanat\u0131n birinci ild\u00f6n\u00fcm\u00fcn\u0259 h\u0259sr edilib. G\u00f6r\u00fc\u015fd\u0259 sabitliyin g\u00fccl\u0259nm\u0259si istiqam\u0259tind\u0259 at\u0131lacaq add\u0131mlar v\u0259 Qaraba\u011fda dinc h\u0259yat\u0131n b\u0259rq\u0259rar olmas\u0131na dair m\u0259s\u0259l\u0259l\u0259r m\u00fczakir\u0259 edilir.<\/p>\n\n\n\n<p>Xat\u0131rladaq ki, g\u00f6r\u00fc\u015f\u00f6nc\u0259si a\u00e7\u0131qlamada V.Putin deyib: &#171;Biz bu g\u00fcn Qaraba\u011f nizamlanmas\u0131 il\u0259 ba\u011fl\u0131 \u00fc\u00e7t\u0259r\u0259fli formatda dan\u0131\u015faca\u011f\u0131q. Bir m\u00fcdd\u0259t sonra Erm\u0259nistan\u0131n Ba\u015f naziri biz\u0259 qo\u015fulacaq&#187;. APA-n\u0131n x\u0259b\u0259rin\u0259 g\u00f6r\u0259, bu bar\u0259d\u0259 Rusiya Prezidenti Vladimir Putin So\u00e7id\u0259 Az\u0259rbaycan Prezidenti \u0130lham \u018fliyevl\u0259 ikit\u0259r\u0259fli g\u00f6r\u00fc\u015fd\u0259 bildirib. O vur\u011fulay\u0131b ki, Qaraba\u011f nizamlanmas\u0131nda Rusiya s\u00fclhm\u0259raml\u0131lar\u0131 m\u00fcsb\u0259t rol oynay\u0131r. \u201cAt\u0259\u015fk\u0259s\u0259 n\u0259zar\u0259t \u00fczr\u0259 Rusiya-T\u00fcrkiy\u0259 Birg\u0259 M\u0259rk\u0259zi d\u0259 aktiv i\u015fl\u0259yir. T\u0259\u0259ss\u00fcfl\u0259r olsun ki, probleml\u0259r var, insidentl\u0259r olur. T\u0259\u0259ss\u00fcf ki, \u00f6l\u00fcms\u00fcz \u00f6t\u00fc\u015fm\u00fcr. Biz el\u0259 bunun \u00fc\u00e7\u00fcn y\u0131\u011f\u0131\u015fm\u0131\u015f\u0131q. Baxaq g\u00f6r\u0259k indiy\u0259 kimi n\u0259 edilib, bundan sonra bel\u0259 \u015feyl\u0259r ba\u015f verm\u0259sin, regionda v\u0259ziyy\u0259t sakitl\u0259\u015fsin, region \u00f6lk\u0259l\u0259rinin inki\u015faf etm\u0259si \u00fc\u00e7\u00fcn \u015f\u0259rait yarans\u0131n\u201d, &#8212; dey\u0259 Rusiya d\u00f6vl\u0259t ba\u015f\u00e7\u0131s\u0131 qeyd edib.<\/p>\n","protected":false},"excerpt":{"rendered":"<p>So\u00e7id\u0259 Az\u0259rbaycan Prezidenti \u0130lham \u018fliyev, Rusiyan\u0131n d\u00f6vl\u0259t ba\u015f\u00e7\u0131s\u0131 Vladimir Putin v\u0259 Erm\u0259nistan\u0131n Ba\u015f naziri Nikol Pa\u015finyan aras\u0131nda \u00fc\u00e7t\u0259r\u0259fli g\u00f6r\u00fc\u015f ba\u015flay\u0131b. Dan\u0131\u015f\u0131qlar V.Putinin t\u0259\u015f\u0259bb\u00fcs\u00fc il\u0259<\/p>\n","protected":false},"author":2,"featured_media":54791,"comment_status":"closed","ping_status":"closed","sticky":false,"template":"","format":"standard","meta":{"footnotes":""},"categories":[1],"tags":[],"class_list":["post-54885","post","type-post","status-publish","format-standard","has-post-thumbnail","hentry","category-siyast"],"aioseo_notices":[],"_links":{"self":[{"href":"https:\/\/fedai.az\/index.php?rest_route=\/wp\/v2\/posts\/54885","targetHints":{"allow":["GET"]}}],"collection":[{"href":"https:\/\/fedai.az\/index.php?rest_route=\/wp\/v2\/posts"}],"about":[{"href":"https:\/\/fedai.az\/index.php?rest_route=\/wp\/v2\/types\/post"}],"author":[{"embeddable":true,"href":"https:\/\/fedai.az\/index.php?rest_route=\/wp\/v2\/users\/2"}],"replies":[{"embeddable":true,"href":"https:\/\/fedai.az\/index.php?rest_route=%2Fwp%2Fv2%2Fcomments&post=54885"}],"version-history":[{"count":2,"href":"https:\/\/fedai.az\/index.php?rest_route=\/wp\/v2\/posts\/54885\/revisions"}],"predecessor-version":[{"id":54887,"href":"https:\/\/fedai.az\/index.php?rest_route=\/wp\/v2\/posts\/54885\/revisions\/54887"}],"wp:featuredmedia":[{"embeddable":true,"href":"https:\/\/fedai.az\/index.php?rest_route=\/wp\/v2\/media\/54791"}],"wp:attachment":[{"href":"https:\/\/fedai.az\/index.php?rest_route=%2Fwp%2Fv2%2Fmedia&parent=54885"}],"wp:term":[{"taxonomy":"category","embeddable":true,"href":"https:\/\/fedai.az\/index.php?rest_route=%2Fwp%2Fv2%2Fcategories&post=54885"},{"taxonomy":"post_tag","embeddable":true,"href":"https:\/\/fedai.az\/index.php?rest_route=%2Fwp%2Fv2%2Ftags&post=54885"}],"curies":[{"name":"wp","href":"https:\/\/api.w.org\/{rel}","templated":true}]}}