{"id":54888,"date":"2021-11-26T18:14:06","date_gmt":"2021-11-26T14:14:06","guid":{"rendered":"https:\/\/fedai.az\/?p=54888"},"modified":"2021-11-26T18:28:40","modified_gmt":"2021-11-26T14:28:40","slug":"rusiyadan-%c9%99liyev-putin-pasinyan-gorusu-davam-edir-video","status":"publish","type":"post","link":"https:\/\/fedai.az\/?p=54888","title":{"rendered":"Rusiyadan \u018fliyev-Putin-Pa\u015finyan g\u00f6r\u00fc\u015f\u00fc davam edir &#8212; V\u0130DEO"},"content":{"rendered":"\n<p><strong>So\u00e7id\u0259 Az\u0259rbaycan Prezidenti \u0130lham \u018fliyev, Rusiyan\u0131n d\u00f6vl\u0259t ba\u015f\u00e7\u0131s\u0131 Vladimir Putin v\u0259 Erm\u0259nistan\u0131n Ba\u015f naziri Nikol Pa\u015finyan aras\u0131nda \u00fc\u00e7t\u0259r\u0259fli g\u00f6r\u00fc\u015f ba\u015flay\u0131b.<\/strong><\/p>\n\n\n\n<p>Dan\u0131\u015f\u0131qlar V.Putinin t\u0259\u015f\u0259bb\u00fcs\u00fc il\u0259 ke\u00e7irilir.<\/p>\n\n\n\n<figure class=\"wp-block-embed is-type-video is-provider-youtube wp-block-embed-youtube wp-embed-aspect-16-9 wp-has-aspect-ratio\"><div class=\"wp-block-embed__wrapper\">\n<iframe loading=\"lazy\" title=\"\u041d\u0430\u0433\u043e\u0440\u043d\u044b\u0439 \u041a\u0430\u0440\u0430\u0431\u0430\u0445: \u043f\u0435\u0440\u0435\u0433\u043e\u0432\u043e\u0440\u044b \u041f\u0443\u0442\u0438\u043d\u0430, \u041f\u0430\u0448\u0438\u043d\u044f\u043d\u0430 \u0438 \u0410\u043b\u0438\u0435\u0432\u0430 \u0432 \u0421\u043e\u0447\u0438. \u041f\u0440\u044f\u043c\u0430\u044f \u0442\u0440\u0430\u043d\u0441\u043b\u044f\u0446\u0438\u044f\" width=\"715\" height=\"402\" src=\"https:\/\/www.youtube.com\/embed\/28diJOzAx3k?feature=oembed\" frameborder=\"0\" allow=\"accelerometer; autoplay; clipboard-write; encrypted-media; gyroscope; picture-in-picture\" allowfullscreen><\/iframe>\n<\/div><\/figure>\n\n\n\n<p><\/p>\n","protected":false},"excerpt":{"rendered":"<p>So\u00e7id\u0259 Az\u0259rbaycan Prezidenti \u0130lham \u018fliyev, Rusiyan\u0131n d\u00f6vl\u0259t ba\u015f\u00e7\u0131s\u0131 Vladimir Putin v\u0259 Erm\u0259nistan\u0131n Ba\u015f naziri Nikol Pa\u015finyan aras\u0131nda \u00fc\u00e7t\u0259r\u0259fli g\u00f6r\u00fc\u015f ba\u015flay\u0131b. Dan\u0131\u015f\u0131qlar V.Putinin t\u0259\u015f\u0259bb\u00fcs\u00fc il\u0259<\/p>\n","protected":false},"author":2,"featured_media":54889,"comment_status":"closed","ping_status":"closed","sticky":false,"template":"","format":"standard","meta":{"footnotes":""},"categories":[4],"tags":[],"class_list":["post-54888","post","type-post","status-publish","format-standard","has-post-thumbnail","hentry","category-qarabag"],"aioseo_notices":[],"_links":{"self":[{"href":"https:\/\/fedai.az\/index.php?rest_route=\/wp\/v2\/posts\/54888","targetHints":{"allow":["GET"]}}],"collection":[{"href":"https:\/\/fedai.az\/index.php?rest_route=\/wp\/v2\/posts"}],"about":[{"href":"https:\/\/fedai.az\/index.php?rest_route=\/wp\/v2\/types\/post"}],"author":[{"embeddable":true,"href":"https:\/\/fedai.az\/index.php?rest_route=\/wp\/v2\/users\/2"}],"replies":[{"embeddable":true,"href":"https:\/\/fedai.az\/index.php?rest_route=%2Fwp%2Fv2%2Fcomments&post=54888"}],"version-history":[{"count":3,"href":"https:\/\/fedai.az\/index.php?rest_route=\/wp\/v2\/posts\/54888\/revisions"}],"predecessor-version":[{"id":54893,"href":"https:\/\/fedai.az\/index.php?rest_route=\/wp\/v2\/posts\/54888\/revisions\/54893"}],"wp:featuredmedia":[{"embeddable":true,"href":"https:\/\/fedai.az\/index.php?rest_route=\/wp\/v2\/media\/54889"}],"wp:attachment":[{"href":"https:\/\/fedai.az\/index.php?rest_route=%2Fwp%2Fv2%2Fmedia&parent=54888"}],"wp:term":[{"taxonomy":"category","embeddable":true,"href":"https:\/\/fedai.az\/index.php?rest_route=%2Fwp%2Fv2%2Fcategories&post=54888"},{"taxonomy":"post_tag","embeddable":true,"href":"https:\/\/fedai.az\/index.php?rest_route=%2Fwp%2Fv2%2Ftags&post=54888"}],"curies":[{"name":"wp","href":"https:\/\/api.w.org\/{rel}","templated":true}]}}