{"id":54894,"date":"2021-11-26T21:27:32","date_gmt":"2021-11-26T17:27:32","guid":{"rendered":"https:\/\/fedai.az\/?p=54894"},"modified":"2021-11-26T21:27:36","modified_gmt":"2021-11-26T17:27:36","slug":"ilham-%c9%99liyev-bu-c%c9%99nubi-qafqazda-t%c9%99hluk%c9%99sizliy%c9%99-tohf%c9%99-ver%c9%99c%c9%99k","status":"publish","type":"post","link":"https:\/\/fedai.az\/?p=54894","title":{"rendered":"\u0130lham \u018fliyev: &#171;Bu, C\u0259nubi Qafqazda t\u0259hl\u00fck\u0259sizliy\u0259 t\u00f6hf\u0259 ver\u0259c\u0259k&#187;"},"content":{"rendered":"\n<p><strong>Yeni q\u0259rarlar C\u0259nubi Qafqazda t\u0259hl\u00fck\u0259sizliy\u0259 t\u00f6hf\u0259 ver\u0259c\u0259k.<\/strong><\/p>\n\n\n\n<p>Bunu Prezident \u0130lham \u018fliyev So\u00e7id\u0259 Rusiya Prezidenti Vladimir Putin v\u0259 Erm\u0259nistan\u0131n ba\u015f naziri Nikol Pa\u015finyanla ke\u00e7irdiyi \u00fc\u00e7t\u0259r\u0259fli g\u00f6r\u00fc\u015f bar\u0259d\u0259 dan\u0131\u015fark\u0259n deyib.<\/p>\n\n\n\n<p>D\u00f6vl\u0259t ba\u015f\u00e7\u0131s\u0131 bildirib ki, So\u00e7id\u0259 ke\u00e7iril\u0259n \u00fc\u00e7t\u0259r\u0259fli g\u00f6r\u00fc\u015fd\u0259 q\u0259bul edil\u0259n q\u0259rarlar C\u0259nubi Qafqazda daha t\u0259hl\u00fck\u0259siz v\u0259 proqnozla\u015fd\u0131r\u0131la bil\u0259n v\u0259ziyy\u0259t\u0259 t\u00f6hf\u0259 ver\u0259c\u0259k.<\/p>\n\n\n\n<p>&#171;Putin v\u0259 Pa\u015finyanla \u00fc\u00e7t\u0259r\u0259fli g\u00f6r\u00fc\u015fd\u0259 h\u0259rt\u0259r\u0259fli v\u0259 s\u0259mimi s\u00f6hb\u0259t olub&#187;, &#8212; Prezident \u0130lham \u018fliyev vur\u011fulay\u0131b.<\/p>\n\n\n\n<p>Az\u0259rbaycan lideri qeyd edib ki, Rusiya Az\u0259rbaycan strateji t\u0259r\u0259fda\u015fdan da art\u0131qd\u0131r.<\/p>\n","protected":false},"excerpt":{"rendered":"<p>Yeni q\u0259rarlar C\u0259nubi Qafqazda t\u0259hl\u00fck\u0259sizliy\u0259 t\u00f6hf\u0259 ver\u0259c\u0259k. Bunu Prezident \u0130lham \u018fliyev So\u00e7id\u0259 Rusiya Prezidenti Vladimir Putin v\u0259 Erm\u0259nistan\u0131n ba\u015f naziri Nikol Pa\u015finyanla ke\u00e7irdiyi \u00fc\u00e7t\u0259r\u0259fli<\/p>\n","protected":false},"author":2,"featured_media":54895,"comment_status":"closed","ping_status":"closed","sticky":false,"template":"","format":"standard","meta":{"footnotes":""},"categories":[3],"tags":[],"class_list":["post-54894","post","type-post","status-publish","format-standard","has-post-thumbnail","hentry","category-gundm"],"aioseo_notices":[],"_links":{"self":[{"href":"https:\/\/fedai.az\/index.php?rest_route=\/wp\/v2\/posts\/54894","targetHints":{"allow":["GET"]}}],"collection":[{"href":"https:\/\/fedai.az\/index.php?rest_route=\/wp\/v2\/posts"}],"about":[{"href":"https:\/\/fedai.az\/index.php?rest_route=\/wp\/v2\/types\/post"}],"author":[{"embeddable":true,"href":"https:\/\/fedai.az\/index.php?rest_route=\/wp\/v2\/users\/2"}],"replies":[{"embeddable":true,"href":"https:\/\/fedai.az\/index.php?rest_route=%2Fwp%2Fv2%2Fcomments&post=54894"}],"version-history":[{"count":1,"href":"https:\/\/fedai.az\/index.php?rest_route=\/wp\/v2\/posts\/54894\/revisions"}],"predecessor-version":[{"id":54896,"href":"https:\/\/fedai.az\/index.php?rest_route=\/wp\/v2\/posts\/54894\/revisions\/54896"}],"wp:featuredmedia":[{"embeddable":true,"href":"https:\/\/fedai.az\/index.php?rest_route=\/wp\/v2\/media\/54895"}],"wp:attachment":[{"href":"https:\/\/fedai.az\/index.php?rest_route=%2Fwp%2Fv2%2Fmedia&parent=54894"}],"wp:term":[{"taxonomy":"category","embeddable":true,"href":"https:\/\/fedai.az\/index.php?rest_route=%2Fwp%2Fv2%2Fcategories&post=54894"},{"taxonomy":"post_tag","embeddable":true,"href":"https:\/\/fedai.az\/index.php?rest_route=%2Fwp%2Fv2%2Ftags&post=54894"}],"curies":[{"name":"wp","href":"https:\/\/api.w.org\/{rel}","templated":true}]}}