{"id":54903,"date":"2021-11-27T00:18:18","date_gmt":"2021-11-26T20:18:18","guid":{"rendered":"https:\/\/fedai.az\/?p=54903"},"modified":"2021-11-27T00:18:20","modified_gmt":"2021-11-26T20:18:20","slug":"pasinyan-qarabagin-az%c9%99rbaycana-m%c9%99xsus-oldugunu-etiraf-edib-erm%c9%99nistan-kiv","status":"publish","type":"post","link":"https:\/\/fedai.az\/?p=54903","title":{"rendered":"Pa\u015finyan Qaraba\u011f\u0131n Az\u0259rbaycana m\u0259xsus oldu\u011funu etiraf edib-Erm\u0259nistan K\u0130V"},"content":{"rendered":"\n<p><strong>Erm\u0259nistan\u0131n Ba\u015f naziri Nikol Pa\u015finyan So\u00e7id\u0259 \u00fc\u00e7t\u0259r\u0259fli g\u00f6r\u00fc\u015f \u0259r\u0259f\u0259sind\u0259 Qaraba\u011f\u0131n Az\u0259rbaycana m\u0259xsus oldu\u011funu etiraf edib.<\/strong><\/p>\n\n\n\n<p>Erm\u0259nistan K\u0130V-d\u0259 yay\u0131lan m\u0259lumata g\u00f6r\u0259, h\u00f6kum\u0259t ba\u015f\u00e7\u0131s\u0131 \u00f6lk\u0259sinin Z\u0259ng\u0259zur icmalar\u0131n\u0131n r\u0259hb\u0259rl\u0259ri il\u0259 g\u00f6r\u00fc\u015f\u00fcb.<\/p>\n\n\n\n<p><br>N.Pa\u015finyan g\u00f6r\u00fc\u015fd\u0259 \u0130kinci Qaraba\u011f m\u00fcharib\u0259sind\u0259n sonra b\u00f6lg\u0259d\u0259 yaranm\u0131\u015f durumdan dan\u0131\u015f\u0131b.<\/p>\n\n\n\n<p><br>&#171;Biz otuz il \u00f6z\u00fcm\u00fcz\u00fc aldatd\u0131q v\u0259 n\u0259hay\u0259t, indi ba\u015f ver\u0259nl\u0259r oldu\u201d, &#8212; Ba\u015f nazir vur\u011fulay\u0131b.<\/p>\n\n\n\n<p><br>O bildirib ki, Erm\u0259nistan Z\u0259ng\u0259zur yolunu ba\u011flaya bilm\u0259z. &#171;\u00c7\u00fcnki, Az\u0259rbaycan buna h\u0259rbi yolla nail olma\u011fa \u00e7al\u0131\u015facaq. Bizim is\u0259 qar\u015f\u0131durma \u00fc\u00e7\u00fcn resursumuz yoxdur\u201d.<\/p>\n\n\n\n<p><br>Bu g\u00fcn So\u00e7id\u0259 Az\u0259rbaycan Prezidenti \u0130lham \u018fliyev, Rusiyan\u0131n d\u00f6vl\u0259t ba\u015f\u00e7\u0131s\u0131 Vladimir Putin v\u0259 Erm\u0259nistan\u0131n Ba\u015f naziri Nikol Pa\u015finyan aras\u0131nda g\u00f6r\u00fc\u015f ke\u00e7iril\u0259c\u0259k. V.Putinin t\u0259\u015f\u0259bb\u00fcs\u00fc il\u0259 ke\u00e7iril\u0259c\u0259k g\u00f6r\u00fc\u015f 2020-ci il noyabr\u0131n 10-da imzalanan \u00fc\u00e7t\u0259r\u0259fli b\u0259yanat\u0131n birinci ild\u00f6n\u00fcm\u00fcn\u0259 h\u0259sr edilib.<\/p>\n\n\n\n<p><br>G\u00f6r\u00fc\u015fd\u0259 sabitliyin g\u00fccl\u0259nm\u0259si istiqam\u0259tind\u0259 at\u0131lacaq add\u0131mlar v\u0259 Qaraba\u011fda dinc h\u0259yat\u0131n b\u0259rq\u0259rar olmas\u0131na dair m\u0259s\u0259l\u0259l\u0259r m\u00fczakir\u0259 edil\u0259c\u0259k.<\/p>\n\n\n\n<p>M\u0259nb\u0259: <strong><strong>www.anews.az<\/strong><\/strong><\/p>\n","protected":false},"excerpt":{"rendered":"<p>Erm\u0259nistan\u0131n Ba\u015f naziri Nikol Pa\u015finyan So\u00e7id\u0259 \u00fc\u00e7t\u0259r\u0259fli g\u00f6r\u00fc\u015f \u0259r\u0259f\u0259sind\u0259 Qaraba\u011f\u0131n Az\u0259rbaycana m\u0259xsus oldu\u011funu etiraf edib. Erm\u0259nistan K\u0130V-d\u0259 yay\u0131lan m\u0259lumata g\u00f6r\u0259, h\u00f6kum\u0259t ba\u015f\u00e7\u0131s\u0131 \u00f6lk\u0259sinin Z\u0259ng\u0259zur<\/p>\n","protected":false},"author":2,"featured_media":54904,"comment_status":"closed","ping_status":"closed","sticky":false,"template":"","format":"standard","meta":{"footnotes":""},"categories":[4],"tags":[],"class_list":["post-54903","post","type-post","status-publish","format-standard","has-post-thumbnail","hentry","category-qarabag"],"aioseo_notices":[],"_links":{"self":[{"href":"https:\/\/fedai.az\/index.php?rest_route=\/wp\/v2\/posts\/54903","targetHints":{"allow":["GET"]}}],"collection":[{"href":"https:\/\/fedai.az\/index.php?rest_route=\/wp\/v2\/posts"}],"about":[{"href":"https:\/\/fedai.az\/index.php?rest_route=\/wp\/v2\/types\/post"}],"author":[{"embeddable":true,"href":"https:\/\/fedai.az\/index.php?rest_route=\/wp\/v2\/users\/2"}],"replies":[{"embeddable":true,"href":"https:\/\/fedai.az\/index.php?rest_route=%2Fwp%2Fv2%2Fcomments&post=54903"}],"version-history":[{"count":1,"href":"https:\/\/fedai.az\/index.php?rest_route=\/wp\/v2\/posts\/54903\/revisions"}],"predecessor-version":[{"id":54905,"href":"https:\/\/fedai.az\/index.php?rest_route=\/wp\/v2\/posts\/54903\/revisions\/54905"}],"wp:featuredmedia":[{"embeddable":true,"href":"https:\/\/fedai.az\/index.php?rest_route=\/wp\/v2\/media\/54904"}],"wp:attachment":[{"href":"https:\/\/fedai.az\/index.php?rest_route=%2Fwp%2Fv2%2Fmedia&parent=54903"}],"wp:term":[{"taxonomy":"category","embeddable":true,"href":"https:\/\/fedai.az\/index.php?rest_route=%2Fwp%2Fv2%2Fcategories&post=54903"},{"taxonomy":"post_tag","embeddable":true,"href":"https:\/\/fedai.az\/index.php?rest_route=%2Fwp%2Fv2%2Ftags&post=54903"}],"curies":[{"name":"wp","href":"https:\/\/api.w.org\/{rel}","templated":true}]}}