{"id":54906,"date":"2021-11-27T00:22:37","date_gmt":"2021-11-26T20:22:37","guid":{"rendered":"https:\/\/fedai.az\/?p=54906"},"modified":"2021-11-27T00:34:51","modified_gmt":"2021-11-26T20:34:51","slug":"ilham-%c9%99liyevd%c9%99n-gorus-sonrasi-aciqlamasi","status":"publish","type":"post","link":"https:\/\/fedai.az\/?p=54906","title":{"rendered":"\u0130lham \u018fliyevd\u0259n g\u00f6r\u00fc\u015f sonras\u0131 a\u00e7\u0131qlamas\u0131"},"content":{"rendered":"\n<p><strong>&#171;Yeni q\u0259rarlar C\u0259nubi Qafqazda t\u0259hl\u00fck\u0259sizliy\u0259 t\u00f6hf\u0259 ver\u0259c\u0259k&#187;.<\/strong><\/p>\n\n\n\n<p>Bunu Prezident \u0130lham \u018fliyev So\u00e7id\u0259 Rusiya Prezidenti Vladimir Putin v\u0259 Erm\u0259nistan\u0131n ba\u015f naziri Nikol Pa\u015finyanla ke\u00e7irdiyi \u00fc\u00e7t\u0259r\u0259fli g\u00f6r\u00fc\u015f\u00fcn yekununda deyib.<\/p>\n\n\n\n<p>&#171;Putin v\u0259 Pa\u015finyanla \u00fc\u00e7t\u0259r\u0259fli g\u00f6r\u00fc\u015fd\u0259 h\u0259rt\u0259r\u0259fli v\u0259 s\u0259mimi s\u00f6hb\u0259t olub&#187;, &#8212; Prezident \u0130lham \u018fliyev vur\u011fulay\u0131b.<\/p>\n\n\n\n<p><strong>&#171;Az\u0259rbaycan \u00fc\u00e7\u00fcn Rusiya dostdur, strateji t\u0259r\u0259fda\u015fd\u0131r. M\u0259n dey\u0259rdim ki, h\u0259tta strateji t\u0259r\u0259fda\u015fdan da art\u0131qd\u0131r\u201d.<\/strong><\/p>\n\n\n\n<p><strong>Fedai.az\u00a0<\/strong>x\u0259b\u0259r verir ki, bu fikri Prezident \u0130lham \u018fliyev So\u00e7id\u0259 ke\u00e7iril\u0259n \u00fc\u00e7t\u0259r\u0259fli g\u00f6r\u00fc\u015fd\u0259n sonra m\u0259tbuata b\u0259yanat\u0131ndan s\u0259sl\u0259ndirib.<\/p>\n\n\n\n<p>O qeyd edib ki, Az\u0259rbaycanla Rusiya aras\u0131nda etimada \u0259saslanan m\u00fcnasib\u0259tl\u0259rin s\u0259viyy\u0259si, o c\u00fcml\u0259d\u0259n, \u0259n h\u0259ssas m\u0259s\u0259l\u0259l\u0259r bar\u0259sind\u0259 Erm\u0259nistan il\u0259 ortaq fikr\u0259 g\u0259lm\u0259yimiz\u0259 \u015f\u0259rait yarad\u0131r:<\/p>\n\n\n\n<p><br><strong>&#171;D\u00fc\u015f\u00fcn\u00fcr\u0259m ki, g\u00f6r\u00fc\u015f\u00fcm\u00fcz\u00fcn yekununun n\u0259tic\u0259l\u0259ri yax\u015f\u0131 olacaq, bu n\u0259tic\u0259l\u0259ri \u00e7ox g\u00f6zl\u0259m\u0259k laz\u0131m g\u0259lm\u0259y\u0259c\u0259k, regionda v\u0259ziyy\u0259t daha t\u0259hl\u00fck\u0259siz v\u0259 proqnozla\u015fd\u0131r\u0131lan olacaq\u201d.<\/strong><\/p>\n","protected":false},"excerpt":{"rendered":"<p>&#171;Yeni q\u0259rarlar C\u0259nubi Qafqazda t\u0259hl\u00fck\u0259sizliy\u0259 t\u00f6hf\u0259 ver\u0259c\u0259k&#187;. Bunu Prezident \u0130lham \u018fliyev So\u00e7id\u0259 Rusiya Prezidenti Vladimir Putin v\u0259 Erm\u0259nistan\u0131n ba\u015f naziri Nikol Pa\u015finyanla ke\u00e7irdiyi \u00fc\u00e7t\u0259r\u0259fli<\/p>\n","protected":false},"author":2,"featured_media":54907,"comment_status":"closed","ping_status":"closed","sticky":false,"template":"","format":"standard","meta":{"footnotes":""},"categories":[3],"tags":[],"class_list":["post-54906","post","type-post","status-publish","format-standard","has-post-thumbnail","hentry","category-gundm"],"aioseo_notices":[],"_links":{"self":[{"href":"https:\/\/fedai.az\/index.php?rest_route=\/wp\/v2\/posts\/54906","targetHints":{"allow":["GET"]}}],"collection":[{"href":"https:\/\/fedai.az\/index.php?rest_route=\/wp\/v2\/posts"}],"about":[{"href":"https:\/\/fedai.az\/index.php?rest_route=\/wp\/v2\/types\/post"}],"author":[{"embeddable":true,"href":"https:\/\/fedai.az\/index.php?rest_route=\/wp\/v2\/users\/2"}],"replies":[{"embeddable":true,"href":"https:\/\/fedai.az\/index.php?rest_route=%2Fwp%2Fv2%2Fcomments&post=54906"}],"version-history":[{"count":2,"href":"https:\/\/fedai.az\/index.php?rest_route=\/wp\/v2\/posts\/54906\/revisions"}],"predecessor-version":[{"id":54910,"href":"https:\/\/fedai.az\/index.php?rest_route=\/wp\/v2\/posts\/54906\/revisions\/54910"}],"wp:featuredmedia":[{"embeddable":true,"href":"https:\/\/fedai.az\/index.php?rest_route=\/wp\/v2\/media\/54907"}],"wp:attachment":[{"href":"https:\/\/fedai.az\/index.php?rest_route=%2Fwp%2Fv2%2Fmedia&parent=54906"}],"wp:term":[{"taxonomy":"category","embeddable":true,"href":"https:\/\/fedai.az\/index.php?rest_route=%2Fwp%2Fv2%2Fcategories&post=54906"},{"taxonomy":"post_tag","embeddable":true,"href":"https:\/\/fedai.az\/index.php?rest_route=%2Fwp%2Fv2%2Ftags&post=54906"}],"curies":[{"name":"wp","href":"https:\/\/api.w.org\/{rel}","templated":true}]}}