{"id":54920,"date":"2021-11-27T01:21:15","date_gmt":"2021-11-26T21:21:15","guid":{"rendered":"https:\/\/fedai.az\/?p=54920"},"modified":"2021-11-27T11:56:19","modified_gmt":"2021-11-27T07:56:19","slug":"hec-kim-unudulmur-hec-n%c9%99-yaddan-cixmir-6","status":"publish","type":"post","link":"https:\/\/fedai.az\/?p=54920","title":{"rendered":"He\u00e7 kim unudulmur, he\u00e7 n\u0259 yaddan \u00e7\u0131xm\u0131r!"},"content":{"rendered":"\n<p><strong>44 g\u00fcnl\u00fck V\u0259t\u0259n m\u00fcharib\u0259si ba\u015flayan g\u00fcnd\u0259n t\u0259hsil i\u015f\u00e7il\u0259ri d\u0259 k\u00f6n\u00fcll\u00fc olaraq d\u00f6y\u00fc\u015f\u0259 qat\u0131ld\u0131lar v\u0259 d\u00f6y\u00fc\u015f\u0259n ordumuza maddi-m\u0259n\u0259vi d\u0259st\u0259kl\u0259rini \u0259sirg\u0259m\u0259dil\u0259r. \u015eanl\u0131 q\u0259l\u0259b\u0259nin qazan\u0131lmas\u0131na onlar da \u00f6z t\u00f6hf\u0259l\u0259rini verdil\u0259r. Bu m\u00fcharib\u0259d\u0259 700-d\u0259k t\u0259hsil i\u015f\u00e7isi b\u00f6y\u00fck q\u0259hr\u0259manl\u0131qla d\u00f6y\u00fc\u015fd\u00fc v\u0259 onlarla m\u00fc\u0259llim d\u00f6y\u00fc\u015f\u0259n \u0259sg\u0259rl\u0259rimizin yan\u0131nda olma\u011fa can atd\u0131.<\/strong><\/p>\n\n\n\n<p><br>Bu m\u00fcharib\u0259 zaman\u0131 20 n\u0259f\u0259r t\u0259hsil i\u015f\u00e7isi \u015f\u0259hid oldu.<\/p>\n\n\n\n<p><br>Sentyabr\u0131n 27-d\u0259 torpaq\u00adlar\u0131m\u0131z\u0131n azadl\u0131\u011f\u0131 u\u011frunda ba\u015flayan haqq d\u00f6y\u00fc\u015f\u00fcm\u00fczd\u0259 \u015fanl\u0131 q\u0259l\u0259b\u0259ni ist\u0259r \u00f6n c\u0259bh\u0259d\u0259ki, ist\u0259rs\u0259 d\u0259 arxa c\u0259bh\u0259d\u0259ki c\u0259surlar hesab\u0131\u00adna \u0259ld\u0259 etdik. Q\u0259hr\u0259manl\u0131q, \u015f\u0259hidlik zirv\u0259sini f\u0259th ed\u0259nl\u0259r s\u0131ras\u0131na t\u0259hsil i\u015f\u00e7il\u0259rinin d\u0259 ad\u0131 yaz\u0131ld\u0131.<\/p>\n\n\n\n<p>Bu m\u00fcharib\u0259d\u0259 xalq\u0131m\u0131z Ali Ba\u015f Komandan \u0130lham \u018fliyevin \u0259traf\u0131nda yumruq kimi birl\u0259\u015fdi, g\u00fccl\u00fc irad\u0259 n\u00fcmayi\u015f etdirdi. Bu da \u015fanl\u0131 q\u0259l\u0259b\u0259nin qazan\u0131lmas\u0131nda m\u00fch\u00fcm rol oynay\u0131b. Eyni zamanda, ill\u0259rdir \u00fcmumt\u0259hsil m\u00fc\u0259ssis\u0259l\u0259rind\u0259 h\u0259rbi v\u0259t\u0259np\u0259rv\u0259rlik t\u0259rbiy\u0259sinin a\u015f\u0131lanmas\u0131 sah\u0259sind\u0259 apar\u0131lan i\u015fl\u0259rin d\u0259 burda \u00e7ox m\u00fch\u00fcm rolu var.<\/p>\n\n\n\n<p><br>Xalq\u0131\u00adm\u0131z\u0131n b\u00f6y\u00fck q\u0259l\u0259b\u0259sind\u0259 Az\u0259rbaycan t\u0259hsil i\u015f\u00e7il\u0259rinin d\u0259 rolu dan\u0131lmazd\u0131r. Bu \u00e7ox vacib m\u0259qamd\u0131r. Bel\u0259 m\u00fc\u0259lliml\u0259rd\u0259n biri haqq\u0131nda m\u0259lumat verm\u0259k ist\u0259rdik.<\/p>\n\n\n\n<figure class=\"wp-block-gallery columns-3 is-cropped wp-block-gallery-1 is-layout-flex wp-block-gallery-is-layout-flex\"><ul class=\"blocks-gallery-grid\"><li class=\"blocks-gallery-item\"><figure><img loading=\"lazy\" decoding=\"async\" width=\"768\" height=\"1024\" src=\"https:\/\/fedai.az\/wp-content\/uploads\/2021\/11\/260133706_428379459004972_4622919493731802983_n-768x1024.jpg\" alt=\"\" data-id=\"54921\" data-link=\"https:\/\/fedai.az\/?attachment_id=54921\" class=\"wp-image-54921\" srcset=\"https:\/\/fedai.az\/wp-content\/uploads\/2021\/11\/260133706_428379459004972_4622919493731802983_n-768x1024.jpg 768w, https:\/\/fedai.az\/wp-content\/uploads\/2021\/11\/260133706_428379459004972_4622919493731802983_n-225x300.jpg 225w, https:\/\/fedai.az\/wp-content\/uploads\/2021\/11\/260133706_428379459004972_4622919493731802983_n-113x150.jpg 113w, https:\/\/fedai.az\/wp-content\/uploads\/2021\/11\/260133706_428379459004972_4622919493731802983_n.jpg 960w\" sizes=\"auto, (max-width: 768px) 100vw, 768px\" \/><\/figure><\/li><li class=\"blocks-gallery-item\"><figure><img loading=\"lazy\" decoding=\"async\" width=\"768\" height=\"1024\" src=\"https:\/\/fedai.az\/wp-content\/uploads\/2021\/11\/260742788_603820117525685_133459519093991569_n-768x1024.jpg\" alt=\"\" data-id=\"54922\" data-link=\"https:\/\/fedai.az\/?attachment_id=54922\" class=\"wp-image-54922\" srcset=\"https:\/\/fedai.az\/wp-content\/uploads\/2021\/11\/260742788_603820117525685_133459519093991569_n-768x1024.jpg 768w, https:\/\/fedai.az\/wp-content\/uploads\/2021\/11\/260742788_603820117525685_133459519093991569_n-225x300.jpg 225w, https:\/\/fedai.az\/wp-content\/uploads\/2021\/11\/260742788_603820117525685_133459519093991569_n-113x150.jpg 113w, https:\/\/fedai.az\/wp-content\/uploads\/2021\/11\/260742788_603820117525685_133459519093991569_n.jpg 960w\" sizes=\"auto, (max-width: 768px) 100vw, 768px\" \/><\/figure><\/li><li class=\"blocks-gallery-item\"><figure><img loading=\"lazy\" decoding=\"async\" width=\"768\" height=\"1024\" src=\"https:\/\/fedai.az\/wp-content\/uploads\/2021\/11\/260489764_643561740338192_628803315798111265_n-768x1024.jpg\" alt=\"\" data-id=\"54923\" data-full-url=\"https:\/\/fedai.az\/wp-content\/uploads\/2021\/11\/260489764_643561740338192_628803315798111265_n.jpg\" data-link=\"https:\/\/fedai.az\/?attachment_id=54923\" class=\"wp-image-54923\" srcset=\"https:\/\/fedai.az\/wp-content\/uploads\/2021\/11\/260489764_643561740338192_628803315798111265_n-768x1024.jpg 768w, https:\/\/fedai.az\/wp-content\/uploads\/2021\/11\/260489764_643561740338192_628803315798111265_n-225x300.jpg 225w, https:\/\/fedai.az\/wp-content\/uploads\/2021\/11\/260489764_643561740338192_628803315798111265_n-113x150.jpg 113w, https:\/\/fedai.az\/wp-content\/uploads\/2021\/11\/260489764_643561740338192_628803315798111265_n.jpg 960w\" sizes=\"auto, (max-width: 768px) 100vw, 768px\" \/><\/figure><\/li><\/ul><\/figure>\n\n\n\n<p><br><strong>Fariz Quliyev Yard\u0131ml\u0131 rayonu Ostay\u0131r k\u0259nd sakinidir v\u0259 rayonun D\u0259ll\u0259kli k\u0259nd orta m\u0259kt\u0259bind\u0259 m\u00fc\u0259llim i\u015fl\u0259yir. M\u00fcharib\u0259nin ilk g\u00fcn\u00fcnd\u0259n son g\u00fcn\u00fcn\u0259d\u0259k \u00f6z \u015f\u0259xsi imkanlar\u0131 daxilind\u0259 c\u0259bh\u0259nin \u00f6n x\u0259ttind\u0259 d\u00f6y\u00fc\u015f\u0259n \u0259sg\u0259rl\u0259rimiz\u0259 ehtiyac duyulan \u0259rzaq v\u0259 s. yard\u0131mlar g\u00f6st\u0259rib. H\u0259m\u00e7inin rayon sakinl\u0259rinin d\u0259 c\u0259bh\u0259 \u00fc\u00e7\u00fcn haz\u0131rlad\u0131qlar\u0131 sovqatlar\u0131n c\u0259bh\u0259y\u0259 \u00e7atd\u0131r\u0131lmas\u0131nda daim \u00f6nd\u0259 olub. Onun bu t\u0259m\u0259nnas\u0131z xidm\u0259tini h\u0259rbi hiss\u0259l\u0259rin komandirl\u0259ri y\u00fcks\u0259k qiym\u0259tl\u0259ndir\u0259r\u0259k F\u0259xri f\u0259rmanlarla, t\u0259\u015f\u0259kk\u00fcr m\u0259ktublar\u0131yla \u00f6z t\u0259\u015f\u0259kk\u00fcrl\u0259rini bildiribl\u0259r.<\/strong><\/p>\n\n\n\n<p>Fariz Quliyev m\u00fcharib\u0259 ba\u015flayan kimi X\u00fcsusi T\u0259yinatl\u0131 d\u0259st\u0259d\u0259 xidm\u0259t etdiyi \u00fc\u00e7\u00fcn S\u0259f\u0259rb\u0259rlik v\u0259 H\u0259rbi Xidm\u0259t\u0259 \u00c7a\u011f\u0131r\u0131\u015f \u00fczr\u0259 D\u00f6vl\u0259t Xidm\u0259tinin Yard\u0131ml\u0131 rayon \u0130dar\u0259sin\u0259 m\u00fcraci\u0259ti cavabs\u0131z qald\u0131\u011f\u0131n\u0131 g\u00f6r\u00fcb, V\u0259t\u0259n m\u00fcharib\u0259sin\u0259 \u00f6z t\u00f6hf\u0259sini verm\u0259k \u00fc\u00e7\u00fcn bu yolu se\u00e7ib. \u00d6z\u00fcn\u00fcn ar\u0131\u00e7\u0131l\u0131q t\u0259s\u0259rr\u00fcfat\u0131ndan qazand\u0131\u011f\u0131 maliyy\u0259 hesab\u0131na ehtiyac duyulan \u0259rzaqlar\u0131 ma\u015f\u0131na y\u00fckl\u0259yib c\u0259bh\u0259nin q\u0131z\u011f\u0131n d\u00f6y\u00fc\u015fl\u0259r ged\u0259n sah\u0259l\u0259rin\u0259 yollan\u0131b v\u0259 orada F\u00fczuli rayon Polis \u015f\u00f6b\u0259sinin diqq\u0259ti v\u0259 yard\u0131m\u0131yla daim \u00f6n c\u0259bh\u0259d\u0259 d\u00f6y\u00fc\u015f\u0259n \u0259sg\u0259rl\u0259rimiz\u0259 \u0259n vacib olan \u0259rzaq v\u0259 l\u0259vaz\u0131matlar\u0131 \u00e7atd\u0131r\u0131b. H\u0259r gedi\u015find\u0259 g\u0259l\u0259n s\u0259f\u0259r \u00fc\u00e7\u00fcn d\u00f6y\u00fc\u015f\u00e7\u00fcl\u0259rin ehtiyaclar\u0131n\u0131 \u00f6yr\u0259nib v\u0259 bu ehtiyaclar\u0131 \u00f6d\u0259m\u0259y\u0259 \u00e7al\u0131\u015f\u0131b.<\/p>\n\n\n\n<figure class=\"wp-block-gallery columns-3 is-cropped wp-block-gallery-2 is-layout-flex wp-block-gallery-is-layout-flex\"><ul class=\"blocks-gallery-grid\"><li class=\"blocks-gallery-item\"><figure><img loading=\"lazy\" decoding=\"async\" width=\"1024\" height=\"768\" src=\"https:\/\/fedai.az\/wp-content\/uploads\/2021\/11\/260064659_881596089217301_8674073702956216219_n-1024x768.jpg\" alt=\"\" data-id=\"54924\" data-link=\"https:\/\/fedai.az\/?attachment_id=54924\" class=\"wp-image-54924\" srcset=\"https:\/\/fedai.az\/wp-content\/uploads\/2021\/11\/260064659_881596089217301_8674073702956216219_n-1024x768.jpg 1024w, https:\/\/fedai.az\/wp-content\/uploads\/2021\/11\/260064659_881596089217301_8674073702956216219_n-300x225.jpg 300w, https:\/\/fedai.az\/wp-content\/uploads\/2021\/11\/260064659_881596089217301_8674073702956216219_n-150x113.jpg 150w, https:\/\/fedai.az\/wp-content\/uploads\/2021\/11\/260064659_881596089217301_8674073702956216219_n-768x576.jpg 768w, https:\/\/fedai.az\/wp-content\/uploads\/2021\/11\/260064659_881596089217301_8674073702956216219_n.jpg 1280w\" sizes=\"auto, (max-width: 1024px) 100vw, 1024px\" \/><\/figure><\/li><li class=\"blocks-gallery-item\"><figure><img loading=\"lazy\" decoding=\"async\" width=\"1024\" height=\"768\" src=\"https:\/\/fedai.az\/wp-content\/uploads\/2021\/11\/260748999_2963769900605837_5673348286483276028_n-1024x768.jpg\" alt=\"\" data-id=\"54925\" data-link=\"https:\/\/fedai.az\/?attachment_id=54925\" class=\"wp-image-54925\" srcset=\"https:\/\/fedai.az\/wp-content\/uploads\/2021\/11\/260748999_2963769900605837_5673348286483276028_n-1024x768.jpg 1024w, https:\/\/fedai.az\/wp-content\/uploads\/2021\/11\/260748999_2963769900605837_5673348286483276028_n-300x225.jpg 300w, https:\/\/fedai.az\/wp-content\/uploads\/2021\/11\/260748999_2963769900605837_5673348286483276028_n-150x113.jpg 150w, https:\/\/fedai.az\/wp-content\/uploads\/2021\/11\/260748999_2963769900605837_5673348286483276028_n-768x576.jpg 768w, https:\/\/fedai.az\/wp-content\/uploads\/2021\/11\/260748999_2963769900605837_5673348286483276028_n.jpg 1280w\" sizes=\"auto, (max-width: 1024px) 100vw, 1024px\" \/><\/figure><\/li><li class=\"blocks-gallery-item\"><figure><img loading=\"lazy\" decoding=\"async\" width=\"1024\" height=\"768\" src=\"https:\/\/fedai.az\/wp-content\/uploads\/2021\/11\/260074773_428098918900528_1837271065862980674_n-1024x768.jpg\" alt=\"\" data-id=\"54926\" data-full-url=\"https:\/\/fedai.az\/wp-content\/uploads\/2021\/11\/260074773_428098918900528_1837271065862980674_n.jpg\" data-link=\"https:\/\/fedai.az\/?attachment_id=54926\" class=\"wp-image-54926\" srcset=\"https:\/\/fedai.az\/wp-content\/uploads\/2021\/11\/260074773_428098918900528_1837271065862980674_n-1024x768.jpg 1024w, https:\/\/fedai.az\/wp-content\/uploads\/2021\/11\/260074773_428098918900528_1837271065862980674_n-300x225.jpg 300w, https:\/\/fedai.az\/wp-content\/uploads\/2021\/11\/260074773_428098918900528_1837271065862980674_n-150x113.jpg 150w, https:\/\/fedai.az\/wp-content\/uploads\/2021\/11\/260074773_428098918900528_1837271065862980674_n-768x576.jpg 768w, https:\/\/fedai.az\/wp-content\/uploads\/2021\/11\/260074773_428098918900528_1837271065862980674_n.jpg 1280w\" sizes=\"auto, (max-width: 1024px) 100vw, 1024px\" \/><\/figure><\/li><\/ul><\/figure>\n\n\n\n<p><br>Dem\u0259k olar ki, d\u00f6y\u00fc\u015fl\u0259r getdiyi g\u00fcnl\u0259rd\u0259 daim d\u00f6y\u00fc\u015f\u0259n \u0259sg\u0259rl\u0259rimizin h\u0259r bir arzusunu yerin\u0259 yetirm\u0259y\u0259 \u00e7al\u0131\u015fan Fariz Quliyev, onun c\u0259bh\u0259y\u0259 getm\u0259si \u00fc\u00e7\u00fcn \u015f\u0259rait yaradan Yard\u0131ml\u0131 rayon T\u0259hsil \u0130dar\u0259sinin m\u00fcdiri Manaf S\u0259m\u0259dzad\u0259y\u0259 \u00f6z minn\u0259tdarl\u0131\u011f\u0131n\u0131 bildirdi. Bu i\u015fd\u0259 k\u0259nd sakinl\u0259rinin d\u0259 \u0259m\u0259yi var. Ald\u0131\u011f\u0131m undan isti \u00e7\u00f6r\u0259kl\u0259ri b\u00f6l\u00fc\u015f\u0259r\u0259k bi\u015fir\u0259n ana-bac\u0131lar\u0131m\u0131z, yem\u0259kl\u0259rin haz\u0131rlanmas\u0131nda \u00e7al\u0131\u015fan h\u0259r k\u0259sin \u0259m\u0259yini y\u00fcks\u0259k qiym\u0259tl\u0259ndirir.<\/p>\n\n\n\n<p>Fariz Quliyev biziml\u0259 s\u00f6hb\u0259td\u0259 dedi: &#171;G\u0259nc n\u0259slin t\u0259lim-t\u0259rbiy\u0259sind\u0259, bir \u015f\u0259xsiyy\u0259t kimi formala\u015fmas\u0131nda m\u00fc\u0259lliml\u0259rin \u0259m\u0259yi b\u00f6y\u00fckd\u00fcr v\u0259 dan\u0131lmazd\u0131r. M\u00fc\u0259llim kimi bu m\u00fcharib\u0259d\u0259n k\u0259narda qalmaq ist\u0259m\u0259diyim\u0259 g\u00f6r\u0259 bu yolu tutdum. \u018fslind\u0259 d\u00fc\u015fm\u0259n\u0259 qar\u015f\u0131 d\u00f6y\u00fc\u015fm\u0259k \u0259n b\u00f6y\u00fck arzum idi. Orada \u015fagirdl\u0259rimiz Tarix yazd\u0131lar. V\u0259t\u0259nimizin b\u00f6l\u00fcnm\u0259zliyini, xalq\u0131m\u0131z\u0131n m\u0259rd v\u0259 q\u0259hr\u0259manl\u0131\u011f\u0131n\u0131 d\u00fcnyaya b\u0259yan etdil\u0259r. Bu m\u00fcq\u0259dd\u0259s i\u015fd\u0259 k\u0259narda qalma\u011f\u0131 \u00f6z\u00fcm \u00f6z\u00fcm\u0259 ba\u011f\u0131\u015flamazd\u0131m&#187;.<\/p>\n\n\n\n<p><br>Fariz Quliyevin m\u00fcharib\u0259 getdiyi g\u00fcnl\u0259rd\u0259 g\u00f6st\u0259rdiyi t\u0259m\u0259nnas\u0131z yard\u0131mlar\u0131 v\u0259 d\u00f6y\u00fc\u015f\u0259n \u0259sg\u0259rl\u0259rimizl\u0259 bir olmas\u0131 Az\u0259rbaycan V\u0259t\u0259n M\u00fcharib\u0259si Veteranlar\u0131 \u0130ctimai Birliyi (AVMV\u0130B) R\u0259hb\u0259rliyinin d\u0259 diqq\u0259tind\u0259n k\u0259narda qalmad\u0131. Bel\u0259 insanlar\u0131m\u0131z\u0131 qiym\u0259tl\u0259ndirm\u0259k laz\u0131md\u0131r. Onlar b\u00fct\u00fcn \u00e7\u0259tinlikl\u0259ri v\u0259 baryerl\u0259ri a\u015faraq c\u0259bh\u0259y\u0259 can atan ads\u0131z q\u0259hr\u0259manlard\u0131r. Ona g\u00f6r\u0259 d\u0259 Az\u0259rbaycan V\u0259t\u0259n M\u00fcharib\u0259si Veteranlar\u0131 \u0130ctimai Birliyi (AVMV\u0130B) Fariz Quliyevi f\u0259xri \u00fczvl\u00fcy\u0259 q\u0259bul edib v\u0259 onun xidm\u0259tl\u0259rini y\u00fcks\u0259k qiym\u0259tl\u0259ndir\u0259r\u0259k onu AVMV\u0130B-nin t\u0259sis etdiyi Xatir\u0259 medallar\u0131yla t\u0259ltif edib.<\/p>\n\n\n\n<figure class=\"wp-block-gallery columns-3 is-cropped wp-block-gallery-3 is-layout-flex wp-block-gallery-is-layout-flex\"><ul class=\"blocks-gallery-grid\"><li class=\"blocks-gallery-item\"><figure><img loading=\"lazy\" decoding=\"async\" width=\"768\" height=\"1024\" src=\"https:\/\/fedai.az\/wp-content\/uploads\/2021\/11\/260829609_413615460247258_373891854769927738_n-768x1024.jpg\" alt=\"\" data-id=\"54927\" data-link=\"https:\/\/fedai.az\/?attachment_id=54927\" class=\"wp-image-54927\" srcset=\"https:\/\/fedai.az\/wp-content\/uploads\/2021\/11\/260829609_413615460247258_373891854769927738_n-768x1024.jpg 768w, https:\/\/fedai.az\/wp-content\/uploads\/2021\/11\/260829609_413615460247258_373891854769927738_n-225x300.jpg 225w, https:\/\/fedai.az\/wp-content\/uploads\/2021\/11\/260829609_413615460247258_373891854769927738_n-113x150.jpg 113w, https:\/\/fedai.az\/wp-content\/uploads\/2021\/11\/260829609_413615460247258_373891854769927738_n.jpg 960w\" sizes=\"auto, (max-width: 768px) 100vw, 768px\" \/><\/figure><\/li><li class=\"blocks-gallery-item\"><figure><img loading=\"lazy\" decoding=\"async\" width=\"768\" height=\"1024\" src=\"https:\/\/fedai.az\/wp-content\/uploads\/2021\/11\/260636211_593922855269013_270475582424364031_n-768x1024.jpg\" alt=\"\" data-id=\"54928\" data-link=\"https:\/\/fedai.az\/?attachment_id=54928\" class=\"wp-image-54928\" srcset=\"https:\/\/fedai.az\/wp-content\/uploads\/2021\/11\/260636211_593922855269013_270475582424364031_n-768x1024.jpg 768w, https:\/\/fedai.az\/wp-content\/uploads\/2021\/11\/260636211_593922855269013_270475582424364031_n-225x300.jpg 225w, https:\/\/fedai.az\/wp-content\/uploads\/2021\/11\/260636211_593922855269013_270475582424364031_n-113x150.jpg 113w, https:\/\/fedai.az\/wp-content\/uploads\/2021\/11\/260636211_593922855269013_270475582424364031_n.jpg 960w\" sizes=\"auto, (max-width: 768px) 100vw, 768px\" \/><\/figure><\/li><li class=\"blocks-gallery-item\"><figure><img loading=\"lazy\" decoding=\"async\" width=\"768\" height=\"1024\" src=\"https:\/\/fedai.az\/wp-content\/uploads\/2021\/11\/259964846_373013207914782_1902699261297398560_n-768x1024.jpg\" alt=\"\" data-id=\"54929\" data-full-url=\"https:\/\/fedai.az\/wp-content\/uploads\/2021\/11\/259964846_373013207914782_1902699261297398560_n.jpg\" data-link=\"https:\/\/fedai.az\/?attachment_id=54929\" class=\"wp-image-54929\" srcset=\"https:\/\/fedai.az\/wp-content\/uploads\/2021\/11\/259964846_373013207914782_1902699261297398560_n-768x1024.jpg 768w, https:\/\/fedai.az\/wp-content\/uploads\/2021\/11\/259964846_373013207914782_1902699261297398560_n-225x300.jpg 225w, https:\/\/fedai.az\/wp-content\/uploads\/2021\/11\/259964846_373013207914782_1902699261297398560_n-113x150.jpg 113w, https:\/\/fedai.az\/wp-content\/uploads\/2021\/11\/259964846_373013207914782_1902699261297398560_n.jpg 960w\" sizes=\"auto, (max-width: 768px) 100vw, 768px\" \/><\/figure><\/li><\/ul><\/figure>\n\n\n\n<p><strong>Medallar\u0131 Az\u0259rbaycan V\u0259t\u0259n M\u00fcharib\u0259si Veteranlar\u0131 \u0130ctimai Birliyi (AVMV\u0130B) s\u0259dri F\u00fczuli Rzaquliyev v\u0259 s\u0259dr m\u00fcavini Vahid Abdur\u0259hmanov t\u0259qdim etdil\u0259r.<\/strong><\/p>\n\n\n\n<p><br>Az\u0259rbaycan V\u0259t\u0259n M\u00fcharib\u0259si Veteranlar\u0131 \u0130ctimai Birliyi (AVMV\u0130B) s\u0259drinin t\u0259\u015fkilati i\u015fl\u0259r \u00fczr\u0259 m\u00fcavini Vahid Abdur\u0259hmanov Fariz Quliyevin 44 g\u00fcnl\u00fck V\u0259t\u0259n m\u00fcharib\u0259si getdiyi g\u00fcnl\u0259rd\u0259 d\u00f6y\u00fc\u015f ged\u0259n \u0259razil\u0259r\u0259 getm\u0259yin \u00e7\u0259tinlikl\u0259rini qeyd etdi. Bildirdi ki, AVMV\u0130B daim q\u0259lbi ordumuzla, d\u00f6y\u00fc\u015f\u00e7\u00fcl\u0259rl\u0259 birg\u0259 \u00e7\u0131rp\u0131nan soyda\u015flar\u0131m\u0131z\u0131 \u00f6z\u00fcn\u00fcnk\u00fc bilir. Onlar da ruh\u0259n d\u00f6y\u00fc\u015f\u00e7\u00fcl\u0259rdir. Az\u0259rbaycan Prezidenti, M\u00fcz\u0259ff\u0259r Ali Ba\u015f Komandan \u0130lham \u018fliyevin q\u0259tiyy\u0259ti, xalq\u0131m\u0131z\u0131n milli birliyi &#8212; h\u0259mr\u0259yliyi, Ordumuzun q\u00fcdr\u0259ti, \u0259sg\u0259r v\u0259 zabitl\u0259rimizin \u015f\u00fcca\u0259ti say\u0259sind\u0259 haqq-\u0259dal\u0259t b\u0259rpa edildi, uzun ill\u0259rin h\u0259sr\u0259ti ba\u015fa \u00e7atd\u0131. \u018fminlikl\u0259 dey\u0259 bil\u0259r\u0259m ki, bu q\u0259l\u0259b\u0259d\u0259, m\u0259hz Fariz Quliyev kimi xeyriyy\u0259\u00e7il\u0259rimizin d\u0259 \u00f6z paylar\u0131 var. \u0130nan\u0131ram ki, AVMV\u0130B-nin f\u0259xri \u00fczv\u00fc kimi bundan sonra da qazil\u0259rimizin v\u0259 \u015f\u0259hid ail\u0259l\u0259rinin yan\u0131nda olaca\u011f\u0131na \u0259min\u0259m.<\/p>\n\n\n\n<figure class=\"wp-block-gallery columns-2 is-cropped wp-block-gallery-4 is-layout-flex wp-block-gallery-is-layout-flex\"><ul class=\"blocks-gallery-grid\"><li class=\"blocks-gallery-item\"><figure><img loading=\"lazy\" decoding=\"async\" width=\"768\" height=\"1024\" src=\"https:\/\/fedai.az\/wp-content\/uploads\/2021\/11\/260621815_863383514326371_2656191207881315296_n-768x1024.jpg\" alt=\"\" data-id=\"54930\" data-link=\"https:\/\/fedai.az\/?attachment_id=54930\" class=\"wp-image-54930\" srcset=\"https:\/\/fedai.az\/wp-content\/uploads\/2021\/11\/260621815_863383514326371_2656191207881315296_n-768x1024.jpg 768w, https:\/\/fedai.az\/wp-content\/uploads\/2021\/11\/260621815_863383514326371_2656191207881315296_n-225x300.jpg 225w, https:\/\/fedai.az\/wp-content\/uploads\/2021\/11\/260621815_863383514326371_2656191207881315296_n-113x150.jpg 113w, https:\/\/fedai.az\/wp-content\/uploads\/2021\/11\/260621815_863383514326371_2656191207881315296_n.jpg 960w\" sizes=\"auto, (max-width: 768px) 100vw, 768px\" \/><\/figure><\/li><li class=\"blocks-gallery-item\"><figure><img loading=\"lazy\" decoding=\"async\" width=\"720\" height=\"540\" src=\"https:\/\/fedai.az\/wp-content\/uploads\/2021\/11\/oo9-2.jpg\" alt=\"\" data-id=\"54931\" data-full-url=\"https:\/\/fedai.az\/wp-content\/uploads\/2021\/11\/oo9-2.jpg\" data-link=\"https:\/\/fedai.az\/?attachment_id=54931\" class=\"wp-image-54931\" srcset=\"https:\/\/fedai.az\/wp-content\/uploads\/2021\/11\/oo9-2.jpg 720w, https:\/\/fedai.az\/wp-content\/uploads\/2021\/11\/oo9-2-300x225.jpg 300w, https:\/\/fedai.az\/wp-content\/uploads\/2021\/11\/oo9-2-150x113.jpg 150w\" sizes=\"auto, (max-width: 720px) 100vw, 720px\" \/><\/figure><\/li><\/ul><\/figure>\n\n\n\n<p>\u0130ll\u0259rdir Az\u0259rbaycan V\u0259t\u0259n M\u00fcharib\u0259si Veteranlar\u0131 \u0130ctimai Birliyi (AVMV\u0130B) rayon \u015f\u00f6b\u0259l\u0259rinin \u00fcmumt\u0259hsil m\u00fc\u0259ssis\u0259l\u0259rind\u0259 h\u0259rbi v\u0259t\u0259np\u0259rv\u0259rlik t\u0259rbiy\u0259sinin a\u015f\u0131lanmas\u0131 sah\u0259sind\u0259 apard\u0131\u011f\u0131 i\u015fl\u0259rin v\u0259 t\u0259dbirl\u0259rin d\u0259 burda \u00e7ox m\u00fch\u00fcm rolu var. G\u0259ncl\u0259rimizd\u0259 k\u00f6n\u00fcll\u00fc olaraq \u00f6z V\u0259t\u0259ninin m\u00fcdafi\u0259sind\u0259 i\u015ftirak etm\u0259k, erm\u0259ni terroristl\u0259rini torpaqlar\u0131m\u0131zdan qovmaq, bu qani\u00e7\u0259nl\u0259r\u0259 nifr\u0259t hissini a\u015f\u0131lanmas\u0131n\u0131 el\u0259 m\u0259kt\u0259bd\u0259 d\u0259rs dey\u0259n v\u0259t\u0259np\u0259rv\u0259r m\u00fc\u0259lliml\u0259rin \u0259m\u0259yinin n\u0259tic\u0259si saymaq olar. Bel\u0259 m\u00fc\u0259lliml\u0259rin s\u0131ras\u0131nda yer alan <strong>Fariz Quliyevi t\u0259ltif m\u00fcnasib\u0259tiyl\u0259 t\u0259brik edirik!<\/strong><\/p>\n\n\n\n<p><strong><br>Elnur S\u0259lim<\/strong><\/p>\n","protected":false},"excerpt":{"rendered":"<p>44 g\u00fcnl\u00fck V\u0259t\u0259n m\u00fcharib\u0259si ba\u015flayan g\u00fcnd\u0259n t\u0259hsil i\u015f\u00e7il\u0259ri d\u0259 k\u00f6n\u00fcll\u00fc olaraq d\u00f6y\u00fc\u015f\u0259 qat\u0131ld\u0131lar v\u0259 d\u00f6y\u00fc\u015f\u0259n ordumuza maddi-m\u0259n\u0259vi d\u0259st\u0259kl\u0259rini \u0259sirg\u0259m\u0259dil\u0259r. \u015eanl\u0131 q\u0259l\u0259b\u0259nin qazan\u0131lmas\u0131na onlar da<\/p>\n","protected":false},"author":2,"featured_media":54932,"comment_status":"closed","ping_status":"closed","sticky":false,"template":"","format":"standard","meta":{"footnotes":""},"categories":[5],"tags":[],"class_list":["post-54920","post","type-post","status-publish","format-standard","has-post-thumbnail","hentry","category-veteran"],"aioseo_notices":[],"_links":{"self":[{"href":"https:\/\/fedai.az\/index.php?rest_route=\/wp\/v2\/posts\/54920","targetHints":{"allow":["GET"]}}],"collection":[{"href":"https:\/\/fedai.az\/index.php?rest_route=\/wp\/v2\/posts"}],"about":[{"href":"https:\/\/fedai.az\/index.php?rest_route=\/wp\/v2\/types\/post"}],"author":[{"embeddable":true,"href":"https:\/\/fedai.az\/index.php?rest_route=\/wp\/v2\/users\/2"}],"replies":[{"embeddable":true,"href":"https:\/\/fedai.az\/index.php?rest_route=%2Fwp%2Fv2%2Fcomments&post=54920"}],"version-history":[{"count":2,"href":"https:\/\/fedai.az\/index.php?rest_route=\/wp\/v2\/posts\/54920\/revisions"}],"predecessor-version":[{"id":55000,"href":"https:\/\/fedai.az\/index.php?rest_route=\/wp\/v2\/posts\/54920\/revisions\/55000"}],"wp:featuredmedia":[{"embeddable":true,"href":"https:\/\/fedai.az\/index.php?rest_route=\/wp\/v2\/media\/54932"}],"wp:attachment":[{"href":"https:\/\/fedai.az\/index.php?rest_route=%2Fwp%2Fv2%2Fmedia&parent=54920"}],"wp:term":[{"taxonomy":"category","embeddable":true,"href":"https:\/\/fedai.az\/index.php?rest_route=%2Fwp%2Fv2%2Fcategories&post=54920"},{"taxonomy":"post_tag","embeddable":true,"href":"https:\/\/fedai.az\/index.php?rest_route=%2Fwp%2Fv2%2Ftags&post=54920"}],"curies":[{"name":"wp","href":"https:\/\/api.w.org\/{rel}","templated":true}]}}