{"id":54944,"date":"2021-11-27T02:11:00","date_gmt":"2021-11-26T22:11:00","guid":{"rendered":"https:\/\/fedai.az\/?p=54944"},"modified":"2021-11-27T02:11:02","modified_gmt":"2021-11-26T22:11:02","slug":"rusiya-v%c9%99-cin-turk-birliyinin-t%c9%99bii-uzvl%c9%99ridir","status":"publish","type":"post","link":"https:\/\/fedai.az\/?p=54944","title":{"rendered":"Rusiya v\u0259 \u00c7in T\u00fcrk Birliyinin t\u0259bii \u00fczvl\u0259ridir"},"content":{"rendered":"\n<p><strong>T\u00fcrkiy\u0259 hesab edir ki, Rusiya v\u0259 \u00c7in T\u00fcrk D\u00f6vl\u0259tl\u0259ri T\u0259\u015fkilat\u0131n\u0131n (TDT) t\u0259bii \u00fczvl\u0259ridir.<\/strong><\/p>\n\n\n\n<p>Bu s\u00f6zl\u0259ri T\u00fcrk D\u00f6vl\u0259tl\u0259ri T\u0259\u015fkilat\u0131n\u0131n A\u011fsaqqallar \u015euras\u0131n\u0131n \u00fczv\u00fc Bin\u0259li Y\u0131ld\u0131r\u0131m TASS-a a\u00e7\u0131qlamas\u0131nda deyib.<\/p>\n\n\n\n<p>O bildirib ki, T\u00fcrk \u015euras\u0131 2009-cu ild\u0259 formala\u015fd\u0131r\u0131l\u0131b, ona haz\u0131rda 7 d\u00f6vl\u0259t \u00fczvd\u00fcr:<\/p>\n\n\n\n<p>\u201cMacar\u0131stan v\u0259 T\u00fcrkm\u0259nistan m\u00fc\u015fahid\u0259\u00e7idir, T\u00fcrkiy\u0259, Az\u0259rbaycan, Qazax\u0131stan, \u00d6zb\u0259kistan v\u0259 Q\u0131r\u011f\u0131z\u0131stan is\u0259 \u00fczvl\u0259rdir. \u018flb\u0259tt\u0259, bu say yax\u0131n ill\u0259rd\u0259 artacaq. T\u00fcrkc\u0259 dan\u0131\u015fan v\u0259 yaxud t\u00fcrkl\u0259rin d\u0259 ya\u015fad\u0131\u011f\u0131 d\u00f6vl\u0259tl\u0259r TDT-n\u0131n t\u0259bii \u00fczvl\u0259ridir\u201d.<\/p>\n\n\n\n<p>B.Y\u0131ld\u0131r\u0131m deyib ki, b\u00fct\u00fcn Balkan \u00f6lk\u0259l\u0259ri, ilk n\u00f6vb\u0259d\u0259 Bolqar\u0131stan, Bosniya v\u0259 Hersoqovina, Serbiya, Albaniya v\u0259 Makedoniya TDT-n\u0131n t\u0259bii \u00fczvl\u0259ridir v\u0259 g\u0259l\u0259c\u0259kd\u0259 ona qo\u015fulacaqlar:<\/p>\n\n\n\n<p>\u201cBundan ba\u015fqa, Rusiya v\u0259 \u00c7in d\u0259 bu t\u0259\u015fkilat\u0131n t\u0259bii \u00fczvl\u0259ridir\u201d.<\/p>\n","protected":false},"excerpt":{"rendered":"<p>T\u00fcrkiy\u0259 hesab edir ki, Rusiya v\u0259 \u00c7in T\u00fcrk D\u00f6vl\u0259tl\u0259ri T\u0259\u015fkilat\u0131n\u0131n (TDT) t\u0259bii \u00fczvl\u0259ridir. Bu s\u00f6zl\u0259ri T\u00fcrk D\u00f6vl\u0259tl\u0259ri T\u0259\u015fkilat\u0131n\u0131n A\u011fsaqqallar \u015euras\u0131n\u0131n \u00fczv\u00fc Bin\u0259li Y\u0131ld\u0131r\u0131m TASS-a<\/p>\n","protected":false},"author":2,"featured_media":54945,"comment_status":"closed","ping_status":"closed","sticky":false,"template":"","format":"standard","meta":{"footnotes":""},"categories":[1],"tags":[],"class_list":["post-54944","post","type-post","status-publish","format-standard","has-post-thumbnail","hentry","category-siyast"],"aioseo_notices":[],"_links":{"self":[{"href":"https:\/\/fedai.az\/index.php?rest_route=\/wp\/v2\/posts\/54944","targetHints":{"allow":["GET"]}}],"collection":[{"href":"https:\/\/fedai.az\/index.php?rest_route=\/wp\/v2\/posts"}],"about":[{"href":"https:\/\/fedai.az\/index.php?rest_route=\/wp\/v2\/types\/post"}],"author":[{"embeddable":true,"href":"https:\/\/fedai.az\/index.php?rest_route=\/wp\/v2\/users\/2"}],"replies":[{"embeddable":true,"href":"https:\/\/fedai.az\/index.php?rest_route=%2Fwp%2Fv2%2Fcomments&post=54944"}],"version-history":[{"count":1,"href":"https:\/\/fedai.az\/index.php?rest_route=\/wp\/v2\/posts\/54944\/revisions"}],"predecessor-version":[{"id":54946,"href":"https:\/\/fedai.az\/index.php?rest_route=\/wp\/v2\/posts\/54944\/revisions\/54946"}],"wp:featuredmedia":[{"embeddable":true,"href":"https:\/\/fedai.az\/index.php?rest_route=\/wp\/v2\/media\/54945"}],"wp:attachment":[{"href":"https:\/\/fedai.az\/index.php?rest_route=%2Fwp%2Fv2%2Fmedia&parent=54944"}],"wp:term":[{"taxonomy":"category","embeddable":true,"href":"https:\/\/fedai.az\/index.php?rest_route=%2Fwp%2Fv2%2Fcategories&post=54944"},{"taxonomy":"post_tag","embeddable":true,"href":"https:\/\/fedai.az\/index.php?rest_route=%2Fwp%2Fv2%2Ftags&post=54944"}],"curies":[{"name":"wp","href":"https:\/\/api.w.org\/{rel}","templated":true}]}}