{"id":54947,"date":"2021-11-27T02:14:49","date_gmt":"2021-11-26T22:14:49","guid":{"rendered":"https:\/\/fedai.az\/?p=54947"},"modified":"2021-11-27T02:14:52","modified_gmt":"2021-11-26T22:14:52","slug":"%c9%99liyev-pasinyan-putin-gorusu-socid%c9%99-n%c9%99d%c9%99-raziliga-g%c9%99lindi","status":"publish","type":"post","link":"https:\/\/fedai.az\/?p=54947","title":{"rendered":"\u018fliyev-Pa\u015finyan-Putin g\u00f6r\u00fc\u015f\u00fc: So\u00e7id\u0259 n\u0259d\u0259 raz\u0131l\u0131\u011fa g\u0259lindi?"},"content":{"rendered":"\n<p><strong>So\u00e7id\u0259 Az\u0259rbaycan v\u0259 Erm\u0259nistan aras\u0131nda s\u0259rh\u0259dl\u0259rin delimitasiya v\u0259 demarkasiya mexanizml\u0259rinin yarad\u0131lmas\u0131 bar\u0259d\u0259 raz\u0131l\u0131\u011fa g\u0259linib.<\/strong><\/p>\n\n\n\n<p>&#171;Bu ilin sonuna q\u0259d\u0259r bunu etm\u0259y\u0259 raz\u0131la\u015fd\u0131q&#187;, Rusiya medias\u0131 Prezident Vladimir Putin\u0259 istinad\u0259n yaz\u0131b.<\/p>\n\n\n\n<p>&#171;\u00dcmid edir\u0259m ki, bu \u0259n yax\u0131n zamanda ba\u015f ver\u0259c\u0259k. bu mexanizml\u0259rin yarad\u0131lmas\u0131 \u00fc\u00e7\u00fcn he\u00e7 bir mane\u0259 yoxdur&#187;, Rusiya Prezidenti deyib.<\/p>\n\n\n\n<p>Bu g\u00fcn So\u00e7id\u0259 Rusiya Prezidenti Vladimir Putinin t\u0259\u015f\u0259bb\u00fcs\u00fc il\u0259 Az\u0259rbaycan Prezidenti \u0130lham \u018fliyev v\u0259 Erm\u0259nistan\u0131n Ba\u015f naziri Nikol Pa\u015finyan aras\u0131nda \u00fc\u00e7t\u0259r\u0259fli g\u00f6r\u00fc\u015f ke\u00e7irilib.<\/p>\n\n\n\n<p>G\u00f6r\u00fc\u015fd\u0259n sonra \u00fc\u00e7 \u00f6lk\u0259 lideri m\u0259tbuata b\u0259yanatla \u00e7\u0131x\u0131\u015f edibl\u0259r.<\/p>\n\n\n\n<p>G\u00f6r\u00fc\u015f \u00f6t\u0259n il imzalanm\u0131\u015f 10 noyabr B\u0259yanat\u0131n\u0131n birinci ild\u00f6n\u00fcm\u00fcn\u0259 h\u0259sr edilib.<\/p>\n\n\n\n<p>3 saata yax\u0131n davam ed\u0259n g\u00f6r\u00fc\u015fd\u0259 sabitliyin g\u00fccl\u0259nm\u0259si istiqam\u0259tind\u0259 at\u0131lmal\u0131 add\u0131mlar v\u0259 Qaraba\u011fda dinc h\u0259yat\u0131n b\u0259rq\u0259rar olmas\u0131na dair m\u0259s\u0259l\u0259l\u0259r m\u00fczakir\u0259 edilib.<\/p>\n\n\n\n<p>G\u00f6r\u00fc\u015fd\u0259 Prezident \u018fliyev bildirib k, bu il \u0259rzind\u0259 Az\u0259rbaycan m\u00fcharib\u0259nin n\u0259tic\u0259l\u0259rinin aradan qald\u0131r\u0131lmas\u0131 v\u0259 kommunikasiyalar\u0131n b\u0259rpas\u0131 i\u015find\u0259 &#171;maksimum konstruktivlik&#187; n\u00fcmayi\u015f etdirib.<\/p>\n\n\n\n<p>&#171;Hesab edir\u0259m ki, bu, h\u0259l\u0259lik yerin\u0259 yetirilm\u0259mi\u015f m\u00fch\u00fcm m\u0259s\u0259l\u0259l\u0259rd\u0259n biridir. Ona g\u00f6r\u0259 ki, ke\u00e7\u0259n il noyabr ay\u0131nda q\u0259bul edilmi\u015f v\u0259 imzalanm\u0131\u015f \u00fc\u00e7t\u0259r\u0259fli B\u0259yanat\u0131n praktiki olaraq b\u00fct\u00fcn b\u0259ndl\u0259ri yerin\u0259 yetirilib&#187;.<\/p>\n\n\n\n<p>O h\u0259m\u00e7inin Az\u0259rbaycan\u0131n Erm\u0259nistana t\u0259klifl\u0259ri bar\u0259d\u0259 dan\u0131\u015f\u0131b.<\/p>\n\n\n\n<p>&#171;Erm\u0259nistan il\u0259 Az\u0259rbaycan aras\u0131nda s\u0259rh\u0259d delimitasiya edilm\u0259yib. Buna g\u00f6r\u0259 biz d\u0259f\u0259l\u0259rl\u0259 a\u00e7\u0131q bildirmi\u015fik ki, delimitasiya prosesin\u0259 t\u0259xir\u0259 sal\u0131nmadan ba\u015flama\u011fa haz\u0131r\u0131q. \u00dcst\u0259lik, biz Erm\u0259nistan t\u0259r\u0259fin\u0259 a\u00e7\u0131q t\u0259klif etmi\u015fik ki, qar\u015f\u0131durmaya son qoymaq, bir-birinin \u0259razi b\u00fct\u00f6vl\u00fcy\u00fcn\u00fc, suverenliyini tan\u0131maq v\u0259 g\u0259l\u0259c\u0259kd\u0259 qon\u015fular kimi ya\u015fama\u011f\u0131, yenid\u0259n qon\u015fular kimi ya\u015fama\u011f\u0131 t\u0259\u015fviq etm\u0259k \u00fc\u00e7\u00fcn s\u00fclh m\u00fcqavil\u0259si \u00fcz\u0259rind\u0259 i\u015f\u0259 ba\u015flayaq.&#187;<\/p>\n\n\n\n<p>Nikol Pa\u015finyan \u0130lham \u018fliyevin 10 noyabr B\u0259yanat\u0131n\u0131n yerin\u0259 yetirilm\u0259si bar\u0259d\u0259 dedikl\u0259ri il\u0259 raz\u0131la\u015fmad\u0131\u011f\u0131n\u0131 bildirib.<\/p>\n\n\n\n<p>&#171;M\u0259n Az\u0259rbaycan Prezidentinin bu fikri il\u0259 raz\u0131la\u015fm\u0131ram ki, kommunikasiyalar\u0131n b\u0259rpas\u0131ndan ba\u015fqa B\u0259yanat\u0131n faktiki olaraq b\u00fct\u00fcn b\u0259ndl\u0259ri yerin\u0259 yetirilib. Bilirsiniz ki, biz bu m\u0259s\u0259l\u0259ni Sizinl\u0259 d\u0259f\u0259l\u0259rl\u0259, h\u0259m \u0259yani \u015f\u0259kild\u0259, h\u0259m d\u0259 telefonla m\u00fczakir\u0259 etmi\u015fik ki, girovlar v\u0259 dig\u0259r saxlan\u0131lan \u015f\u0259xsl\u0259r, h\u0259rbi \u0259sirl\u0259r problemi d\u0259 var. Bu, \u00e7ox m\u00fch\u00fcm humanitar m\u0259s\u0259l\u0259dir&#187;, Pa\u015finyan deyib.<\/p>\n\n\n\n<p>O h\u0259m\u00e7inin deyib ki, Erm\u0259nistan s\u0259rh\u0259dl\u0259rin demarkasiyas\u0131 v\u0259 delimitasiyas\u0131 prosesin\u0259 ba\u015flama\u011fa haz\u0131rd\u0131r.<\/p>\n\n\n\n<p>&#171;M\u0259n d\u0259 d\u0259f\u0259l\u0259rl\u0259 elan etmi\u015f\u0259m ki, Erm\u0259nistan s\u0259rh\u0259dl\u0259rin demarkasiyas\u0131 v\u0259 delimitasiyas\u0131 prosesin\u0259 ba\u015flama\u011fa haz\u0131rd\u0131r. B\u00fct\u00fcn n\u0259qliyyat v\u0259 iqtisadi kommunikasiyalar\u0131n a\u00e7\u0131lmas\u0131, blokadadan \u00e7\u0131xar\u0131lmas\u0131 m\u00f6vzusu da bizim \u00fc\u00e7\u00fcn \u00e7ox vacibdir. Biz bu m\u0259s\u0259l\u0259l\u0259rin h\u0259ll edilm\u0259sind\u0259 h\u0259qiq\u0259t\u0259n maraql\u0131y\u0131q.&#187;<\/p>\n\n\n\n<p>Vladimir Putin Az\u0259rbaycan v\u0259 Erm\u0259nistan liderl\u0259rinin g\u0259l\u0259n ay ba\u015f tutmal\u0131 olan Br\u00fcss\u00fcl g\u00f6r\u00fc\u015f\u00fcn\u00fc yada sal\u0131b v\u0259 bunu alq\u0131\u015flad\u0131\u011f\u0131n\u0131 qeyd edib.<\/p>\n\n\n\n<p>&#171;N\u0259 q\u0259d\u0259r birba\u015fa \u00fcnsiyy\u0259t olarsa, bir o q\u0259d\u0259r yax\u015f\u0131d\u0131r. M\u0259n bu yax\u0131nlarda bu bar\u0259d\u0259 Avropa \u0130ttifaq\u0131 \u015euras\u0131n\u0131n Prezidenti c\u0259nab Mi\u015fell\u0259 d\u0259 dan\u0131\u015fm\u0131\u015fam. O, sizi g\u00f6zl\u0259yir&#8230;. Bir daha t\u0259krar edir\u0259m, t\u0259r\u0259fda\u015flar\u0131m\u0131z\u0131n bu dialoqa c\u0259lb edilm\u0259sini biz yaln\u0131z alq\u0131\u015flay\u0131r\u0131q. \u018fsas odur ki, bu dialoq faydal\u0131 olsun.&#187;<\/p>\n\n\n\n<p>M\u0259nb\u0259: BBC<\/p>\n","protected":false},"excerpt":{"rendered":"<p>So\u00e7id\u0259 Az\u0259rbaycan v\u0259 Erm\u0259nistan aras\u0131nda s\u0259rh\u0259dl\u0259rin delimitasiya v\u0259 demarkasiya mexanizml\u0259rinin yarad\u0131lmas\u0131 bar\u0259d\u0259 raz\u0131l\u0131\u011fa g\u0259linib. &#171;Bu ilin sonuna q\u0259d\u0259r bunu etm\u0259y\u0259 raz\u0131la\u015fd\u0131q&#187;, Rusiya medias\u0131 Prezident<\/p>\n","protected":false},"author":2,"featured_media":54948,"comment_status":"closed","ping_status":"closed","sticky":false,"template":"","format":"standard","meta":{"footnotes":""},"categories":[1],"tags":[],"class_list":["post-54947","post","type-post","status-publish","format-standard","has-post-thumbnail","hentry","category-siyast"],"aioseo_notices":[],"_links":{"self":[{"href":"https:\/\/fedai.az\/index.php?rest_route=\/wp\/v2\/posts\/54947","targetHints":{"allow":["GET"]}}],"collection":[{"href":"https:\/\/fedai.az\/index.php?rest_route=\/wp\/v2\/posts"}],"about":[{"href":"https:\/\/fedai.az\/index.php?rest_route=\/wp\/v2\/types\/post"}],"author":[{"embeddable":true,"href":"https:\/\/fedai.az\/index.php?rest_route=\/wp\/v2\/users\/2"}],"replies":[{"embeddable":true,"href":"https:\/\/fedai.az\/index.php?rest_route=%2Fwp%2Fv2%2Fcomments&post=54947"}],"version-history":[{"count":1,"href":"https:\/\/fedai.az\/index.php?rest_route=\/wp\/v2\/posts\/54947\/revisions"}],"predecessor-version":[{"id":54949,"href":"https:\/\/fedai.az\/index.php?rest_route=\/wp\/v2\/posts\/54947\/revisions\/54949"}],"wp:featuredmedia":[{"embeddable":true,"href":"https:\/\/fedai.az\/index.php?rest_route=\/wp\/v2\/media\/54948"}],"wp:attachment":[{"href":"https:\/\/fedai.az\/index.php?rest_route=%2Fwp%2Fv2%2Fmedia&parent=54947"}],"wp:term":[{"taxonomy":"category","embeddable":true,"href":"https:\/\/fedai.az\/index.php?rest_route=%2Fwp%2Fv2%2Fcategories&post=54947"},{"taxonomy":"post_tag","embeddable":true,"href":"https:\/\/fedai.az\/index.php?rest_route=%2Fwp%2Fv2%2Ftags&post=54947"}],"curies":[{"name":"wp","href":"https:\/\/api.w.org\/{rel}","templated":true}]}}