{"id":54953,"date":"2021-11-27T02:24:14","date_gmt":"2021-11-26T22:24:14","guid":{"rendered":"https:\/\/fedai.az\/?p=54953"},"modified":"2021-11-27T02:29:24","modified_gmt":"2021-11-26T22:29:24","slug":"%c9%99rdogan-bu-gun-turkm%c9%99nistana-s%c9%99f%c9%99r%c9%99-gedir","status":"publish","type":"post","link":"https:\/\/fedai.az\/?p=54953","title":{"rendered":"\u018frdo\u011fan bu g\u00fcn T\u00fcrkm\u0259nistana s\u0259f\u0259r\u0259 gedir"},"content":{"rendered":"\n<p><strong>T\u00fcrkiy\u0259 Prezidenti R\u0259c\u0259b Tayyib \u018frdo\u011fan bu g\u00fcn T\u00fcrkm\u0259nistana s\u0259f\u0259r ed\u0259c\u0259k.<\/strong><\/p>\n\n\n\n<p>Bu bar\u0259d\u0259 T\u00fcrkiy\u0259 Prezident Adminstrasiyas\u0131n\u0131n m\u0259lumat\u0131nda deyilir.<\/p>\n\n\n\n<p>Bildirilib ki, s\u0259f\u0259r zaman\u0131 \u018frdo\u011fan \u0130qtisadi \u018fm\u0259kda\u015fl\u0131q T\u0259\u015fkilat\u0131n\u0131n (\u0130\u018fT) T\u00fcrkm\u0259nistanda ke\u00e7iril\u0259c\u0259k zirv\u0259 g\u00f6r\u00fc\u015f\u00fcnd\u0259 i\u015ftirak ed\u0259c\u0259k.<\/p>\n","protected":false},"excerpt":{"rendered":"<p>T\u00fcrkiy\u0259 Prezidenti R\u0259c\u0259b Tayyib \u018frdo\u011fan bu g\u00fcn T\u00fcrkm\u0259nistana s\u0259f\u0259r ed\u0259c\u0259k. Bu bar\u0259d\u0259 T\u00fcrkiy\u0259 Prezident Adminstrasiyas\u0131n\u0131n m\u0259lumat\u0131nda deyilir. Bildirilib ki, s\u0259f\u0259r zaman\u0131 \u018frdo\u011fan \u0130qtisadi \u018fm\u0259kda\u015fl\u0131q<\/p>\n","protected":false},"author":2,"featured_media":54956,"comment_status":"closed","ping_status":"closed","sticky":false,"template":"","format":"standard","meta":{"footnotes":""},"categories":[3],"tags":[],"class_list":["post-54953","post","type-post","status-publish","format-standard","has-post-thumbnail","hentry","category-gundm"],"aioseo_notices":[],"_links":{"self":[{"href":"https:\/\/fedai.az\/index.php?rest_route=\/wp\/v2\/posts\/54953","targetHints":{"allow":["GET"]}}],"collection":[{"href":"https:\/\/fedai.az\/index.php?rest_route=\/wp\/v2\/posts"}],"about":[{"href":"https:\/\/fedai.az\/index.php?rest_route=\/wp\/v2\/types\/post"}],"author":[{"embeddable":true,"href":"https:\/\/fedai.az\/index.php?rest_route=\/wp\/v2\/users\/2"}],"replies":[{"embeddable":true,"href":"https:\/\/fedai.az\/index.php?rest_route=%2Fwp%2Fv2%2Fcomments&post=54953"}],"version-history":[{"count":1,"href":"https:\/\/fedai.az\/index.php?rest_route=\/wp\/v2\/posts\/54953\/revisions"}],"predecessor-version":[{"id":54955,"href":"https:\/\/fedai.az\/index.php?rest_route=\/wp\/v2\/posts\/54953\/revisions\/54955"}],"wp:featuredmedia":[{"embeddable":true,"href":"https:\/\/fedai.az\/index.php?rest_route=\/wp\/v2\/media\/54956"}],"wp:attachment":[{"href":"https:\/\/fedai.az\/index.php?rest_route=%2Fwp%2Fv2%2Fmedia&parent=54953"}],"wp:term":[{"taxonomy":"category","embeddable":true,"href":"https:\/\/fedai.az\/index.php?rest_route=%2Fwp%2Fv2%2Fcategories&post=54953"},{"taxonomy":"post_tag","embeddable":true,"href":"https:\/\/fedai.az\/index.php?rest_route=%2Fwp%2Fv2%2Ftags&post=54953"}],"curies":[{"name":"wp","href":"https:\/\/api.w.org\/{rel}","templated":true}]}}