{"id":55002,"date":"2021-11-27T16:06:48","date_gmt":"2021-11-27T12:06:48","guid":{"rendered":"https:\/\/fedai.az\/?p=55002"},"modified":"2021-11-27T16:06:50","modified_gmt":"2021-11-27T12:06:50","slug":"turkiy%c9%99-soci-gorusu-il%c9%99-bagli-aciqlama-yaydi","status":"publish","type":"post","link":"https:\/\/fedai.az\/?p=55002","title":{"rendered":"T\u00fcrkiy\u0259 So\u00e7i g\u00f6r\u00fc\u015f\u00fc il\u0259 ba\u011fl\u0131 a\u00e7\u0131qlama yayd\u0131"},"content":{"rendered":"\n<p><strong>T\u00fcrkiy\u0259nin Prezident Administrasiyas\u0131 Rusiya, Az\u0259rbaycan v\u0259 Erm\u0259nistan liderl\u0259rinin So\u00e7i g\u00f6r\u00fc\u015f\u00fcn\u00fcn yekunlar\u0131 il\u0259 ba\u011fl\u0131 m\u0259lumat yay\u0131b.<\/strong><\/p>\n\n\n\n<p>\u201cC\u0259nubi Qafqazda sabitlik t\u0259kc\u0259 T\u00fcrkiy\u0259nin deyil, regionun b\u00fct\u00fcn \u00f6lk\u0259l\u0259rinin mara\u011f\u0131ndad\u0131r, s\u00fclh regionun iqtisadi inki\u015faf\u0131na, el\u0259c\u0259 d\u0259 kommunikasiyalar\u0131n a\u00e7\u0131lmas\u0131na xidm\u0259t ed\u0259c\u0259k. T\u00fcrkiy\u0259 Az\u0259rbaycan, Rusiya v\u0259 Erm\u0259nistan liderl\u0259rinin So\u00e7i g\u00f6r\u00fc\u015f\u00fcn\u00fc y\u00fcks\u0259k qiym\u0259tl\u0259ndirir. Az\u0259rbaycan \u0259razil\u0259rinin i\u015f\u011faldan azad edilm\u0259sind\u0259n sonra So\u00e7i g\u00f6r\u00fc\u015f\u00fc C\u0259nubi Qafqazda dayan\u0131ql\u0131 s\u00fclh\u0259 do\u011fru daha bir add\u0131md\u0131r\u201d, \u2013 dey\u0259 administrasiyadan bildiribl\u0259r.<\/p>\n\n\n\n<p>Qeyd ed\u0259k ki, noyabr\u0131n 26-da So\u00e7id\u0259 Az\u0259rbaycan v\u0259 Rusiya prezidentl\u0259ri v\u0259 Erm\u0259nistan\u0131n ba\u015f naziri aras\u0131nda ke\u00e7irilmi\u015f g\u00f6r\u00fc\u015fd\u0259 kommunikasiyalar\u0131n a\u00e7\u0131lmas\u0131, s\u0259rh\u0259dl\u0259rin delimitasiyas\u0131 v\u0259 demarkasiyas\u0131 m\u0259s\u0259l\u0259l\u0259ri m\u00fczakir\u0259 olunub.<\/p>\n","protected":false},"excerpt":{"rendered":"<p>T\u00fcrkiy\u0259nin Prezident Administrasiyas\u0131 Rusiya, Az\u0259rbaycan v\u0259 Erm\u0259nistan liderl\u0259rinin So\u00e7i g\u00f6r\u00fc\u015f\u00fcn\u00fcn yekunlar\u0131 il\u0259 ba\u011fl\u0131 m\u0259lumat yay\u0131b. \u201cC\u0259nubi Qafqazda sabitlik t\u0259kc\u0259 T\u00fcrkiy\u0259nin deyil, regionun b\u00fct\u00fcn \u00f6lk\u0259l\u0259rinin<\/p>\n","protected":false},"author":2,"featured_media":55003,"comment_status":"closed","ping_status":"closed","sticky":false,"template":"","format":"standard","meta":{"footnotes":""},"categories":[4],"tags":[],"class_list":["post-55002","post","type-post","status-publish","format-standard","has-post-thumbnail","hentry","category-qarabag"],"aioseo_notices":[],"_links":{"self":[{"href":"https:\/\/fedai.az\/index.php?rest_route=\/wp\/v2\/posts\/55002","targetHints":{"allow":["GET"]}}],"collection":[{"href":"https:\/\/fedai.az\/index.php?rest_route=\/wp\/v2\/posts"}],"about":[{"href":"https:\/\/fedai.az\/index.php?rest_route=\/wp\/v2\/types\/post"}],"author":[{"embeddable":true,"href":"https:\/\/fedai.az\/index.php?rest_route=\/wp\/v2\/users\/2"}],"replies":[{"embeddable":true,"href":"https:\/\/fedai.az\/index.php?rest_route=%2Fwp%2Fv2%2Fcomments&post=55002"}],"version-history":[{"count":1,"href":"https:\/\/fedai.az\/index.php?rest_route=\/wp\/v2\/posts\/55002\/revisions"}],"predecessor-version":[{"id":55004,"href":"https:\/\/fedai.az\/index.php?rest_route=\/wp\/v2\/posts\/55002\/revisions\/55004"}],"wp:featuredmedia":[{"embeddable":true,"href":"https:\/\/fedai.az\/index.php?rest_route=\/wp\/v2\/media\/55003"}],"wp:attachment":[{"href":"https:\/\/fedai.az\/index.php?rest_route=%2Fwp%2Fv2%2Fmedia&parent=55002"}],"wp:term":[{"taxonomy":"category","embeddable":true,"href":"https:\/\/fedai.az\/index.php?rest_route=%2Fwp%2Fv2%2Fcategories&post=55002"},{"taxonomy":"post_tag","embeddable":true,"href":"https:\/\/fedai.az\/index.php?rest_route=%2Fwp%2Fv2%2Ftags&post=55002"}],"curies":[{"name":"wp","href":"https:\/\/api.w.org\/{rel}","templated":true}]}}