{"id":55021,"date":"2021-11-28T11:05:10","date_gmt":"2021-11-28T07:05:10","guid":{"rendered":"https:\/\/fedai.az\/?p=55021"},"modified":"2021-11-28T11:05:13","modified_gmt":"2021-11-28T07:05:13","slug":"pasinyan-socid%c9%99-sulh-v%c9%99d-edir-araik-%c9%99ski-parcasiyla-ir%c9%99vana-g%c9%99lir","status":"publish","type":"post","link":"https:\/\/fedai.az\/?p=55021","title":{"rendered":"Pa\u015finyan So\u00e7id\u0259 s\u00fclh v\u0259d edir, Araik \u0259ski par\u00e7as\u0131yla \u0130r\u0259vana g\u0259lir&#8230;"},"content":{"rendered":"\n<p><strong>26 noyabr tarixind\u0259 Erm\u0259nistan\u0131n m\u00fcdafi\u0259 naziri Suren Papikyan v\u0259 separat\u00e7\u0131 Arayik Arutyunyan Az\u0259rbaycanla t\u0259mas x\u0259ttind\u0259ki v\u0259ziyy\u0259ti m\u00fczakir\u0259 edibl\u0259r.&nbsp;&nbsp;<\/strong><\/p>\n\n\n\n<p>News.am bu bar\u0259d\u0259 Erm\u0259nistan&nbsp;M\u00fcdafi\u0259 Nazirliyin\u0259 istinad\u0259n x\u0259b\u0259r&nbsp;yay\u0131b.<\/p>\n\n\n\n<p>M\u0259lumata g\u00f6r\u0259, Arutyunyan Papikyan\u0131 v\u0259zif\u0259y\u0259 t\u0259yin olunmas\u0131 m\u00fcnasib\u0259til\u0259 t\u0259brik edib, ona \u00f6lk\u0259 \u00fc\u00e7\u00fcn bu \u00e7\u0259tin d\u00f6vrd\u0259 u\u011furlar arzulay\u0131b. T\u0259r\u0259fl\u0259r t\u0259mas x\u0259ttind\u0259ki v\u0259ziyy\u0259ti, Rusiya s\u00fclhm\u0259raml\u0131lar\u0131n\u0131n missiyas\u0131n\u0131n gedi\u015fini v\u0259 Qaraba\u011fda yenid\u0259nqurma i\u015fl\u0259rini m\u00fczakir\u0259 edibl\u0259r.<\/p>\n\n\n\n<p>Suren Papikyan noyabr\u0131n 15-d\u0259 bu v\u0259zif\u0259d\u0259 Ar\u015fak Karapetyan\u0131 \u0259v\u0259z ed\u0259r\u0259k M\u00fcdafi\u0259 Nazirliyin\u0259 r\u0259hb\u0259r t\u0259yin edilib.<\/p>\n\n\n\n<p>Erm\u0259nistan ba\u015f naziri Nikol Pa\u015finyan\u0131n d\u00fcn\u0259n So\u00e7id\u0259 ke\u00e7iril\u0259n \u00fc\u00e7t\u0259r\u0259fli g\u00f6r\u00fc\u015fd\u0259 s\u00fclh v\u0259d etm\u0259si v\u0259 el\u0259 h\u0259min g\u00fcn Arutyunyan\u0131n \u0130r\u0259vanda &#171;d\u00f6vl\u0259t r\u0259hb\u0259ri&#187; kimi q\u0259bul edilm\u0259si kifay\u0259t q\u0259d\u0259r ziddiy\u0259tli m\u0259qamd\u0131r.<\/p>\n\n\n\n<p>M\u0259nb\u0259: Yenisabah<\/p>\n","protected":false},"excerpt":{"rendered":"<p>26 noyabr tarixind\u0259 Erm\u0259nistan\u0131n m\u00fcdafi\u0259 naziri Suren Papikyan v\u0259 separat\u00e7\u0131 Arayik Arutyunyan Az\u0259rbaycanla t\u0259mas x\u0259ttind\u0259ki v\u0259ziyy\u0259ti m\u00fczakir\u0259 edibl\u0259r.&nbsp;&nbsp; News.am bu bar\u0259d\u0259 Erm\u0259nistan&nbsp;M\u00fcdafi\u0259 Nazirliyin\u0259 istinad\u0259n<\/p>\n","protected":false},"author":2,"featured_media":55022,"comment_status":"closed","ping_status":"closed","sticky":false,"template":"","format":"standard","meta":{"footnotes":""},"categories":[4],"tags":[],"class_list":["post-55021","post","type-post","status-publish","format-standard","has-post-thumbnail","hentry","category-qarabag"],"aioseo_notices":[],"_links":{"self":[{"href":"https:\/\/fedai.az\/index.php?rest_route=\/wp\/v2\/posts\/55021","targetHints":{"allow":["GET"]}}],"collection":[{"href":"https:\/\/fedai.az\/index.php?rest_route=\/wp\/v2\/posts"}],"about":[{"href":"https:\/\/fedai.az\/index.php?rest_route=\/wp\/v2\/types\/post"}],"author":[{"embeddable":true,"href":"https:\/\/fedai.az\/index.php?rest_route=\/wp\/v2\/users\/2"}],"replies":[{"embeddable":true,"href":"https:\/\/fedai.az\/index.php?rest_route=%2Fwp%2Fv2%2Fcomments&post=55021"}],"version-history":[{"count":1,"href":"https:\/\/fedai.az\/index.php?rest_route=\/wp\/v2\/posts\/55021\/revisions"}],"predecessor-version":[{"id":55023,"href":"https:\/\/fedai.az\/index.php?rest_route=\/wp\/v2\/posts\/55021\/revisions\/55023"}],"wp:featuredmedia":[{"embeddable":true,"href":"https:\/\/fedai.az\/index.php?rest_route=\/wp\/v2\/media\/55022"}],"wp:attachment":[{"href":"https:\/\/fedai.az\/index.php?rest_route=%2Fwp%2Fv2%2Fmedia&parent=55021"}],"wp:term":[{"taxonomy":"category","embeddable":true,"href":"https:\/\/fedai.az\/index.php?rest_route=%2Fwp%2Fv2%2Fcategories&post=55021"},{"taxonomy":"post_tag","embeddable":true,"href":"https:\/\/fedai.az\/index.php?rest_route=%2Fwp%2Fv2%2Ftags&post=55021"}],"curies":[{"name":"wp","href":"https:\/\/api.w.org\/{rel}","templated":true}]}}