{"id":55024,"date":"2021-11-28T11:12:55","date_gmt":"2021-11-28T07:12:55","guid":{"rendered":"https:\/\/fedai.az\/?p=55024"},"modified":"2021-11-28T11:20:32","modified_gmt":"2021-11-28T07:20:32","slug":"muharib%c9%99-veteraninin-v%c9%99fatinin-ildonumu-ehtiramla-yad-edilib","status":"publish","type":"post","link":"https:\/\/fedai.az\/?p=55024","title":{"rendered":"M\u00dcHAR\u0130B\u018f VETERANININ V\u018fFATININ \u0130LD\u00d6N\u00dcM\u00dc EHT\u0130RAMLA YAD ED\u0130L\u0130B"},"content":{"rendered":"\n<p><strong>&nbsp;&nbsp; \u00d6mr\u00fcn\u00fcn g\u00fcn\u00fc<\/strong><strong>n\u00fc<\/strong><strong>&nbsp; V\u0259t\u0259nin b\u00fct\u00f6vl\u00fcy\u00fcn\u0259, xalq\u0131m\u0131z\u0131n xo\u015f g\u0259l\u0259c\u0259yin\u0259 h\u0259sr ed\u0259n h\u0259r k\u0259s V\u0259t\u0259nin xo\u015fb\u0259xt v\u0259t\u0259nda\u015f\u0131d\u0131r. Bel\u0259 o\u011fla<\/strong><strong>nla<\/strong><strong>rdan biri d\u0259 V\u0259t\u0259n t\u0259\u0259ss\u00fcb<\/strong><strong>\u00fc<\/strong><strong> \u00e7\u0259k\u0259n 1992-2013-c\u00fc ill\u0259rd\u0259 Daxili \u0130\u015fl\u0259r Nazirliyinin Daxili Qo\u015funlar\u0131n Ba\u015f idar\u0259sinin A\u011fdam, F\u00fczuli, N\u0259r<\/strong><strong>i<\/strong><strong>manov, X\u0259z\u0259r rayonlar\u0131nda v\u0259 G\u0259nc\u0259 \u015f\u0259h\u0259rind\u0259 yerl\u0259\u015f\u0259n h\u0259rbi hiss\u0259l\u0259rd\u0259 b\u00f6luk komandiri, avtomobil v\u0259 zirehli texnika xidm\u0259t r\u0259isi,<\/strong><strong> <\/strong><strong>h\u0259rbi hiss\u0259 komandirinin silah v\u0259 texnika \u00fczr\u0259 m\u00fcavini, DQB\u0130 &#8212; nin is\u0259 Maddi<\/strong><strong>&#8212;<\/strong><strong> texniki t\u0259minat idar\u0259sin<\/strong><strong>d\u0259 <\/strong><strong>avtomobil v\u0259 zirehli texnika \u015f\u00f6b\u0259 r\u0259isi m\u00fcavini v\u0259zif\u0259l\u0259rind\u0259 \u015f\u0259r\u0259fli xidm\u0259ti yolu kec\u0259n m\u0259hrum&nbsp;&nbsp; m\u00fcharib\u0259 veteran\u0131 polkovnik- leytenant Qas\u0131mov \u018fdal\u0259t Yadul<\/strong><strong>l<\/strong><strong>a o\u011flunun v\u0259fat&nbsp; etm\u0259sinin ikinci il<\/strong><strong> <\/strong><strong>d\u00f6n\u00fcm\u00fc tamam oldu.<\/strong><\/p>\n\n\n\n<figure class=\"wp-block-image size-large is-resized\"><img loading=\"lazy\" decoding=\"async\" src=\"https:\/\/fedai.az\/wp-content\/uploads\/2021\/11\/IMG-20211127-WA0007.jpg\" alt=\"\" class=\"wp-image-55035\" width=\"920\" height=\"1150\" srcset=\"https:\/\/fedai.az\/wp-content\/uploads\/2021\/11\/IMG-20211127-WA0007.jpg 384w, https:\/\/fedai.az\/wp-content\/uploads\/2021\/11\/IMG-20211127-WA0007-240x300.jpg 240w, https:\/\/fedai.az\/wp-content\/uploads\/2021\/11\/IMG-20211127-WA0007-120x150.jpg 120w\" sizes=\"auto, (max-width: 920px) 100vw, 920px\" \/><\/figure>\n\n\n\n<p><strong>&nbsp;&nbsp;&nbsp; M\u0259hrum h\u0259mkar\u0131m\u0131z\u0131n v\u0259fat\u0131n\u0131n&nbsp; il d\u00f6n\u00fcm\u00fc il\u0259 \u0259laq\u0259dar Avmvib r\u0259hb\u0259rliyi v\u0259 Az\u0259rbaycan V\u0259t\u0259n M\u00fcharib\u0259si Veteranlar\u0131 \u0130ctimai birliyinin s\u0259dr m\u00fcavini polkovnik Salman Musayev, onunla birlikd\u0259 xidm\u0259t ed\u0259n&nbsp; h\u0259rbi qulluq\u00e7ular\u0131m\u0131z, ehtiyatda olan h\u0259rbi v\u0259zif\u0259lil\u0259rmiz onun d\u00f6\u011fma v\u0259 yax\u0131nlarn\u0131na ba\u015f sa\u011fl\u0131\u011f\u0131 verir, m\u0259kan\u0131n\u0131n c\u0259n\u0259t olmas\u0131n\u0131 Allahdan dil\u0259yir. Allah r\u0259hm\u0259t etsin. M\u0259kan\u0131 c\u0259nn\u0259t olsun. Amin!<\/strong><\/p>\n\n\n\n<p>&nbsp;&nbsp;&nbsp; Daxili Qo\u015funlar\u0131n ehtiyatda olan zabiti, polkovnik-leytenant, m\u00fcharib\u0259 veteran\u0131 Qas\u0131mov \u018fdal\u0259t Y\u0259dulla o\u011flu 20.02.1962-ci ild\u0259 Lerik rayonun Q\u0259l\u0259bin k\u0259ndind\u0259 anadan olub. Rayondak\u0131 internat m\u0259kt\u0259bind\u0259 orta t\u0259hsil al\u0131b. <\/p>\n\n\n\n<figure class=\"wp-block-gallery columns-2 is-cropped wp-block-gallery-1 is-layout-flex wp-block-gallery-is-layout-flex\"><ul class=\"blocks-gallery-grid\"><li class=\"blocks-gallery-item\"><figure><img loading=\"lazy\" decoding=\"async\" width=\"859\" height=\"946\" src=\"https:\/\/fedai.az\/wp-content\/uploads\/2021\/11\/20211127_192519.jpg\" alt=\"\" data-id=\"55025\" data-link=\"https:\/\/fedai.az\/?attachment_id=55025\" class=\"wp-image-55025\" srcset=\"https:\/\/fedai.az\/wp-content\/uploads\/2021\/11\/20211127_192519.jpg 859w, https:\/\/fedai.az\/wp-content\/uploads\/2021\/11\/20211127_192519-272x300.jpg 272w, https:\/\/fedai.az\/wp-content\/uploads\/2021\/11\/20211127_192519-136x150.jpg 136w, https:\/\/fedai.az\/wp-content\/uploads\/2021\/11\/20211127_192519-768x846.jpg 768w\" sizes=\"auto, (max-width: 859px) 100vw, 859px\" \/><\/figure><\/li><li class=\"blocks-gallery-item\"><figure><img loading=\"lazy\" decoding=\"async\" width=\"852\" height=\"1024\" src=\"https:\/\/fedai.az\/wp-content\/uploads\/2021\/11\/O90-1-852x1024.jpg\" alt=\"\" data-id=\"55026\" data-full-url=\"https:\/\/fedai.az\/wp-content\/uploads\/2021\/11\/O90-1.jpg\" data-link=\"https:\/\/fedai.az\/?attachment_id=55026\" class=\"wp-image-55026\" srcset=\"https:\/\/fedai.az\/wp-content\/uploads\/2021\/11\/O90-1-852x1024.jpg 852w, https:\/\/fedai.az\/wp-content\/uploads\/2021\/11\/O90-1-250x300.jpg 250w, https:\/\/fedai.az\/wp-content\/uploads\/2021\/11\/O90-1-125x150.jpg 125w, https:\/\/fedai.az\/wp-content\/uploads\/2021\/11\/O90-1-768x923.jpg 768w, https:\/\/fedai.az\/wp-content\/uploads\/2021\/11\/O90-1.jpg 1056w\" sizes=\"auto, (max-width: 852px) 100vw, 852px\" \/><\/figure><\/li><\/ul><\/figure>\n\n\n\n<p>1980-1982-ci ill\u0259rd\u0259 Rusiya Federasiyas\u0131n\u0131n Xabarovsk \u015f\u0259h\u0259rind\u0259 SSR\u0130 M\u00fcdafi\u0259 Naziriliyinin h\u0259rbi hiss\u0259sind\u0259 m\u00fcdd\u0259tli h\u0259qiqi h\u0259rbi xidm\u0259t ke\u00e7ib. 1983-1988-ci ill\u0259rd Xabarovsdak\u0131 Politexnik \u0130nstitutunda Ali t\u0259hsil alaraq Avton\u0259qliyyat\u0131n \u0130stismar\u0131 \u0130xtisas\u0131na yiy\u0259l\u0259nib. Bir m\u00fcdd\u0259t h\u0259min \u015f\u0259h\u0259rd\u0259 i\u015fl\u0259yib. Sonra V\u0259t\u0259n\u0259 qay\u0131daraq uzun ill\u0259r Yerli S\u0259naye Nazirliyinin N\u0259qliyyat Kontorunda \u00e7al\u0131\u015f\u0131b. V\u0259t\u0259nimiz \u00fc\u00e7\u00fcn a\u011f\u0131r g\u00fcnl\u0259rd\u0259 Respublikam\u0131z\u0131n \u0259razi b\u00fct\u00f6vl\u00fcy\u00fc u\u011frunda d\u00f6y\u00fc\u015fl\u0259rin getdiyi 1992-ci ild\u0259 \u018fdal\u0259t m\u00fclki i\u015fd\u0259n ayr\u0131laraq&nbsp; h\u0259rbi xidm\u0259td\u0259 olma\u011f\u0131 \u00f6z\u00fcn\u0259 \u015f\u0259r\u0259fli v\u0259t\u0259nda\u015fl\u0131q borcu bilib. 1992-ci ilin sentyabr ay\u0131nda Daxili \u0130\u015fl\u0259r&nbsp; Nazirliyi&nbsp;&nbsp; Daxili Qon\u015funlar\u0131n\u0131n&nbsp; s\u0131ralar\u0131nda zabit olaraq h\u0259rbi xidm\u0259t\u0259 ba\u015flay\u0131b. M\u00fct\u0259x\u0259ssis zabit kimi o \u00e7\u0259tin g\u00fcnl\u0259rd\u0259 \u00fcz\u0259rin\u0259 d\u00fc\u015f\u0259n v\u0259zif\u0259l\u0259ri bacar\u0131qla v\u0259&nbsp; vicdanla yerin\u0259 yetirib. \u018fdal\u0259t&nbsp; A\u011fdam v\u0259 F\u00fcz\u00fcli rayonlar\u0131 \u0259razisind\u0259 d\u00f6y\u00fc\u015f yolu ke\u00e7ib.<\/p>\n\n\n\n<p>&nbsp;&nbsp;&nbsp;&nbsp;&nbsp; Daxili Qo\u015funlar\u0131n formala\u015fmas\u0131 v\u0259 inki\u015faf\u0131nda, cavabdeh oldu\u011fu sah\u0259d\u0259 y\u00fcks\u0259k&nbsp; f\u0259aliyy\u0259t g\u00f6st\u0259ricil\u0259rinin \u0259ld\u0259 edilm\u0259sind\u0259 \u018fdal\u0259t Qas\u0131mov \u00f6z \u0259m\u0259yini, bilik v\u0259 t\u0259cr\u00fcb\u0259sini \u0259sirg\u0259m\u0259yib.<\/p>\n\n\n\n<p>&nbsp;&nbsp;&nbsp;&nbsp;&nbsp;&nbsp;&nbsp;&nbsp; Qas\u0131mov \u018fdal\u0259t Yadula o\u011flu Daxili Qo\u015funlarda xidm\u0259t etdiyi ill\u0259r \u0259rzind\u0259 Az\u0259rbaycan Respublikas\u0131n\u0131n Konstitusiyas\u0131na v\u0259 qanunlar\u0131na \u0259m\u0259l etm\u0259kd\u0259, h\u0259rbi nizam\u0259l\u0259rin t\u0259l\u0259bl\u0259rin\u0259 v\u0259 v\u0259zif\u0259 borcuna \u0259m\u0259l etm\u0259kd\u0259 bir cox h\u0259rbi qulluq\u00e7ulara \u015f\u0259xsi n\u00fcmun\u0259 olaraq V\u0259t\u0259n\u0259 D\u00f6vl\u0259t\u0259 v\u0259 xalqa s\u0259daq\u0259tl\u0259 xidm\u0259t etmi\u015fdir.<\/p>\n\n\n\n<p>&nbsp;&nbsp;&nbsp;&nbsp;&nbsp;&nbsp; O, \u0130ctimai \u0259sayi\u015fin t\u0259min edilm\u0259sind\u0259, \u0130ctimai T\u0259hl\u00fck\u0259sizliyin qorunmasnda,&nbsp; silahl\u0131 d\u0259st\u0259l\u0259rin z\u0259r\u0259rsizl\u0259\u015fdirilm\u0259sind\u0259, \u015f\u0259h\u0259d\u0259 v\u0259 ya\u015fay\u0131\u015f m\u0259nt\u0259q\u0259l\u0259rind\u0259&nbsp; (c\u0259za\u00e7\u0259km\u0259 m\u00fc\u0259s\u0259l\u0259rind\u0259 )&nbsp; ba\u015f vermi\u015f k\u00fctl\u0259vi ixti\u015fa\u015flar\u0131n qar\u015f\u0131s\u0131n\u0131n al\u0131nmas\u0131nda, f\u00f6vqalad\u0259 v\u0259ziy\u0259t zaman\u0131 h\u00fcquqi rejimin t\u0259min edilm\u0259sind\u0259 el\u0259c\u0259d\u0259 Az\u0259rbaycan\u0131n \u0259razi b\u00fct\u00f6vl\u00fcy\u00fc u\u011frunda ged\u0259n d\u00f6y\u00fc\u015fl\u0259rd\u0259 h\u0259rbi hiss\u0259y\u0259 v\u0259 Avtomobil Zirehli texnika xidm\u0259tin\u0259 (\u015f\u00f6b\u0259sinin\u0259) h\u0259val\u0259 edilmi\u015f v\u0259zif\u0259 v\u0259 tap\u015f\u0131r\u0131qlar\u0131 m\u0259suliyy\u0259t v\u0259 \u015f\u0259r\u0259f hissi il\u0259 yer\u0131n\u0259 yetirmi\u015fdir.<\/p>\n\n\n\n<figure class=\"wp-block-gallery columns-2 is-cropped wp-block-gallery-2 is-layout-flex wp-block-gallery-is-layout-flex\"><ul class=\"blocks-gallery-grid\"><li class=\"blocks-gallery-item\"><figure><img loading=\"lazy\" decoding=\"async\" width=\"1024\" height=\"896\" src=\"https:\/\/fedai.az\/wp-content\/uploads\/2021\/11\/20211127_192402-1024x896.jpg\" alt=\"\" data-id=\"55027\" data-link=\"https:\/\/fedai.az\/?attachment_id=55027\" class=\"wp-image-55027\" srcset=\"https:\/\/fedai.az\/wp-content\/uploads\/2021\/11\/20211127_192402-1024x896.jpg 1024w, https:\/\/fedai.az\/wp-content\/uploads\/2021\/11\/20211127_192402-300x263.jpg 300w, https:\/\/fedai.az\/wp-content\/uploads\/2021\/11\/20211127_192402-150x131.jpg 150w, https:\/\/fedai.az\/wp-content\/uploads\/2021\/11\/20211127_192402-768x672.jpg 768w, https:\/\/fedai.az\/wp-content\/uploads\/2021\/11\/20211127_192402.jpg 1080w\" sizes=\"auto, (max-width: 1024px) 100vw, 1024px\" \/><\/figure><\/li><li class=\"blocks-gallery-item\"><figure><img loading=\"lazy\" decoding=\"async\" width=\"1024\" height=\"1024\" src=\"https:\/\/fedai.az\/wp-content\/uploads\/2021\/11\/20211127_193124-1024x1024.jpg\" alt=\"\" data-id=\"55028\" data-full-url=\"https:\/\/fedai.az\/wp-content\/uploads\/2021\/11\/20211127_193124.jpg\" data-link=\"https:\/\/fedai.az\/?attachment_id=55028\" class=\"wp-image-55028\" srcset=\"https:\/\/fedai.az\/wp-content\/uploads\/2021\/11\/20211127_193124-1024x1024.jpg 1024w, https:\/\/fedai.az\/wp-content\/uploads\/2021\/11\/20211127_193124-300x300.jpg 300w, https:\/\/fedai.az\/wp-content\/uploads\/2021\/11\/20211127_193124-150x150.jpg 150w, https:\/\/fedai.az\/wp-content\/uploads\/2021\/11\/20211127_193124-768x768.jpg 768w, https:\/\/fedai.az\/wp-content\/uploads\/2021\/11\/20211127_193124-215x215.jpg 215w, https:\/\/fedai.az\/wp-content\/uploads\/2021\/11\/20211127_193124.jpg 1068w\" sizes=\"auto, (max-width: 1024px) 100vw, 1024px\" \/><\/figure><\/li><\/ul><\/figure>\n\n\n\n<p>&nbsp;&nbsp;&nbsp;&nbsp; Az\u0259rbaycan Respublikas\u0131 Prezidentinin 6 may 2005-ci&nbsp; il tarixli m\u00fcvafiq s\u0259r\u0259ncam\u0131 il\u0259 \u018fdal\u0259t Yadulla o\u011flu &nbsp;Qas\u0131mov &#171;H\u0259rbi xidm\u0259tl\u0259r\u0259 g\u00f6r\u0259&#187; medal\u0131 il\u0259 t\u0259ltif olunub. Bununla yana\u015f\u0131, o, &#171;Qusursuz&nbsp; xidm\u0259t\u0259 g\u00f6r\u0259&#187; medal\u0131n\u0131n h\u0259r \u00fc\u00e7 d\u0259r\u0259c\u0259sin\u0259,&nbsp; h\u0259rbi xidm\u0259t sah\u0259sind\u0259 yubiley medallar\u0131na, Daxili Qo\u015funlar\u0131n &#171;Xidm\u0259td\u0259 f\u0259rql\u0259ndiyin\u0259 g\u00f6r\u0259&#187; d\u00f6\u015f ni\u015fan\u0131na layiq g\u00f6r\u00fcl\u00fcb. 2012-ci ilin sentyabr ay\u0131nda \u018fdal\u0259t Qas\u0131mov Daxili Qo\u015funlardan ehtiyata buraxilib.<\/p>\n\n\n\n<p>&nbsp;&nbsp;&nbsp;&nbsp;&nbsp; 30.11.2019-c\u00fc ild\u0259 xeyli m\u00fcdd\u0259tdir x\u0259st\u0259likd\u0259n \u0259ziyy\u0259t \u00e7\u0259k\u0259n Qaraba\u011f qazisi d\u00fcnyas\u0131n\u0131 d\u0259yi\u015fib. O, M\u0259rd\u0259kan q\u0259s\u0259b\u0259 q\u0259biristanl\u0131\u011f\u0131nda d\u0259fn edilib.<\/p>\n\n\n\n<figure class=\"wp-block-image size-large\"><img loading=\"lazy\" decoding=\"async\" width=\"1024\" height=\"552\" src=\"https:\/\/fedai.az\/wp-content\/uploads\/2021\/11\/20211127_193033-1024x552.jpg\" alt=\"\" class=\"wp-image-55029\" srcset=\"https:\/\/fedai.az\/wp-content\/uploads\/2021\/11\/20211127_193033-1024x552.jpg 1024w, https:\/\/fedai.az\/wp-content\/uploads\/2021\/11\/20211127_193033-300x162.jpg 300w, https:\/\/fedai.az\/wp-content\/uploads\/2021\/11\/20211127_193033-150x81.jpg 150w, https:\/\/fedai.az\/wp-content\/uploads\/2021\/11\/20211127_193033-768x414.jpg 768w, https:\/\/fedai.az\/wp-content\/uploads\/2021\/11\/20211127_193033.jpg 1080w\" sizes=\"auto, (max-width: 1024px) 100vw, 1024px\" \/><\/figure>\n\n\n\n<p>Hal- haz\u0131rda&nbsp; haqq d\u00fcnyas\u0131nda olan polkovnik leytenant Qas\u0131mov \u018fdal\u0259t Yadulla o\u011flunun \u0259ziz ruhu onu tan\u0131yanlar t\u0259r\u0259fd\u0259n h\u00f6rm\u0259tl\u0259 xat\u0131rlan\u0131r v\u0259 yad edilir. Bel\u0259 vicdanl\u0131 o\u011fullar\u0131 il\u0259 tan\u0131n\u0131r V\u0259t\u0259n..<\/p>\n\n\n\n<p><strong>ALLAH R\u018fHM\u018fT EL\u018fS\u0130N,RUHUN \u015eAD,M\u018fKANIN C\u018fNN\u018fT OLSUN!<\/strong><\/p>\n\n\n\n<p><strong>D\u0259rin h\u00f6rm\u0259tl\u0259 Az\u0259rbaycan V\u0259t\u0259n M\u00fcharib\u0259si Veteranlar\u0131 \u0130ctimai birliyinin s\u0259dr m\u00fcavini polkovnik Salman Musayev<\/strong><\/p>\n","protected":false},"excerpt":{"rendered":"<p>&nbsp;&nbsp; \u00d6mr\u00fcn\u00fcn g\u00fcn\u00fcn\u00fc&nbsp; V\u0259t\u0259nin b\u00fct\u00f6vl\u00fcy\u00fcn\u0259, xalq\u0131m\u0131z\u0131n xo\u015f g\u0259l\u0259c\u0259yin\u0259 h\u0259sr ed\u0259n h\u0259r k\u0259s V\u0259t\u0259nin xo\u015fb\u0259xt v\u0259t\u0259nda\u015f\u0131d\u0131r. Bel\u0259 o\u011flanlardan biri d\u0259 V\u0259t\u0259n t\u0259\u0259ss\u00fcb\u00fc \u00e7\u0259k\u0259n 1992-2013-c\u00fc ill\u0259rd\u0259<\/p>\n","protected":false},"author":2,"featured_media":55030,"comment_status":"closed","ping_status":"closed","sticky":false,"template":"","format":"standard","meta":{"footnotes":""},"categories":[5],"tags":[],"class_list":["post-55024","post","type-post","status-publish","format-standard","has-post-thumbnail","hentry","category-veteran"],"aioseo_notices":[],"_links":{"self":[{"href":"https:\/\/fedai.az\/index.php?rest_route=\/wp\/v2\/posts\/55024","targetHints":{"allow":["GET"]}}],"collection":[{"href":"https:\/\/fedai.az\/index.php?rest_route=\/wp\/v2\/posts"}],"about":[{"href":"https:\/\/fedai.az\/index.php?rest_route=\/wp\/v2\/types\/post"}],"author":[{"embeddable":true,"href":"https:\/\/fedai.az\/index.php?rest_route=\/wp\/v2\/users\/2"}],"replies":[{"embeddable":true,"href":"https:\/\/fedai.az\/index.php?rest_route=%2Fwp%2Fv2%2Fcomments&post=55024"}],"version-history":[{"count":2,"href":"https:\/\/fedai.az\/index.php?rest_route=\/wp\/v2\/posts\/55024\/revisions"}],"predecessor-version":[{"id":55036,"href":"https:\/\/fedai.az\/index.php?rest_route=\/wp\/v2\/posts\/55024\/revisions\/55036"}],"wp:featuredmedia":[{"embeddable":true,"href":"https:\/\/fedai.az\/index.php?rest_route=\/wp\/v2\/media\/55030"}],"wp:attachment":[{"href":"https:\/\/fedai.az\/index.php?rest_route=%2Fwp%2Fv2%2Fmedia&parent=55024"}],"wp:term":[{"taxonomy":"category","embeddable":true,"href":"https:\/\/fedai.az\/index.php?rest_route=%2Fwp%2Fv2%2Fcategories&post=55024"},{"taxonomy":"post_tag","embeddable":true,"href":"https:\/\/fedai.az\/index.php?rest_route=%2Fwp%2Fv2%2Ftags&post=55024"}],"curies":[{"name":"wp","href":"https:\/\/api.w.org\/{rel}","templated":true}]}}