{"id":55032,"date":"2021-11-28T11:18:13","date_gmt":"2021-11-28T07:18:13","guid":{"rendered":"https:\/\/fedai.az\/?p=55032"},"modified":"2021-11-28T11:18:17","modified_gmt":"2021-11-28T07:18:17","slug":"soci-gorusund%c9%99n-sonra-erm%c9%99nil%c9%99r-kuc%c9%99l%c9%99r%c9%99-axisdi-bizi-qurban-statusuna-salmaq-ist%c9%99yirl%c9%99r","status":"publish","type":"post","link":"https:\/\/fedai.az\/?p=55032","title":{"rendered":"So\u00e7i g\u00f6r\u00fc\u015f\u00fcnd\u0259n sonra erm\u0259nil\u0259r k\u00fc\u00e7\u0259l\u0259r\u0259 ax\u0131\u015fd\u0131: Bizi qurban statusuna salmaq ist\u0259yirl\u0259r"},"content":{"rendered":"\n<p><strong>\u201cBiz he\u00e7 bir \u015f\u0259kild\u0259 \u00f6z\u00fcm\u00fcz\u00fc m\u0259hv etm\u0259y\u0259 imkan verm\u0259m\u0259liyik. Bizi qurban statusuna salmaq ist\u0259yirl\u0259r ki, biz t\u00fcrkl\u0259rin qar\u015f\u0131s\u0131nda ba\u015f\u0131m\u0131z\u0131 a\u015fa\u011f\u0131 salaq. Onlar bizim kimliyimizi m\u0259hv etm\u0259k ist\u0259yirl\u0259r\u201d.<\/strong><\/p>\n\n\n\n<p>Bu fikirl\u0259r \u0130r\u0259vanda Respublika meydan\u0131nda \u201cAzadl\u0131q H\u0259r\u0259kat\u0131\u201dn\u0131n \u00e7a\u011f\u0131rd\u0131\u011f\u0131 n\u00f6vb\u0259ti mitinqd\u0259 deyilib. Mitinq i\u015ftirak\u00e7\u0131lar\u0131, \u00f6t\u0259n g\u00fcn So\u00e7id\u0259 ke\u00e7iril\u0259n \u00fc\u00e7 t\u0259r\u0259fli g\u00f6r\u00fc\u015f\u00fcn n\u0259tic\u0259l\u0259rin\u0259 etiraz ed\u0259r\u0259k bildiribl\u0259r ki, he\u00e7 bir \u015f\u0259raitd\u0259 o torpaqlardan \u00e7\u0131xmayacaqlar.<\/p>\n\n\n\n<p>\u201cOnlar, erm\u0259ni kimliyini aradan qald\u0131rmaq, bizi ruh\u0259n s\u0131nd\u0131rmaq ist\u0259yirl\u0259r, bundan sonra fiziki m\u0259hvimiz bir ne\u00e7\u0259 saat olacaq. Amma biz buna imkan verm\u0259y\u0259c\u0259yik. M\u0259n erm\u0259niy\u0259m, biz erm\u0259niyik, s\u0259n erm\u0259nis\u0259n. He\u00e7 kim\u0259 icaz\u0259 verm\u0259y\u0259c\u0259y\u0259m ki, v\u0259t\u0259nimi t\u00fcrkl\u0259r\u0259 versin. V\u0259t\u0259nimin h\u0259r da\u015f\u0131 m\u0259nim \u00fc\u00e7\u00fcn m\u00fcq\u0259dd\u0259sdir. Biz t\u00fcrkl\u0259ri v\u0259 t\u00fcrkl\u0259\u015fmi\u015f insanlar\u0131 r\u0259dd edir\u0259m, ona g\u00f6r\u0259 d\u0259 aksiyaday\u0131q\u201d dey\u0259 aksiya i\u015ftirak\u00e7\u0131lar\u0131 etiraz edibl\u0259r. <\/p>\n\n\n\n<p>M\u0259nb\u0259: Metbuat.az<\/p>\n","protected":false},"excerpt":{"rendered":"<p>\u201cBiz he\u00e7 bir \u015f\u0259kild\u0259 \u00f6z\u00fcm\u00fcz\u00fc m\u0259hv etm\u0259y\u0259 imkan verm\u0259m\u0259liyik. Bizi qurban statusuna salmaq ist\u0259yirl\u0259r ki, biz t\u00fcrkl\u0259rin qar\u015f\u0131s\u0131nda ba\u015f\u0131m\u0131z\u0131 a\u015fa\u011f\u0131 salaq. Onlar bizim kimliyimizi<\/p>\n","protected":false},"author":2,"featured_media":55033,"comment_status":"closed","ping_status":"closed","sticky":false,"template":"","format":"standard","meta":{"footnotes":""},"categories":[3],"tags":[],"class_list":["post-55032","post","type-post","status-publish","format-standard","has-post-thumbnail","hentry","category-gundm"],"aioseo_notices":[],"_links":{"self":[{"href":"https:\/\/fedai.az\/index.php?rest_route=\/wp\/v2\/posts\/55032","targetHints":{"allow":["GET"]}}],"collection":[{"href":"https:\/\/fedai.az\/index.php?rest_route=\/wp\/v2\/posts"}],"about":[{"href":"https:\/\/fedai.az\/index.php?rest_route=\/wp\/v2\/types\/post"}],"author":[{"embeddable":true,"href":"https:\/\/fedai.az\/index.php?rest_route=\/wp\/v2\/users\/2"}],"replies":[{"embeddable":true,"href":"https:\/\/fedai.az\/index.php?rest_route=%2Fwp%2Fv2%2Fcomments&post=55032"}],"version-history":[{"count":1,"href":"https:\/\/fedai.az\/index.php?rest_route=\/wp\/v2\/posts\/55032\/revisions"}],"predecessor-version":[{"id":55034,"href":"https:\/\/fedai.az\/index.php?rest_route=\/wp\/v2\/posts\/55032\/revisions\/55034"}],"wp:featuredmedia":[{"embeddable":true,"href":"https:\/\/fedai.az\/index.php?rest_route=\/wp\/v2\/media\/55033"}],"wp:attachment":[{"href":"https:\/\/fedai.az\/index.php?rest_route=%2Fwp%2Fv2%2Fmedia&parent=55032"}],"wp:term":[{"taxonomy":"category","embeddable":true,"href":"https:\/\/fedai.az\/index.php?rest_route=%2Fwp%2Fv2%2Fcategories&post=55032"},{"taxonomy":"post_tag","embeddable":true,"href":"https:\/\/fedai.az\/index.php?rest_route=%2Fwp%2Fv2%2Ftags&post=55032"}],"curies":[{"name":"wp","href":"https:\/\/api.w.org\/{rel}","templated":true}]}}