{"id":55037,"date":"2021-11-28T11:34:36","date_gmt":"2021-11-28T07:34:36","guid":{"rendered":"https:\/\/fedai.az\/?p=55037"},"modified":"2021-11-28T11:34:41","modified_gmt":"2021-11-28T07:34:41","slug":"t%c9%99brik-abdullayev-ramiz-abdulla-0glu-64","status":"publish","type":"post","link":"https:\/\/fedai.az\/?p=55037","title":{"rendered":"T\u018fBR\u0130K: ABDULLAYEV RAM\u0130Z ABDULLA 0\u011eLU &#8212; 64"},"content":{"rendered":"\n<p><strong>\u00a0\u00a0\u00a0\u00a0 <span class=\"has-inline-color has-vivid-red-color\">Pe\u015f\u0259karl\u0131\u011f\u0131 v\u0259 humanistliyi il\u0259 se\u00e7il\u0259n, \u00f6mr\u00fcn\u00fcn\u00a0 \u0259n m\u0259hsuldar d\u00f6vr\u00fcn\u00fc Daxili \u0130\u015fl\u0259r Nazirliyinin Daxili Qo\u015funlar\u0131n Ba\u015f \u0130dar\u0259sinin D\u00f6y\u00fc\u015f haz\u0131rl\u0131\u011f\u0131 idar\u0259sind\u0259 v\u0259 \u018fm\u0259liyyat \u015f\u00f6b\u0259sind\u0259 Ba\u015f zabit v\u0259zif\u0259l\u0259rind\u0259\u00a0\u00a0 Daxili Qo\u015funlar\u0131n L\u0259nk\u0259ran v\u0259 G\u0259nc\u0259 \u015f\u0259h\u0259rl\u0259rind\u0259, Hac\u0131qabul, N\u0259rimanov v\u0259 Sabun\u00e7u rayonlar\u0131nda h\u0259rbi hiss\u0259 komandirinin m\u00fcavininin-q\u0259rargah r\u0259isi, h\u0259rbi hiss\u0259 komandiri v\u0259zif\u0259l\u0259rind\u0259, DIN-in is\u0259 A.Heyd\u0259rov ad\u0131na Sirav\u0131 v\u0259 kicik r\u0259is hey\u0259ti haz\u0131rlayan m\u0259kt\u0259b r\u0259isi v\u0259zif\u0259sind\u0259 ke\u00e7ir\u0259n h\u00f6rm\u0259tli Veteran\u0131m\u0131z ehtiyatda\u00a0 olan polis\u00a0 polkovniki Ramiz Abdullayevin 64 ya\u015f\u0131 tamam olur.<\/span><\/strong><\/p>\n\n\n\n<p><strong>\u00a0\u00a0\u00a0\u00a0\u00a0 AVMV\u0130B R\u0259hb\u0259rliyi v\u0259 Az\u0259rbaycan V\u0259t\u0259n M\u00fcharib\u0259si Veteranlar\u0131 \u0130ctimai Birliyinin s\u0259dr m\u00fcavini polkovnik Salman Musayev, m\u00fcharib\u0259 veteran\u0131\u00a0 ehtiyYatda olan polkovnik Ramiz Abdullayevi\u00a0 do\u011fum g\u00fcn\u00fc m\u00fcnasib\u0259til\u0259 s\u0259mimi q\u0259lbd\u0259n t\u0259brik edir,ona h\u0259yatda insan \u00fc\u00e7\u00fcn \u0259n \u015firin nem\u0259t olan m\u00f6hk\u0259m can sa\u011fl\u0131\u011f\u0131, ail\u0259 s\u0259ad\u0259ti\u00a0 v\u0259 h\u0259yat yollarinda bitib-t\u00fck\u0259nm\u0259y\u0259n nailiyy\u0259tl\u0259r arzulay\u0131r.<\/strong><\/p>\n\n\n\n<p><strong>\u00a0\u00a0\u00a0\u00a0\u00a0\u00a0 Qoy ya\u015f\u0131n\u0131n \u00fcst\u0259 g\u0259l\u0259n bu ya\u015f ona sevinc dolu g\u00fcnl\u0259r b\u0259x\u015f etsin v\u0259 h\u0259r yeni g\u00fcn\u00fc is\u0259 \u00f6t\u0259n g\u00fcnl\u0259rd\u0259n daha g\u00f6z\u0259l ist\u0259kl\u0259rin\u0259 uy\u011fun onu xo\u015fb\u0259xt ed\u0259c\u0259k \u015f\u0259kild\u0259 ke\u00e7sin. Amin!<\/strong><\/p>\n\n\n\n<figure class=\"wp-block-gallery columns-3 is-cropped wp-block-gallery-1 is-layout-flex wp-block-gallery-is-layout-flex\"><ul class=\"blocks-gallery-grid\"><li class=\"blocks-gallery-item\"><figure><img loading=\"lazy\" decoding=\"async\" width=\"197\" height=\"276\" src=\"https:\/\/fedai.az\/wp-content\/uploads\/2021\/11\/20211127_205043.jpg\" alt=\"\" data-id=\"55038\" data-link=\"https:\/\/fedai.az\/?attachment_id=55038\" class=\"wp-image-55038\" srcset=\"https:\/\/fedai.az\/wp-content\/uploads\/2021\/11\/20211127_205043.jpg 197w, https:\/\/fedai.az\/wp-content\/uploads\/2021\/11\/20211127_205043-107x150.jpg 107w\" sizes=\"auto, (max-width: 197px) 100vw, 197px\" \/><\/figure><\/li><li class=\"blocks-gallery-item\"><figure><img loading=\"lazy\" decoding=\"async\" width=\"824\" height=\"1024\" src=\"https:\/\/fedai.az\/wp-content\/uploads\/2021\/11\/t5-824x1024.jpg\" alt=\"\" data-id=\"55039\" data-link=\"https:\/\/fedai.az\/?attachment_id=55039\" class=\"wp-image-55039\" srcset=\"https:\/\/fedai.az\/wp-content\/uploads\/2021\/11\/t5-824x1024.jpg 824w, https:\/\/fedai.az\/wp-content\/uploads\/2021\/11\/t5-241x300.jpg 241w, https:\/\/fedai.az\/wp-content\/uploads\/2021\/11\/t5-121x150.jpg 121w, https:\/\/fedai.az\/wp-content\/uploads\/2021\/11\/t5-768x954.jpg 768w, https:\/\/fedai.az\/wp-content\/uploads\/2021\/11\/t5.jpg 849w\" sizes=\"auto, (max-width: 824px) 100vw, 824px\" \/><\/figure><\/li><li class=\"blocks-gallery-item\"><figure><img loading=\"lazy\" decoding=\"async\" width=\"937\" height=\"1024\" src=\"https:\/\/fedai.az\/wp-content\/uploads\/2021\/11\/20211127_205452-937x1024.jpg\" alt=\"\" data-id=\"55040\" data-full-url=\"https:\/\/fedai.az\/wp-content\/uploads\/2021\/11\/20211127_205452.jpg\" data-link=\"https:\/\/fedai.az\/?attachment_id=55040\" class=\"wp-image-55040\" srcset=\"https:\/\/fedai.az\/wp-content\/uploads\/2021\/11\/20211127_205452-937x1024.jpg 937w, https:\/\/fedai.az\/wp-content\/uploads\/2021\/11\/20211127_205452-275x300.jpg 275w, https:\/\/fedai.az\/wp-content\/uploads\/2021\/11\/20211127_205452-137x150.jpg 137w, https:\/\/fedai.az\/wp-content\/uploads\/2021\/11\/20211127_205452-768x839.jpg 768w, https:\/\/fedai.az\/wp-content\/uploads\/2021\/11\/20211127_205452.jpg 1014w\" sizes=\"auto, (max-width: 937px) 100vw, 937px\" \/><\/figure><\/li><\/ul><\/figure>\n\n\n\n<p>&nbsp;&nbsp;&nbsp;&nbsp; Polkovnik Rramiz Abdulla o\u011flu Abdullayev M\u00fcst\u0259qil Az\u0259rbaycan\u0131n Daxili \u0130\u015fl\u0259r Nazirliyinin&nbsp; Qo\u015funlar\u0131nda v\u0259 A.Heyd\u0259rov ad\u0131na Sirav\u0131 v\u0259 kicik r\u0259is hey\u0259ti haz\u0131rlayan m\u0259kt\u0259bd\u0259&nbsp; r\u0259hb\u0259r v\u0259zif\u0259l\u0259rd\u0259 xidm\u0259t etdiyi m\u00fcdd\u0259td\u0259 v\u0259zif\u0259 borclar\u0131n\u0131n icrac\u0131na m\u0259suliyy\u0259tl\u0259 yana\u015fm\u0131\u015f, qar\u015f\u0131ya qoyulmu\u015f xidm\u0259ti tap\u015f\u0131r\u0131qlar\u0131 m\u00fcv\u0259ff\u0259qiyy\u0259tl\u0259 yerin\u0259 yetirilm\u0259si \u00fc\u00e7\u00fcn \u0259m\u0259yini \u0259sirg\u0259m\u0259mi\u015f, \u015f\u0259xsi n\u00fcmun\u0259si il\u0259 tabeliyind\u0259 olan h\u0259rbi qulluq\u00e7ular\u0131 v\u0259 polis \u0259m\u0259kda\u015flar\u0131n\u0131 f\u0259d\u0259kar xidm\u0259t\u0259 ruhland\u0131rm\u0131\u015fd\u0131r.<\/p>\n\n\n\n<p>&nbsp;&nbsp;&nbsp;&nbsp; Cinay\u0259t\u0259tkarl\u0131\u011fa qar\u015f\u0131 m\u00fcbariz\u0259d\u0259, i\u00e7timai qaydan\u0131n qorunmas\u0131nda v\u0259 i\u00e7timai t\u0259hl\u00fck\u0259sizliyin t\u0259min edilm\u0259sind\u0259, \u015f\u0259h\u0259rd\u0259 v\u0259 ya\u015fay\u0131\u015f m\u0259nt\u0259q\u0259l\u0259rind\u0259 ba\u015f vermi\u015f ixt\u015fa\u015flar\u0131n qar\u015f\u0131s\u0131n\u0131n al\u0131nmas\u0131nda, F\u00f6vqal\u0259d\u0259 v\u0259ziy\u0259t zaman\u0131 h\u00fcquqi rejimin t\u0259min edilm\u0259sind\u0259, d\u00f6vl\u0259tin \u0259razi b\u00fct\u00f6vl\u00fcy\u00fcn\u00fcn t\u0259min edilm\u0259sind\u0259 \u00fcz\u0259rin\u0259 d\u00fc\u015f\u0259n m\u0259sul v\u0259zif\u0259l\u0259ri&nbsp; h\u0259r zaman layiqinc\u0259 yerin\u0259&nbsp; yetirmi\u015fdir.<\/p>\n\n\n\n<p>&nbsp;&nbsp;&nbsp;&nbsp;&nbsp;&nbsp; Polkovnik Ramiz Abdullayev Daxili Qo\u015funlarda v\u0259 Daxili \u0130\u015fl\u0259r Orqan\u0131nda xidm\u0259t etdiyi ill\u0259r \u0259rzind\u0259 bir \u00e7ox pe\u015f\u0259kar zabitl\u0259rin, gizir v\u0259 m\u00fcdd\u0259td\u0259n art\u0131q xidm\u0259t ed\u0259n h\u0259rbi qulluq\u00e7ular\u0131n, siravi v\u0259 ki\u00e7ik r\u0259is hey\u0259tinin yeti\u015fm\u0259sind\u0259&nbsp;&nbsp; x\u00fcsusi \u0259m\u0259yi olmu\u015fdur. O, t\u0259qa\u00fcd\u0259 \u00e7\u0131xd\u0131qdan sonra da \u015f\u0259xsi hey\u0259tin h\u0259rbi-v\u0259t\u0259np\u0259rv\u0259rlik t\u0259rbiy\u0259sind\u0259 v\u0259 pe\u015f\u0259karl\u0131\u011f\u0131n\u0131n art\u0131r\u0131lmas\u0131nda&nbsp; \u00f6z bilik v\u0259 ba\u00e7ar\u0131\u011f\u0131n\u0131 onlardan \u0259sirg\u0259mir.<\/p>\n\n\n\n<figure class=\"wp-block-image size-large\"><img loading=\"lazy\" decoding=\"async\" width=\"987\" height=\"766\" src=\"https:\/\/fedai.az\/wp-content\/uploads\/2021\/11\/20211127_205147-2.jpg\" alt=\"\" class=\"wp-image-55041\" srcset=\"https:\/\/fedai.az\/wp-content\/uploads\/2021\/11\/20211127_205147-2.jpg 987w, https:\/\/fedai.az\/wp-content\/uploads\/2021\/11\/20211127_205147-2-300x233.jpg 300w, https:\/\/fedai.az\/wp-content\/uploads\/2021\/11\/20211127_205147-2-150x116.jpg 150w, https:\/\/fedai.az\/wp-content\/uploads\/2021\/11\/20211127_205147-2-768x596.jpg 768w\" sizes=\"auto, (max-width: 987px) 100vw, 987px\" \/><\/figure>\n\n\n\n<p>&nbsp;&nbsp;&nbsp;&nbsp;&nbsp; Ramiz Abdullayev Veteran kimi Daxili \u0130\u015fl\u0259r Nazirliyinin v\u0259 Daxili Qo\u015funlar\u0131n ictimai h\u0259yat\u0131nda yax\u0131ndan i\u015ftirak edir, z\u0259ngin h\u0259yat v\u0259 xidm\u0259ti t\u0259c\u00fcrb\u0259sini g\u0259ncl\u0259rl\u0259 b\u00f6l\u00fc\u015f\u00fcr, onun bel\u0259 \u0259zmkar f\u0259aliyy\u0259tinin, v\u0259t\u0259np\u0259rv\u0259rliyinin, d\u00f6vl\u0259t\u00e7iliy\u0259 sadiqliyinin baris n\u00fcmn\u0259sidir.<\/p>\n\n\n\n<p>&nbsp;&nbsp;&nbsp;&nbsp;&nbsp; Ramiz Abdullayev \u00e7ox d\u0259y\u0259rli bir insand\u0131r. Bu g\u00fcnk\u00fc g\u00fcnd\u0259&nbsp; Ramiz Abdullayev&nbsp; c\u0259miyy\u0259tin qabaqda ged\u0259n, say\u0131l\u0131b &#8212; se\u00e7il\u0259n insanlardan biridir. O bu s\u0259viyy\u0259y\u0259 \u00f6z g\u00fcc\u00fc, bacar\u0131\u011f\u0131,t\u0259c\u00fcrb\u0259si, \u00e7al\u0131\u015fqanl\u0131\u011f\u0131 v\u0259 t\u0259\u015fkilat\u00e7\u0131l\u0131\u011f\u0131 s\u0259viy\u0259sind\u0259 ucal\u0131b.<\/p>\n\n\n\n<p>\u00a0\u00a0\u00a0\u00a0\u00a0\u00a0 M\u00fcharib\u0259 Veteran\u0131 ehtiyatda olan polkovnik\u00a0 Ramiz Abdullayevi tan\u0131yanlar onun n\u0259 d\u0259r\u0259c\u0259d\u0259 t\u0259l\u0259bkar insan oldu\u011funu cox yax\u015f\u0131 bilirl\u0259r. Ramiz Abdullayevin qiym\u0259tli c\u0259h\u0259tl\u0259rind\u0259n biri d\u0259 onun sad\u0259, t\u0259vaz\u00f6kar, qeyr\u0259tli v\u0259t\u0259np\u0259rv\u0259r olmas\u0131d\u0131r. B\u00f6y\u00fckl\u0259-b\u00f6y\u00fck, ki\u00e7ikl\u0259-ki\u00e7ik olan, s\u00f6zu il\u0259 \u0259m\u0259li d\u00fcz g\u0259l\u0259n bir g\u00f6z\u0259l insan do\u011fma Az\u0259rbaycanm\u0131z\u0131n bu g\u00fcn\u00fc, sabah\u0131 il\u0259 ba\u011fl\u0131 daimi d\u00fc\u015f\u00fcn\u00fcr,\u00f6lk\u0259mizi\u00a0\u00a0 daimi q\u00fcdr\u0259tli, g\u00fccl\u00fc v\u0259 firavan g\u00f6rm\u0259k ist\u0259yir . Buradaca onun \u0259sas devizi olan k\u0259lam\u0131n\u0131 qeyd etm\u0259k yerin\u0259 d\u00fc\u015f\u0259rdi. &#171;M\u0259niml\u0259 d\u00fcz dan\u0131\u015f, d\u00fcz otur, d\u00fcz dur, d\u00fcz dolan, d\u00fcz davran\u201d.<\/p>\n\n\n\n<figure class=\"wp-block-gallery columns-2 is-cropped wp-block-gallery-2 is-layout-flex wp-block-gallery-is-layout-flex\"><ul class=\"blocks-gallery-grid\"><li class=\"blocks-gallery-item\"><figure><img loading=\"lazy\" decoding=\"async\" width=\"846\" height=\"1024\" src=\"https:\/\/fedai.az\/wp-content\/uploads\/2021\/11\/t6-846x1024.jpg\" alt=\"\" data-id=\"55042\" data-link=\"https:\/\/fedai.az\/?attachment_id=55042\" class=\"wp-image-55042\" srcset=\"https:\/\/fedai.az\/wp-content\/uploads\/2021\/11\/t6-846x1024.jpg 846w, https:\/\/fedai.az\/wp-content\/uploads\/2021\/11\/t6-248x300.jpg 248w, https:\/\/fedai.az\/wp-content\/uploads\/2021\/11\/t6-124x150.jpg 124w, https:\/\/fedai.az\/wp-content\/uploads\/2021\/11\/t6-768x930.jpg 768w, https:\/\/fedai.az\/wp-content\/uploads\/2021\/11\/t6.jpg 1080w\" sizes=\"auto, (max-width: 846px) 100vw, 846px\" \/><\/figure><\/li><li class=\"blocks-gallery-item\"><figure><img loading=\"lazy\" decoding=\"async\" width=\"872\" height=\"1024\" src=\"https:\/\/fedai.az\/wp-content\/uploads\/2021\/11\/20211127_205253-872x1024.jpg\" alt=\"\" data-id=\"55043\" data-full-url=\"https:\/\/fedai.az\/wp-content\/uploads\/2021\/11\/20211127_205253.jpg\" data-link=\"https:\/\/fedai.az\/?attachment_id=55043\" class=\"wp-image-55043\" srcset=\"https:\/\/fedai.az\/wp-content\/uploads\/2021\/11\/20211127_205253-872x1024.jpg 872w, https:\/\/fedai.az\/wp-content\/uploads\/2021\/11\/20211127_205253-256x300.jpg 256w, https:\/\/fedai.az\/wp-content\/uploads\/2021\/11\/20211127_205253-128x150.jpg 128w, https:\/\/fedai.az\/wp-content\/uploads\/2021\/11\/20211127_205253-768x901.jpg 768w, https:\/\/fedai.az\/wp-content\/uploads\/2021\/11\/20211127_205253.jpg 984w\" sizes=\"auto, (max-width: 872px) 100vw, 872px\" \/><\/figure><\/li><\/ul><\/figure>\n\n\n\n<p>&nbsp;&nbsp;&nbsp;&nbsp;&nbsp;&nbsp;&nbsp; Ramiz Abdulla o\u011flu Abdulayev h\u0259r zaman qar\u015f\u0131s\u0131na qoydu\u011fu m\u0259qs\u0259d v\u0259 amal u\u011frunda yorulmadan m\u00fcbariz\u0259 aparmaq&nbsp; daima q\u0259l\u0259b\u0259 qazanm\u0131\u015fd\u0131r.Bu insan \u00fc\u00e7\u00fcn \u0259n meyar, ba\u015fl\u0131ca amal q\u00fcrurunu saxlamaqdan ibar\u0259t olub. O,harada i\u015fl\u0259m\u0259sin\u0259 baxmayaraq \u00f6z xidm\u0259ti v\u0259zif\u0259sini layiqinc\u0259 yerin\u0259 yetirmi\u015f, qanun t\u0259l\u0259bl\u0259rinin \u0259dal\u0259tl\u0259 t\u0259tbiq edilm\u0259sind\u0259 h\u0259mi\u015f\u0259 pirinspial m\u00f6vqe tutmu\u015fdur buna g\u00f6r\u0259 d\u0259 he\u00e7 k\u0259sin qar\u015f\u0131s\u0131nda&nbsp; g\u00f6z\u00fc-k\u00f6lg\u0259li v\u0259 borclu qalmam\u0131\u015fd\u0131r.B\u00fctun bunlara g\u00f6r\u0259dir ki, Ramiz Abdullayev h\u0259mi\u015f\u0259 l\u0259yaq\u0259tinin, \u015f\u0259r\u0259finin, \u015f\u0259xsiyy\u0259tinin, i\u015fg\u00fczar f\u0259aliyy\u0259tinin toxunmazl\u0131\u011f\u0131n\u0131 g\u00f6zl\u0259mi\u015f, n\u00fcfuzunu qorumu\u015f, v\u00fcqar\u0131n\u0131 daima y\u00fcks\u0259k saxlayaraq, aln\u0131 a\u00e7\u0131q v\u0259 ba\u015f\u0131 uca g\u0259zmi\u015fdir. Xalqa, el\u0259, obaya, d\u00f6vl\u0259t\u0259xidm\u0259ti, \u00f6z\u00fc d\u0259 etdikl\u0259rini sin\u0259si el-oba qat\u011f\u0131l\u0131, v\u0259t\u0259n q\u00fcdr\u0259tli, \u00f6z f\u0259aliyy\u0259tini g\u00f6st\u0259rmi\u015fdir.<\/p>\n\n\n\n<p>&nbsp;&nbsp;&nbsp;&nbsp;&nbsp; Xidm\u0259td\u0259 f\u0259riql\u0259ndiyin\u0259 g\u00f6r\u0259 Daxili \u0130\u015fl\u0259r Nazirinin v\u0259 onun m\u00fcavinl\u0259rinin &nbsp;Daxili Qosunlar komandan\u0131n\u0131n, h\u0259rbi hiss\u0259 komandirinin m\u00fcvafiq \u0259mrl\u0259ri il\u0259 \u0259la xidm\u0259tl\u0259r\u0259 g\u00f6r\u0259 d\u00f6\u015f v\u0259 yubiley ni\u015fanlar\u0131 il\u0259, pul m\u00fckafatlar\u0131 il\u0259, f\u0259xri f\u0259rmanlarla, qiym\u0259tli h\u0259diyy\u0259l\u0259rl\u0259 m\u00fckafatland\u0131rl\u0131b v\u0259 ona t\u0259\u015f\u0259kk\u00fcr elan edilib. Az\u0259rbaycan Respublikas\u0131n\u0131n prezidenti ad\u0131ndan is\u0259 Daxili \u0130\u015fl\u0259r Nazirinin m\u00fcvaiq \u0259mrl\u0259ri&nbsp; bir s\u0131ra medalarla t\u0259ltif olunub.<\/p>\n\n\n\n<figure class=\"wp-block-gallery columns-2 is-cropped wp-block-gallery-3 is-layout-flex wp-block-gallery-is-layout-flex\"><ul class=\"blocks-gallery-grid\"><li class=\"blocks-gallery-item\"><figure><img loading=\"lazy\" decoding=\"async\" width=\"1021\" height=\"1024\" src=\"https:\/\/fedai.az\/wp-content\/uploads\/2021\/11\/t7-1021x1024.jpg\" alt=\"\" data-id=\"55044\" data-link=\"https:\/\/fedai.az\/?attachment_id=55044\" class=\"wp-image-55044\" srcset=\"https:\/\/fedai.az\/wp-content\/uploads\/2021\/11\/t7-1021x1024.jpg 1021w, https:\/\/fedai.az\/wp-content\/uploads\/2021\/11\/t7-300x300.jpg 300w, https:\/\/fedai.az\/wp-content\/uploads\/2021\/11\/t7-150x150.jpg 150w, https:\/\/fedai.az\/wp-content\/uploads\/2021\/11\/t7-768x770.jpg 768w, https:\/\/fedai.az\/wp-content\/uploads\/2021\/11\/t7-215x215.jpg 215w, https:\/\/fedai.az\/wp-content\/uploads\/2021\/11\/t7.jpg 1080w\" sizes=\"auto, (max-width: 1021px) 100vw, 1021px\" \/><\/figure><\/li><li class=\"blocks-gallery-item\"><figure><img loading=\"lazy\" decoding=\"async\" width=\"873\" height=\"561\" src=\"https:\/\/fedai.az\/wp-content\/uploads\/2021\/11\/20211127_205121.jpg\" alt=\"\" data-id=\"55045\" data-full-url=\"https:\/\/fedai.az\/wp-content\/uploads\/2021\/11\/20211127_205121.jpg\" data-link=\"https:\/\/fedai.az\/?attachment_id=55045\" class=\"wp-image-55045\" srcset=\"https:\/\/fedai.az\/wp-content\/uploads\/2021\/11\/20211127_205121.jpg 873w, https:\/\/fedai.az\/wp-content\/uploads\/2021\/11\/20211127_205121-300x193.jpg 300w, https:\/\/fedai.az\/wp-content\/uploads\/2021\/11\/20211127_205121-150x96.jpg 150w, https:\/\/fedai.az\/wp-content\/uploads\/2021\/11\/20211127_205121-768x494.jpg 768w, https:\/\/fedai.az\/wp-content\/uploads\/2021\/11\/20211127_205121-115x73.jpg 115w\" sizes=\"auto, (max-width: 873px) 100vw, 873px\" \/><\/figure><\/li><\/ul><\/figure>\n\n\n\n<p>&nbsp;&nbsp;&nbsp;&nbsp; \u0130ctimai \u0259sayi\u015fin t\u0259min edilm\u0259sind\u0259, h\u00fcquq qaydalar\u0131n\u0131n m\u00f6hk\u0259ml\u0259ndirilm\u0259sind\u0259, cinay\u0259tkarl\u0131\u011fa qar\u015f\u0131 m\u00fcbariz\u0259d\u0259, xidm\u0259ti v\u0259zif\u0259l\u0259rinin v\u0259 x\u00fcsusi tap\u015f\u0131r\u0131qlarn&nbsp; yerin\u0259 yetirilm\u0259sind\u0259 f\u0259riql\u0259ndiyin\u0259 g\u00f6r\u0259, Az\u0259rbaycan polis g\u00fcn\u00fc m\u00fcnasib\u0259til\u0259 Az\u0259rbaycan Respublikas\u0131n\u0131n Prezdentinin m\u00fcvafiq s\u0259r\u0259ncam\u0131 il\u0259 il\u0259 polkovnik Ramiz Abdullayev&nbsp; &#171;V\u018fT\u018fN U\u011eRUNDA &#171;medal\u0131 il\u0259 t\u0259ltif edilib.<\/p>\n\n\n\n<p><strong>DO\u011eUM G\u00dcN\u00dcN M\u00dcBAR\u018fK OLSUN, H\u00d6RM\u018fTL\u0130 RAM\u0130Z M\u00dc\u018fLL\u0130M!<\/strong><\/p>\n\n\n\n<p><strong>ALLAH H\u018fR ZAMAN Q\u018fLB\u0130N\u0130 SIXINTIDAN, B\u018fDB\u0130NL\u0130KD\u018fN QORUSUN!<\/strong><\/p>\n\n\n\n<p><strong>B\u00dcT\u00dcN ARZULARIN \u00c7\u0130N OLSUN!<\/strong><\/p>\n\n\n\n<p><strong>H\u018fM\u0130\u015e\u018f \u00dcZ\u00dcN G\u00dcLS\u00dcN, \u00dcR\u018fY\u0130N SEV\u0130NS\u0130N!<\/strong><\/p>\n\n\n\n<p><strong>DA\u0130MA XO\u015eB\u018fXT YA\u015eA, \u00d6MR\u00dcN UZUN OLSUN!<\/strong><\/p>\n\n\n\n<p><strong>D\u0259rin h\u00f6rm\u0259tl\u0259, Az\u0259rbaycan V\u0259t\u0259n m\u00fcharib\u0259si Veteranlar\u0131 \u0130ctimai Birliyinin s\u0259dr m\u00fcavini polkovnik Salman Musayev<\/strong><\/p>\n\n\n\n<figure class=\"wp-block-gallery columns-2 is-cropped wp-block-gallery-4 is-layout-flex wp-block-gallery-is-layout-flex\"><ul class=\"blocks-gallery-grid\"><li class=\"blocks-gallery-item\"><figure><img loading=\"lazy\" decoding=\"async\" width=\"937\" height=\"1024\" src=\"https:\/\/fedai.az\/wp-content\/uploads\/2021\/11\/20211127_205452-1-937x1024.jpg\" alt=\"\" data-id=\"55046\" data-full-url=\"https:\/\/fedai.az\/wp-content\/uploads\/2021\/11\/20211127_205452-1.jpg\" data-link=\"https:\/\/fedai.az\/?attachment_id=55046\" class=\"wp-image-55046\" srcset=\"https:\/\/fedai.az\/wp-content\/uploads\/2021\/11\/20211127_205452-1-937x1024.jpg 937w, https:\/\/fedai.az\/wp-content\/uploads\/2021\/11\/20211127_205452-1-275x300.jpg 275w, https:\/\/fedai.az\/wp-content\/uploads\/2021\/11\/20211127_205452-1-137x150.jpg 137w, https:\/\/fedai.az\/wp-content\/uploads\/2021\/11\/20211127_205452-1-768x839.jpg 768w, https:\/\/fedai.az\/wp-content\/uploads\/2021\/11\/20211127_205452-1.jpg 1014w\" sizes=\"auto, (max-width: 937px) 100vw, 937px\" \/><\/figure><\/li><li class=\"blocks-gallery-item\"><figure><img loading=\"lazy\" decoding=\"async\" width=\"600\" height=\"600\" src=\"https:\/\/fedai.az\/wp-content\/uploads\/2021\/11\/8265a327389da9fe4fdc2714b309120e-2-1.jpg\" alt=\"\" data-id=\"53575\" data-full-url=\"https:\/\/fedai.az\/wp-content\/uploads\/2021\/11\/8265a327389da9fe4fdc2714b309120e-2-1.jpg\" data-link=\"https:\/\/fedai.az\/?attachment_id=53575\" class=\"wp-image-53575\" srcset=\"https:\/\/fedai.az\/wp-content\/uploads\/2021\/11\/8265a327389da9fe4fdc2714b309120e-2-1.jpg 600w, https:\/\/fedai.az\/wp-content\/uploads\/2021\/11\/8265a327389da9fe4fdc2714b309120e-2-1-300x300.jpg 300w, https:\/\/fedai.az\/wp-content\/uploads\/2021\/11\/8265a327389da9fe4fdc2714b309120e-2-1-150x150.jpg 150w, https:\/\/fedai.az\/wp-content\/uploads\/2021\/11\/8265a327389da9fe4fdc2714b309120e-2-1-215x215.jpg 215w\" sizes=\"auto, (max-width: 600px) 100vw, 600px\" \/><\/figure><\/li><\/ul><\/figure>\n","protected":false},"excerpt":{"rendered":"<p>\u00a0\u00a0\u00a0\u00a0 Pe\u015f\u0259karl\u0131\u011f\u0131 v\u0259 humanistliyi il\u0259 se\u00e7il\u0259n, \u00f6mr\u00fcn\u00fcn\u00a0 \u0259n m\u0259hsuldar d\u00f6vr\u00fcn\u00fc Daxili \u0130\u015fl\u0259r Nazirliyinin Daxili Qo\u015funlar\u0131n Ba\u015f \u0130dar\u0259sinin D\u00f6y\u00fc\u015f haz\u0131rl\u0131\u011f\u0131 idar\u0259sind\u0259 v\u0259 \u018fm\u0259liyyat \u015f\u00f6b\u0259sind\u0259 Ba\u015f<\/p>\n","protected":false},"author":2,"featured_media":55047,"comment_status":"closed","ping_status":"closed","sticky":false,"template":"","format":"standard","meta":{"footnotes":""},"categories":[5],"tags":[],"class_list":["post-55037","post","type-post","status-publish","format-standard","has-post-thumbnail","hentry","category-veteran"],"aioseo_notices":[],"_links":{"self":[{"href":"https:\/\/fedai.az\/index.php?rest_route=\/wp\/v2\/posts\/55037","targetHints":{"allow":["GET"]}}],"collection":[{"href":"https:\/\/fedai.az\/index.php?rest_route=\/wp\/v2\/posts"}],"about":[{"href":"https:\/\/fedai.az\/index.php?rest_route=\/wp\/v2\/types\/post"}],"author":[{"embeddable":true,"href":"https:\/\/fedai.az\/index.php?rest_route=\/wp\/v2\/users\/2"}],"replies":[{"embeddable":true,"href":"https:\/\/fedai.az\/index.php?rest_route=%2Fwp%2Fv2%2Fcomments&post=55037"}],"version-history":[{"count":1,"href":"https:\/\/fedai.az\/index.php?rest_route=\/wp\/v2\/posts\/55037\/revisions"}],"predecessor-version":[{"id":55048,"href":"https:\/\/fedai.az\/index.php?rest_route=\/wp\/v2\/posts\/55037\/revisions\/55048"}],"wp:featuredmedia":[{"embeddable":true,"href":"https:\/\/fedai.az\/index.php?rest_route=\/wp\/v2\/media\/55047"}],"wp:attachment":[{"href":"https:\/\/fedai.az\/index.php?rest_route=%2Fwp%2Fv2%2Fmedia&parent=55037"}],"wp:term":[{"taxonomy":"category","embeddable":true,"href":"https:\/\/fedai.az\/index.php?rest_route=%2Fwp%2Fv2%2Fcategories&post=55037"},{"taxonomy":"post_tag","embeddable":true,"href":"https:\/\/fedai.az\/index.php?rest_route=%2Fwp%2Fv2%2Ftags&post=55037"}],"curies":[{"name":"wp","href":"https:\/\/api.w.org\/{rel}","templated":true}]}}