{"id":55049,"date":"2021-11-28T11:37:14","date_gmt":"2021-11-28T07:37:14","guid":{"rendered":"https:\/\/fedai.az\/?p=55049"},"modified":"2021-11-28T11:37:19","modified_gmt":"2021-11-28T07:37:19","slug":"ilham-%c9%99liyev-qurbanqulu-berdim%c9%99h%c9%99mm%c9%99dovla-gorusub","status":"publish","type":"post","link":"https:\/\/fedai.az\/?p=55049","title":{"rendered":"\u0130lham \u018fliyev Qurbanqulu Berdim\u0259h\u0259mm\u0259dovla g\u00f6r\u00fc\u015f\u00fcb"},"content":{"rendered":"\n<p><strong>Az\u0259rbaycan Respublikas\u0131n\u0131n Prezidenti \u0130lham \u018fliyevin T\u00fcrkm\u0259nistan Prezidenti Qurbanqulu Berdim\u0259h\u0259mm\u0259dov il\u0259 g\u00f6r\u00fc\u015f\u00fc olub.<\/strong><\/p>\n\n\n\n<p><strong>Fedai.az\u00a0<\/strong>x\u0259b\u0259r verir ki, Noyabr\u0131n 28-d\u0259 Az\u0259rbaycan Respublikas\u0131n\u0131n Prezidenti \u0130lham \u018fliyev \u0130qtisadi \u018fm\u0259kda\u015fl\u0131q T\u0259\u015fkilat\u0131n\u0131n 15-ci Zirv\u0259 Toplant\u0131s\u0131nda i\u015ftirak etm\u0259k \u00fc\u00e7\u00fcn T\u00fcrkm\u0259nistana s\u0259f\u0259r\u0259 g\u0259lib.<\/p>\n\n\n\n<p>Az\u0259rbaycan\u0131n v\u0259 T\u00fcrkm\u0259nistan\u0131n d\u00f6vl\u0259t bayraqlar\u0131n\u0131n dal\u011faland\u0131\u011f\u0131 A\u015fqabad Beyn\u0259lxalq Hava Liman\u0131nda d\u00f6vl\u0259timizin ba\u015f\u00e7\u0131s\u0131n\u0131n \u015f\u0259r\u0259fin\u0259 f\u0259xri qarovul d\u0259st\u0259si d\u00fcz\u00fclm\u00fc\u015fd\u00fc.<\/p>\n\n\n\n<p>Prezident \u0130lham \u018fliyevi T\u00fcrkm\u0259nistan Nazirl\u0259r Kabineti s\u0259drinin m\u00fcavini Sapardurdu Toyliyev qar\u015f\u0131lay\u0131b.<\/p>\n\n\n\n<p>Sonra Az\u0259rbaycan&nbsp;Prezidenti \u0130lham \u018fliyevin T\u00fcrkm\u0259nistan Prezidenti Qurbanqulu Berdim\u0259h\u0259mm\u0259dov il\u0259 g\u00f6r\u00fc\u015f\u00fc olub.<\/p>\n","protected":false},"excerpt":{"rendered":"<p>Az\u0259rbaycan Respublikas\u0131n\u0131n Prezidenti \u0130lham \u018fliyevin T\u00fcrkm\u0259nistan Prezidenti Qurbanqulu Berdim\u0259h\u0259mm\u0259dov il\u0259 g\u00f6r\u00fc\u015f\u00fc olub. Fedai.az\u00a0x\u0259b\u0259r verir ki, Noyabr\u0131n 28-d\u0259 Az\u0259rbaycan Respublikas\u0131n\u0131n Prezidenti \u0130lham \u018fliyev \u0130qtisadi \u018fm\u0259kda\u015fl\u0131q<\/p>\n","protected":false},"author":2,"featured_media":55050,"comment_status":"closed","ping_status":"closed","sticky":false,"template":"","format":"standard","meta":{"footnotes":""},"categories":[3],"tags":[],"class_list":["post-55049","post","type-post","status-publish","format-standard","has-post-thumbnail","hentry","category-gundm"],"aioseo_notices":[],"_links":{"self":[{"href":"https:\/\/fedai.az\/index.php?rest_route=\/wp\/v2\/posts\/55049","targetHints":{"allow":["GET"]}}],"collection":[{"href":"https:\/\/fedai.az\/index.php?rest_route=\/wp\/v2\/posts"}],"about":[{"href":"https:\/\/fedai.az\/index.php?rest_route=\/wp\/v2\/types\/post"}],"author":[{"embeddable":true,"href":"https:\/\/fedai.az\/index.php?rest_route=\/wp\/v2\/users\/2"}],"replies":[{"embeddable":true,"href":"https:\/\/fedai.az\/index.php?rest_route=%2Fwp%2Fv2%2Fcomments&post=55049"}],"version-history":[{"count":1,"href":"https:\/\/fedai.az\/index.php?rest_route=\/wp\/v2\/posts\/55049\/revisions"}],"predecessor-version":[{"id":55051,"href":"https:\/\/fedai.az\/index.php?rest_route=\/wp\/v2\/posts\/55049\/revisions\/55051"}],"wp:featuredmedia":[{"embeddable":true,"href":"https:\/\/fedai.az\/index.php?rest_route=\/wp\/v2\/media\/55050"}],"wp:attachment":[{"href":"https:\/\/fedai.az\/index.php?rest_route=%2Fwp%2Fv2%2Fmedia&parent=55049"}],"wp:term":[{"taxonomy":"category","embeddable":true,"href":"https:\/\/fedai.az\/index.php?rest_route=%2Fwp%2Fv2%2Fcategories&post=55049"},{"taxonomy":"post_tag","embeddable":true,"href":"https:\/\/fedai.az\/index.php?rest_route=%2Fwp%2Fv2%2Ftags&post=55049"}],"curies":[{"name":"wp","href":"https:\/\/api.w.org\/{rel}","templated":true}]}}