{"id":55052,"date":"2021-11-28T11:42:15","date_gmt":"2021-11-28T07:42:15","guid":{"rendered":"https:\/\/fedai.az\/?p=55052"},"modified":"2021-11-28T11:42:18","modified_gmt":"2021-11-28T07:42:18","slug":"iki-oglu-s%c9%99hid-olan-ananin-kom%c9%99y%c9%99-ehtiyaci-var","status":"publish","type":"post","link":"https:\/\/fedai.az\/?p=55052","title":{"rendered":"\u0130ki o\u011flu \u015f\u0259hid olan anan\u0131n k\u00f6m\u0259y\u0259 ehtiyac\u0131 var"},"content":{"rendered":"\n<p><strong>A\u011fdam\u0131n \u00c7ullu k\u0259ndind\u0259n iki \u0259kiz \u00f6vlad\u0131n\u0131 V\u0259t\u0259n M\u00fcharib\u0259sind\u0259 \u015f\u0259hid ver\u0259n ana Mail\u0259 Allahverdiyeva v\u0259 ail\u0259sinin \u00e7\u0259tin \u015f\u0259raitd\u0259 ya\u015fad\u0131\u011f\u0131n\u0131 g\u00f6r\u0259 k\u00f6m\u0259k ist\u0259yir<\/strong>.<\/p>\n\n\n\n<p>Anan\u0131n yataq x\u0259st\u0259si q\u0131z \u00f6vlad\u0131n\u0131n 33 ya\u015f\u0131 var. Dan\u0131\u015fa, h\u0259r\u0259k\u0259t ed\u0259 bilmir. 33 ildir yataqdad\u0131r. Birinci n\u00f6vb\u0259d\u0259 ona \u0259lil arabas\u0131 laz\u0131md\u0131r. He\u00e7 olmasa arada arabaya qoyub h\u0259y\u0259t\u0259 \u00e7\u0131xarmaq ist\u0259yir. <\/p>\n\n\n\n<p>Ev t\u0259mirsiz v\u0259 \u015f\u0259raitsizdir. Evin yeri torpaqdand\u0131r dey\u0259 q\u0131zd\u0131rmaq olmur. \u0130ki \u015f\u0259hid ver\u0259n ana el\u0259 \u015f\u0259raitsiz evd\u0259 ya\u015famamal\u0131d\u0131r.<\/p>\n\n\n\n<p>Qeyd ed\u0259k ki, Nazir v\u0259 Tacir Allahverdiyev qarda\u015flar\u0131 2001-ci il aprelin 20-d\u0259 A\u011fdam\u0131n \u00c7ullu k\u0259ndind\u0259 anadan olublar. Bir yerd\u0259 m\u0259kt\u0259b\u0259 ged\u0259n qarda\u015flar h\u0259rbi xidm\u0259t\u0259 d\u0259 bir yollan\u0131blar. 2020-ci ili sentyabr\u0131n 27-d\u0259 V\u0259t\u0259n m\u00fcharib\u0259si ba\u015flayanda onlar\u0131n t\u0259rxis olunmalar\u0131na c\u0259mi 3 g\u00fcn qalm\u0131\u015fd\u0131. <\/p>\n\n\n\n<p>Tacir v\u0259 Nazir Allahverdiyevl\u0259r V\u0259t\u0259n m\u00fcharib\u0259si zaman\u0131 d\u00f6y\u00fc\u015f tap\u015f\u0131r\u0131qlar\u0131n\u0131 yerin\u0259 yetir\u0259n zaman &#8212; 24 oktyabrda F\u00fczuli-C\u0259bray\u0131l-Z\u0259ngilan u\u011frunda ged\u0259n d\u00f6y\u00fc\u015fl\u0259rd\u0259 q\u0259hr\u0259mancas\u0131na \u015f\u0259hid olublar. D\u00f6y\u00fc\u015fd\u0259 g\u00f6st\u0259rdikl\u0259ri q\u0259hr\u0259manl\u0131\u011fa g\u00f6r\u0259 &#171;V\u0259t\u0259n u\u011frunda&#187; medal\u0131 il\u0259 t\u0259ltif olunublar.<\/p>\n\n\n\n<p><strong>Leyla H\u0259s\u0259nova<\/strong><\/p>\n","protected":false},"excerpt":{"rendered":"<p>A\u011fdam\u0131n \u00c7ullu k\u0259ndind\u0259n iki \u0259kiz \u00f6vlad\u0131n\u0131 V\u0259t\u0259n M\u00fcharib\u0259sind\u0259 \u015f\u0259hid ver\u0259n ana Mail\u0259 Allahverdiyeva v\u0259 ail\u0259sinin \u00e7\u0259tin \u015f\u0259raitd\u0259 ya\u015fad\u0131\u011f\u0131n\u0131 g\u00f6r\u0259 k\u00f6m\u0259k ist\u0259yir. Anan\u0131n yataq x\u0259st\u0259si<\/p>\n","protected":false},"author":2,"featured_media":55053,"comment_status":"closed","ping_status":"closed","sticky":false,"template":"","format":"standard","meta":{"footnotes":""},"categories":[4],"tags":[],"class_list":["post-55052","post","type-post","status-publish","format-standard","has-post-thumbnail","hentry","category-qarabag"],"aioseo_notices":[],"_links":{"self":[{"href":"https:\/\/fedai.az\/index.php?rest_route=\/wp\/v2\/posts\/55052","targetHints":{"allow":["GET"]}}],"collection":[{"href":"https:\/\/fedai.az\/index.php?rest_route=\/wp\/v2\/posts"}],"about":[{"href":"https:\/\/fedai.az\/index.php?rest_route=\/wp\/v2\/types\/post"}],"author":[{"embeddable":true,"href":"https:\/\/fedai.az\/index.php?rest_route=\/wp\/v2\/users\/2"}],"replies":[{"embeddable":true,"href":"https:\/\/fedai.az\/index.php?rest_route=%2Fwp%2Fv2%2Fcomments&post=55052"}],"version-history":[{"count":1,"href":"https:\/\/fedai.az\/index.php?rest_route=\/wp\/v2\/posts\/55052\/revisions"}],"predecessor-version":[{"id":55054,"href":"https:\/\/fedai.az\/index.php?rest_route=\/wp\/v2\/posts\/55052\/revisions\/55054"}],"wp:featuredmedia":[{"embeddable":true,"href":"https:\/\/fedai.az\/index.php?rest_route=\/wp\/v2\/media\/55053"}],"wp:attachment":[{"href":"https:\/\/fedai.az\/index.php?rest_route=%2Fwp%2Fv2%2Fmedia&parent=55052"}],"wp:term":[{"taxonomy":"category","embeddable":true,"href":"https:\/\/fedai.az\/index.php?rest_route=%2Fwp%2Fv2%2Fcategories&post=55052"},{"taxonomy":"post_tag","embeddable":true,"href":"https:\/\/fedai.az\/index.php?rest_route=%2Fwp%2Fv2%2Ftags&post=55052"}],"curies":[{"name":"wp","href":"https:\/\/api.w.org\/{rel}","templated":true}]}}