{"id":55055,"date":"2021-11-28T11:52:38","date_gmt":"2021-11-28T07:52:38","guid":{"rendered":"https:\/\/fedai.az\/?p=55055"},"modified":"2021-11-28T11:52:41","modified_gmt":"2021-11-28T07:52:41","slug":"iran-c%c9%99nubdaki-qardaslarimiza-qarsi-diskriminasiya-siyas%c9%99ti-yurudur","status":"publish","type":"post","link":"https:\/\/fedai.az\/?p=55055","title":{"rendered":"\u0130ran C\u0259nubdak\u0131 qarda\u015flar\u0131m\u0131za qar\u015f\u0131 diskriminasiya siyas\u0259ti y\u00fcr\u00fcd\u00fcr"},"content":{"rendered":"\n<p><strong>Bu ilin (2021-ci il) mart ay\u0131nda, y\u0259ni \u0130ran t\u0259qvimi il\u0259 1399-cu ilin sonunda, il \u0259rzind\u0259 \u0130ran hakimiyy\u0259tinin G\u00fcney Az\u0259rbaycan milli-m\u0259d\u0259ni f\u0259allar\u0131na qar\u015f\u0131 t\u0259qib v\u0259 t\u0259zyiq siyas\u0259tini \u0259ks etdir\u0259n yekun hesabat v\u0259 raport yay\u0131ld\u0131.<\/strong><\/p>\n\n\n\n<p>&#171;Azad \u0130ran&#187;-\u0131n yayd\u0131\u011f\u0131 m\u0259lumatda deyilir:<\/p>\n\n\n\n<p> &#171;Hesabata \u0259sas\u0259n, qeyd olunan d\u00f6vrd\u0259 \u0259n az\u0131 241 g\u00fcneyli f\u0259al tutulub. 59 milli f\u0259ala b\u00fct\u00f6vl\u00fckd\u0259 947 ay h\u0259bs, 96 ay s\u00fcrg\u00fcn v\u0259 1034 \u015fallaq z\u0259rb\u0259si c\u0259zas\u0131 verilib. 181 n\u0259f\u0259r tutulark\u0259n zorak\u0131l\u0131q v\u0259 d\u00f6y\u00fclm\u0259 il\u0259 \u00fczl\u0259\u015fib. <\/p>\n\n\n\n<p>16 f\u0259al saxlan\u0131landan sonra da t\u0259kadaml\u0131q kamerada (infiradid\u0259) i\u015fg\u0259nc\u0259y\u0259 m\u0259ruz qal\u0131b&#187;.<\/p>\n\n\n\n<figure class=\"wp-block-embed is-type-video is-provider-youtube wp-block-embed-youtube wp-embed-aspect-16-9 wp-has-aspect-ratio\"><div class=\"wp-block-embed__wrapper\">\n<iframe loading=\"lazy\" title=\"\u0130ran\u0131n \u0259n b\u00f6y\u00fck qorxusu: G\u00fcney Az\u0259rbaycan t\u00fcrkl\u00fcy\u00fc\" width=\"715\" height=\"402\" src=\"https:\/\/www.youtube.com\/embed\/SZ5UVSvFGDI?feature=oembed\" frameborder=\"0\" allow=\"accelerometer; autoplay; clipboard-write; encrypted-media; gyroscope; picture-in-picture\" allowfullscreen><\/iframe>\n<\/div><\/figure>\n","protected":false},"excerpt":{"rendered":"<p>Bu ilin (2021-ci il) mart ay\u0131nda, y\u0259ni \u0130ran t\u0259qvimi il\u0259 1399-cu ilin sonunda, il \u0259rzind\u0259 \u0130ran hakimiyy\u0259tinin G\u00fcney Az\u0259rbaycan milli-m\u0259d\u0259ni f\u0259allar\u0131na qar\u015f\u0131 t\u0259qib v\u0259<\/p>\n","protected":false},"author":2,"featured_media":55057,"comment_status":"closed","ping_status":"closed","sticky":false,"template":"","format":"standard","meta":{"footnotes":""},"categories":[3],"tags":[],"class_list":["post-55055","post","type-post","status-publish","format-standard","has-post-thumbnail","hentry","category-gundm"],"aioseo_notices":[],"_links":{"self":[{"href":"https:\/\/fedai.az\/index.php?rest_route=\/wp\/v2\/posts\/55055","targetHints":{"allow":["GET"]}}],"collection":[{"href":"https:\/\/fedai.az\/index.php?rest_route=\/wp\/v2\/posts"}],"about":[{"href":"https:\/\/fedai.az\/index.php?rest_route=\/wp\/v2\/types\/post"}],"author":[{"embeddable":true,"href":"https:\/\/fedai.az\/index.php?rest_route=\/wp\/v2\/users\/2"}],"replies":[{"embeddable":true,"href":"https:\/\/fedai.az\/index.php?rest_route=%2Fwp%2Fv2%2Fcomments&post=55055"}],"version-history":[{"count":1,"href":"https:\/\/fedai.az\/index.php?rest_route=\/wp\/v2\/posts\/55055\/revisions"}],"predecessor-version":[{"id":55058,"href":"https:\/\/fedai.az\/index.php?rest_route=\/wp\/v2\/posts\/55055\/revisions\/55058"}],"wp:featuredmedia":[{"embeddable":true,"href":"https:\/\/fedai.az\/index.php?rest_route=\/wp\/v2\/media\/55057"}],"wp:attachment":[{"href":"https:\/\/fedai.az\/index.php?rest_route=%2Fwp%2Fv2%2Fmedia&parent=55055"}],"wp:term":[{"taxonomy":"category","embeddable":true,"href":"https:\/\/fedai.az\/index.php?rest_route=%2Fwp%2Fv2%2Fcategories&post=55055"},{"taxonomy":"post_tag","embeddable":true,"href":"https:\/\/fedai.az\/index.php?rest_route=%2Fwp%2Fv2%2Ftags&post=55055"}],"curies":[{"name":"wp","href":"https:\/\/api.w.org\/{rel}","templated":true}]}}