{"id":55064,"date":"2021-11-28T13:09:15","date_gmt":"2021-11-28T09:09:15","guid":{"rendered":"https:\/\/fedai.az\/?p=55064"},"modified":"2021-11-28T20:16:40","modified_gmt":"2021-11-28T16:16:40","slug":"q%c9%99hr%c9%99man-doyuscu-avmvib-%c9%99-uzv-oldu","status":"publish","type":"post","link":"https:\/\/fedai.az\/?p=55064","title":{"rendered":"Q\u0259hr\u0259man d\u00f6y\u00fc\u015f\u00e7\u00fc AVMV\u0130B-\u0259 \u00fczv oldu"},"content":{"rendered":"\n<p><strong>Birinci Qaraba\u011f m\u00fcharib\u0259sinin \u0259fsan\u0259l\u0259rind\u0259n olan Fazil \u018fr\u015fad o\u011flu F\u0259rz\u0259liyev Az\u0259rbaycan V\u0259t\u0259n M\u00fcharib\u0259si Veteranlar\u0131 \u0130ctimai Birliyin\u0259 (AVMV\u0130B) \u00fczv oldu.<\/strong><\/p>\n\n\n\n<p><br>Fazil F\u0259rz\u0259liyevin m\u0259nsub oldu\u011fu ail\u0259 S\u0131rxav\u0259ndd\u0259 sovxozun direktoru olan atas\u0131 \u018fr\u015fad F\u0259rz\u0259liyev ba\u015fda olmaqla, ilk g\u00fcnd\u0259n bu ail\u0259d\u0259n olan h\u0259r k\u0259s d\u00fc\u015fm\u0259n\u0259 qar\u015f\u0131 silaha sar\u0131lm\u0131\u015fd\u0131. Rus-sovet fa\u015fistl\u0259ri x\u00fcsusi bir \u0259m\u0259liyyat ke\u00e7ir\u0259r\u0259k bu ail\u0259nin iki \u00fczv\u00fcn\u00fc h\u0259bs ed\u0259r\u0259k, Xank\u0259ndiy\u0259 aparmaqla onlar\u0131 bu yoldan \u00e7\u0259kind\u0259rm\u0259y\u0259 \u00e7al\u0131\u015fm\u0131\u015fd\u0131lar.<\/p>\n\n\n\n<p>Ail\u0259nin v\u0259 S\u0131rxav\u0259ndin qorxmaz o\u011fullar\u0131ndan olan, \u015f\u0259hidlik zirv\u0259sin\u0259 y\u00fcks\u0259l\u0259n q\u0259hr\u0259man d\u00f6y\u00fc\u015f\u00e7\u00fc S\u0259m\u0259d F\u0259rz\u0259liyev son damla qan\u0131nad\u0259k do\u011fma k\u0259ndini qorudu.<\/p>\n\n\n\n<figure class=\"wp-block-image size-large is-resized\"><img loading=\"lazy\" decoding=\"async\" src=\"https:\/\/fedai.az\/wp-content\/uploads\/2021\/11\/260640236_129836069458439_4654311562817196515_n.jpg\" alt=\"\" class=\"wp-image-55065\" width=\"917\" height=\"1222\" srcset=\"https:\/\/fedai.az\/wp-content\/uploads\/2021\/11\/260640236_129836069458439_4654311562817196515_n.jpg 526w, https:\/\/fedai.az\/wp-content\/uploads\/2021\/11\/260640236_129836069458439_4654311562817196515_n-225x300.jpg 225w, https:\/\/fedai.az\/wp-content\/uploads\/2021\/11\/260640236_129836069458439_4654311562817196515_n-113x150.jpg 113w\" sizes=\"auto, (max-width: 917px) 100vw, 917px\" \/><\/figure>\n\n\n\n<p><br>Bu m\u00fcharib\u0259d\u0259 qarda\u015flar\u0131, bac\u0131s\u0131 v\u0259 o\u011flu d\u00f6y\u00fc\u015f\u0259n Fazil F\u0259rz\u0259liyev bir \u00e7ox \u0259m\u0259liyyatlar\u0131n haz\u0131rlan\u0131b h\u0259yata ke\u00e7irilm\u0259sind\u0259 \u00f6nd\u0259 olub.<\/p>\n\n\n\n<p><br>Q\u0259hr\u0259man d\u00f6y\u00fc\u015f\u00e7\u00fc Fazil F\u0259rz\u0259liyevin \u00fczvl\u00fck v\u0259siq\u0259sini AVMV\u0130B s\u0259dri F\u00fczuli Rzaquliyev t\u0259qdim edib. AVMV\u0130B s\u0259dri F. Rzaquliyev m\u00fcharib\u0259 veteran\u0131n\u0131 t\u0259brik edib v\u0259 yaranm\u0131\u015f sa\u011fl\u0131q probleml\u0259rin\u0259 g\u00f6r\u0259 \u015f\u0259falar dil\u0259yib. Bildirib ki, V\u0259t\u0259nin m\u00fcdafi\u0259sind\u0259 x\u00fcsusi xidm\u0259tl\u0259ri olmu\u015f d\u00f6y\u00fc\u015f\u00e7\u00fcl\u0259r unudulmamal\u0131d\u0131rlar.<\/p>\n\n\n\n<p>H\u0259m\u00e7inin q\u0259hr\u0259man d\u00f6y\u00fc\u015f\u00e7\u00fcm\u00fcz AVMV\u0130B-nin t\u0259sis etdiyi Xatir\u0259 medallar\u0131yla t\u0259ltif olunub.<\/p>\n\n\n\n<p><br><strong>T\u0259brik edirik!<\/strong><\/p>\n\n\n\n<p><strong><br>AVMV\u0130B M\u0259tbuat Xidm\u0259ti<\/strong><\/p>\n\n\n\n<figure class=\"wp-block-gallery columns-2 is-cropped wp-block-gallery-1 is-layout-flex wp-block-gallery-is-layout-flex\"><ul class=\"blocks-gallery-grid\"><li class=\"blocks-gallery-item\"><figure><img loading=\"lazy\" decoding=\"async\" width=\"526\" height=\"701\" src=\"https:\/\/fedai.az\/wp-content\/uploads\/2021\/11\/260696341_129836282791751_6017998423203886167_n.jpg\" alt=\"\" data-id=\"55066\" data-link=\"https:\/\/fedai.az\/?attachment_id=55066\" class=\"wp-image-55066\" srcset=\"https:\/\/fedai.az\/wp-content\/uploads\/2021\/11\/260696341_129836282791751_6017998423203886167_n.jpg 526w, https:\/\/fedai.az\/wp-content\/uploads\/2021\/11\/260696341_129836282791751_6017998423203886167_n-225x300.jpg 225w, https:\/\/fedai.az\/wp-content\/uploads\/2021\/11\/260696341_129836282791751_6017998423203886167_n-113x150.jpg 113w\" sizes=\"auto, (max-width: 526px) 100vw, 526px\" \/><\/figure><\/li><li class=\"blocks-gallery-item\"><figure><img loading=\"lazy\" decoding=\"async\" width=\"526\" height=\"701\" src=\"https:\/\/fedai.az\/wp-content\/uploads\/2021\/11\/260636062_129836506125062_2243204482210405205_n.jpg\" alt=\"\" data-id=\"55067\" data-full-url=\"https:\/\/fedai.az\/wp-content\/uploads\/2021\/11\/260636062_129836506125062_2243204482210405205_n.jpg\" data-link=\"https:\/\/fedai.az\/?attachment_id=55067\" class=\"wp-image-55067\" srcset=\"https:\/\/fedai.az\/wp-content\/uploads\/2021\/11\/260636062_129836506125062_2243204482210405205_n.jpg 526w, https:\/\/fedai.az\/wp-content\/uploads\/2021\/11\/260636062_129836506125062_2243204482210405205_n-225x300.jpg 225w, https:\/\/fedai.az\/wp-content\/uploads\/2021\/11\/260636062_129836506125062_2243204482210405205_n-113x150.jpg 113w\" sizes=\"auto, (max-width: 526px) 100vw, 526px\" \/><\/figure><\/li><\/ul><\/figure>\n","protected":false},"excerpt":{"rendered":"<p>Birinci Qaraba\u011f m\u00fcharib\u0259sinin \u0259fsan\u0259l\u0259rind\u0259n olan Fazil \u018fr\u015fad o\u011flu F\u0259rz\u0259liyev Az\u0259rbaycan V\u0259t\u0259n M\u00fcharib\u0259si Veteranlar\u0131 \u0130ctimai Birliyin\u0259 (AVMV\u0130B) \u00fczv oldu. Fazil F\u0259rz\u0259liyevin m\u0259nsub oldu\u011fu ail\u0259 S\u0131rxav\u0259ndd\u0259<\/p>\n","protected":false},"author":2,"featured_media":55068,"comment_status":"closed","ping_status":"closed","sticky":false,"template":"","format":"standard","meta":{"footnotes":""},"categories":[5],"tags":[],"class_list":["post-55064","post","type-post","status-publish","format-standard","has-post-thumbnail","hentry","category-veteran"],"aioseo_notices":[],"_links":{"self":[{"href":"https:\/\/fedai.az\/index.php?rest_route=\/wp\/v2\/posts\/55064","targetHints":{"allow":["GET"]}}],"collection":[{"href":"https:\/\/fedai.az\/index.php?rest_route=\/wp\/v2\/posts"}],"about":[{"href":"https:\/\/fedai.az\/index.php?rest_route=\/wp\/v2\/types\/post"}],"author":[{"embeddable":true,"href":"https:\/\/fedai.az\/index.php?rest_route=\/wp\/v2\/users\/2"}],"replies":[{"embeddable":true,"href":"https:\/\/fedai.az\/index.php?rest_route=%2Fwp%2Fv2%2Fcomments&post=55064"}],"version-history":[{"count":2,"href":"https:\/\/fedai.az\/index.php?rest_route=\/wp\/v2\/posts\/55064\/revisions"}],"predecessor-version":[{"id":55075,"href":"https:\/\/fedai.az\/index.php?rest_route=\/wp\/v2\/posts\/55064\/revisions\/55075"}],"wp:featuredmedia":[{"embeddable":true,"href":"https:\/\/fedai.az\/index.php?rest_route=\/wp\/v2\/media\/55068"}],"wp:attachment":[{"href":"https:\/\/fedai.az\/index.php?rest_route=%2Fwp%2Fv2%2Fmedia&parent=55064"}],"wp:term":[{"taxonomy":"category","embeddable":true,"href":"https:\/\/fedai.az\/index.php?rest_route=%2Fwp%2Fv2%2Fcategories&post=55064"},{"taxonomy":"post_tag","embeddable":true,"href":"https:\/\/fedai.az\/index.php?rest_route=%2Fwp%2Fv2%2Ftags&post=55064"}],"curies":[{"name":"wp","href":"https:\/\/api.w.org\/{rel}","templated":true}]}}