{"id":55162,"date":"2021-11-29T10:20:28","date_gmt":"2021-11-29T06:20:28","guid":{"rendered":"https:\/\/fedai.az\/?p=55162"},"modified":"2021-11-29T10:20:30","modified_gmt":"2021-11-29T06:20:30","slug":"qosulmama-h%c9%99r%c9%99katinin-novb%c9%99ti-iclasi-az%c9%99rbaycanda-keciril%c9%99c%c9%99k","status":"publish","type":"post","link":"https:\/\/fedai.az\/?p=55162","title":{"rendered":"Qo\u015fulmama H\u0259r\u0259kat\u0131n\u0131n n\u00f6vb\u0259ti iclas\u0131 Az\u0259rbaycanda ke\u00e7iril\u0259c\u0259k"},"content":{"rendered":"\n<p><strong>\u0130spaniyan\u0131n paytaxt\u0131 Madrid \u015f\u0259h\u0259rind\u0259 davam ed\u0259n Parlamentl\u0259raras\u0131 \u0130ttifaq\u0131n 143-c\u00fc Assambleyas\u0131 \u00e7\u0259r\u00e7iv\u0259sind\u0259 Qo\u015fulmama H\u0259r\u0259kat\u0131n\u0131n (QH) s\u0259dri qismind\u0259 Az\u0259rbaycan Respublikas\u0131n\u0131n Prezidenti \u0130lham \u018fliyevin t\u0259\u015f\u0259bb\u00fcs\u00fc \u0259sas\u0131nda H\u0259r\u0259kat\u0131n Parlamentl\u0259r \u015e\u0259b\u0259k\u0259sinin t\u0259sis iclas\u0131 ke\u00e7irilib.<\/strong><\/p>\n\n\n\n<p>Xarici \u0130\u015fl\u0259r Nazirliyi M\u0259tbuat xidm\u0259ti idar\u0259sind\u0259n&nbsp;bildirilib ki, iclasa Az\u0259rbaycan Respublikas\u0131 Milli M\u0259clisinin s\u0259dri Sahib\u0259 Qafarova s\u0259drlik edib.<\/p>\n\n\n\n<p>QH \u00fczv d\u00f6vl\u0259tl\u0259rinin parlamentl\u0259rinin spikerl\u0259ri, spiker m\u00fcavinl\u0259ri v\u0259 deputatlar\u0131n\u0131n i\u015ftirak\u0131 il\u0259 ke\u00e7irilmi\u015f iclasda H\u0259r\u0259kat\u0131n tarixind\u0259 yeni s\u0259hif\u0259 a\u00e7an v\u0259 \u00fczv d\u00f6vl\u0259tl\u0259r aras\u0131nda parlamentl\u0259raras\u0131 \u00f6l\u00e7\u00fcn\u00fcn inki\u015faf etdirilm\u0259sin\u0259 xidm\u0259t ed\u0259c\u0259k QH Parlamentl\u0259r \u015e\u0259b\u0259k\u0259si t\u0259sis edilib.<\/p>\n\n\n\n<p>QH-nin fundamental d\u0259y\u0259r v\u0259 prinsipl\u0259rinin t\u0259\u015fviqin\u0259, H\u0259r\u0259kata \u00fczv d\u00f6vl\u0259tl\u0259r t\u0259r\u0259find\u0259n q\u0259bul edilmi\u015f q\u0259rarlara parlament d\u0259st\u0259yinin t\u0259min edilm\u0259sin\u0259, habel\u0259 QH \u00fczv d\u00f6vl\u0259tl\u0259ri \u00fc\u00e7\u00fcn \u00fcmumi maraq k\u0259sb ed\u0259n m\u0259s\u0259l\u0259l\u0259rin h\u0259ll edilm\u0259sin\u0259 parlamentl\u0259rin t\u00f6hf\u0259 verm\u0259sin\u0259 imkan yaradacaq bu \u015e\u0259b\u0259k\u0259, yaranmaqda olan qlobal risk v\u0259 t\u0259hdidl\u0259r\u0259 qar\u015f\u0131 m\u00fcbariz\u0259d\u0259 yeni \u00e7oxt\u0259r\u0259fli \u0259m\u0259kda\u015fl\u0131q platformas\u0131 rolunu oynayacaq.<\/p>\n\n\n\n<p>T\u0259dbird\u0259 \u00e7\u0131x\u0131\u015f ed\u0259n QH \u00fczv d\u00f6vl\u0259tl\u0259rin n\u00fcmay\u0259nd\u0259 hey\u0259tl\u0259rinin r\u0259hb\u0259rl\u0259ri QH-nin s\u0259dri qismind\u0259 Az\u0259rbaycan Respublikas\u0131n\u0131n bu \u0259h\u0259miyy\u0259tli t\u0259\u015f\u0259bb\u00fcs\u00fcn\u00fc y\u00fcks\u0259k qiym\u0259tl\u0259ndirib v\u0259 \u015e\u0259b\u0259k\u0259nin f\u0259aliyy\u0259tind\u0259 aktiv i\u015ftirak ed\u0259c\u0259kl\u0259rini vur\u011fulay\u0131blar.<\/p>\n\n\n\n<p>\u0130clas\u0131n yekununda Madrid B\u0259yannam\u0259si yekdillikl\u0259 q\u0259bul edilib. B\u0259yannam\u0259d\u0259 t\u0259sis edilmi\u015f Parlament \u015e\u0259b\u0259k\u0259sinin H\u0259r\u0259kat\u0131n f\u0259aliyy\u0259tin\u0259 ver\u0259c\u0259yi t\u00f6hf\u0259 v\u0259 h\u0259yata ke\u00e7ir\u0259c\u0259yi funksiyalar vur\u011fulan\u0131l\u0131r, Az\u0259rbaycan\u0131n H\u0259r\u0259kata s\u0259m\u0259r\u0259li s\u0259drliyi alq\u0131\u015flan\u0131r, habel\u0259 \u015e\u0259b\u0259k\u0259nin n\u00f6vb\u0259ti iclas\u0131n\u0131n 2022-ci ild\u0259 Az\u0259rbaycanda ke\u00e7iril\u0259c\u0259yi bildirilir.<\/p>\n","protected":false},"excerpt":{"rendered":"<p>\u0130spaniyan\u0131n paytaxt\u0131 Madrid \u015f\u0259h\u0259rind\u0259 davam ed\u0259n Parlamentl\u0259raras\u0131 \u0130ttifaq\u0131n 143-c\u00fc Assambleyas\u0131 \u00e7\u0259r\u00e7iv\u0259sind\u0259 Qo\u015fulmama H\u0259r\u0259kat\u0131n\u0131n (QH) s\u0259dri qismind\u0259 Az\u0259rbaycan Respublikas\u0131n\u0131n Prezidenti \u0130lham \u018fliyevin t\u0259\u015f\u0259bb\u00fcs\u00fc \u0259sas\u0131nda H\u0259r\u0259kat\u0131n<\/p>\n","protected":false},"author":2,"featured_media":0,"comment_status":"closed","ping_status":"closed","sticky":false,"template":"","format":"standard","meta":{"footnotes":""},"categories":[3],"tags":[],"class_list":["post-55162","post","type-post","status-publish","format-standard","hentry","category-gundm"],"aioseo_notices":[],"_links":{"self":[{"href":"https:\/\/fedai.az\/index.php?rest_route=\/wp\/v2\/posts\/55162","targetHints":{"allow":["GET"]}}],"collection":[{"href":"https:\/\/fedai.az\/index.php?rest_route=\/wp\/v2\/posts"}],"about":[{"href":"https:\/\/fedai.az\/index.php?rest_route=\/wp\/v2\/types\/post"}],"author":[{"embeddable":true,"href":"https:\/\/fedai.az\/index.php?rest_route=\/wp\/v2\/users\/2"}],"replies":[{"embeddable":true,"href":"https:\/\/fedai.az\/index.php?rest_route=%2Fwp%2Fv2%2Fcomments&post=55162"}],"version-history":[{"count":1,"href":"https:\/\/fedai.az\/index.php?rest_route=\/wp\/v2\/posts\/55162\/revisions"}],"predecessor-version":[{"id":55164,"href":"https:\/\/fedai.az\/index.php?rest_route=\/wp\/v2\/posts\/55162\/revisions\/55164"}],"wp:attachment":[{"href":"https:\/\/fedai.az\/index.php?rest_route=%2Fwp%2Fv2%2Fmedia&parent=55162"}],"wp:term":[{"taxonomy":"category","embeddable":true,"href":"https:\/\/fedai.az\/index.php?rest_route=%2Fwp%2Fv2%2Fcategories&post=55162"},{"taxonomy":"post_tag","embeddable":true,"href":"https:\/\/fedai.az\/index.php?rest_route=%2Fwp%2Fv2%2Ftags&post=55162"}],"curies":[{"name":"wp","href":"https:\/\/api.w.org\/{rel}","templated":true}]}}