{"id":55174,"date":"2021-11-29T13:36:51","date_gmt":"2021-11-29T09:36:51","guid":{"rendered":"https:\/\/fedai.az\/?p=55174"},"modified":"2021-11-29T13:36:53","modified_gmt":"2021-11-29T09:36:53","slug":"az%c9%99rbaycan-dovl%c9%99ti-h%c9%99mis%c9%99-butun-humanitar-normalara-riay%c9%99t-edilm%c9%99sin%c9%99-t%c9%99r%c9%99fdar-olub","status":"publish","type":"post","link":"https:\/\/fedai.az\/?p=55174","title":{"rendered":"Az\u0259rbaycan d\u00f6vl\u0259ti h\u0259mi\u015f\u0259 b\u00fct\u00fcn humanitar normalara riay\u0259t edilm\u0259sin\u0259 t\u0259r\u0259fdar olub!.."},"content":{"rendered":"\n<p><strong>M\u0259lumdur ki, Az\u0259rbaycan il\u0259 Rusiya aras\u0131ndak\u0131 m\u00fcnasib\u0259tl\u0259r strateji m\u00fcst\u0259vid\u0259 inki\u015faf edir. \u0130l \u0259rzind\u0259 Az\u0259rbaycan v\u0259 Rusiya aras\u0131nda \u00e7ox f\u0259al dialoq apar\u0131l\u0131b v\u0259 b\u00fct\u00fcn bunlar\u0131n n\u0259tic\u0259sidir ki,\u00a0 ikit\u0259r\u0259fli m\u00fcnasib\u0259tl\u0259r s\u00fcr\u0259tl\u0259 inki\u015faf edir. T\u0259bii ki, ikit\u0259r\u0259fli formatda \u00e7ox m\u0259s\u0259l\u0259l\u0259r h\u0259ll olunub. M\u00fcnasib\u0259tl\u0259r b\u00fct\u00fcn istiqam\u0259tl\u0259r \u00fczr\u0259 qar\u015f\u0131l\u0131ql\u0131 maraqlar \u00fcz\u0259rind\u0259 inki\u015faf edir. \u018fmt\u0259\u0259 d\u00f6vriyy\u0259si art\u0131r, iqtisadi sah\u0259d\u0259 \u0259m\u0259kda\u015fl\u0131\u011fa, o c\u00fcml\u0259d\u0259n biznes dair\u0259l\u0259ri aras\u0131nda qar\u015f\u0131l\u0131ql\u0131 maraq \u00e7ox g\u00fccl\u00fcd\u00fcr. <\/strong><\/p>\n\n\n\n<p>M\u00fcnasib\u0259tl\u0259r \u00e7oxlu sah\u0259l\u0259ri ehtiva edir. Haz\u0131rda iqtisadiyyat\u0131n, n\u0259qliyyat\u0131n \u0259ks\u0259r sah\u0259l\u0259rin\u0259, humanitar \u0259m\u0259kda\u015fl\u0131\u011fa aid 7 yol x\u0259rit\u0259si realla\u015fd\u0131r\u0131l\u0131r. Bilirik ki, Az\u0259rbaycan t\u0259l\u0259b\u0259l\u0259rinin Rusiyada t\u0259hsil almalar\u0131 \u00fc\u00e7\u00fcn g\u00f6z\u0259l \u015f\u0259rait yarad\u0131l\u0131b. 15 mind\u0259n \u00e7ox az\u0259rbaycanl\u0131 t\u0259l\u0259b\u0259 Rusiyan\u0131n ali m\u0259kt\u0259bl\u0259rind\u0259 t\u0259hsil al\u0131r. Bu fakt \u00f6lk\u0259l\u0259rimiz aras\u0131nda k\u00f6rp\u00fc dem\u0259kdir. Rusiya t\u0259r\u0259fin f\u0259al i\u015ftirak\u0131 il\u0259 Az\u0259rbaycan\u0131n v\u0259 Erm\u0259nistan\u0131n intellektuallar\u0131, m\u0259d\u0259niyy\u0259t xadiml\u0259ri aras\u0131nda \u0259laq\u0259l\u0259rin nizamlanmas\u0131 \u00fc\u00e7\u00fcn c\u0259hdl\u0259r at\u0131l\u0131r. R\u0259smi \u015f\u0259xsl\u0259r aras\u0131nda qar\u015f\u0131l\u0131ql\u0131 s\u0259f\u0259rl\u0259rin dinamikas\u0131 y\u00fcks\u0259kdir. Son bir h\u0259ft\u0259d\u0259 Az\u0259rbaycan Prezidenti Rusiya h\u00f6kum\u0259ti s\u0259drinin m\u00fcavinini, Rusiya Elml\u0259r Akademiyas\u0131n\u0131n prezidentini, Rusiya Prezidentinin humanitar \u0259m\u0259kda\u015fl\u0131q \u00fczr\u0259 x\u00fcsusi n\u00fcmay\u0259nd\u0259sini q\u0259bul edib. H\u0259ft\u0259 \u0259rzind\u0259 Rusiya ekspert m\u0259rk\u0259zinin v\u0259 Rosekzimbank\u0131n i\u015ftirak\u0131 il\u0259 biznes konfrans\u0131 ke\u00e7irilib. <\/p>\n\n\n\n<p>T\u0259dbird\u0259 Rusiyan\u0131n 30-dan \u00e7ox \u015firk\u0259ti i\u015ftirak edib. \u00d6t\u0259n il \u0259rzind\u0259 Rusiya s\u00fclhm\u0259raml\u0131lar\u0131n\u0131n m\u0259suliyy\u0259ti zonas\u0131nda ciddi insidentl\u0259r olmay\u0131b. Ke\u00e7\u0259n il noyabr\u0131n 10-dan etibar\u0259n Rusiya s\u00fclhm\u0259raml\u0131 q\u00fcvv\u0259l\u0259rinin f\u0259aliyy\u0259t\u0259 ba\u015flamas\u0131 il\u0259 \u0259laq\u0259dar ciddi hadis\u0259l\u0259r olmay\u0131b, yaln\u0131z sistemli b\u00f6hran xarakteri da\u015f\u0131mayan m\u00fc\u0259yy\u0259n t\u0259sad\u00fcfi insidentl\u0259r olub. Az\u0259rbaycan v\u0259 Erm\u0259nistan s\u0259rh\u0259dind\u0259 silahl\u0131 toqqu\u015fmalar olub, lakin bu, Rusiya s\u00fclhm\u0259raml\u0131lar\u0131n\u0131n m\u0259suliyy\u0259t zonas\u0131 deyil. Qaraba\u011fda s\u00fclh\u00fcn saxlanmas\u0131 \u00fc\u00e7\u00fcn Rusiya s\u00fclhm\u0259raml\u0131lar\u0131n\u0131n rolu y\u00fcks\u0259kdir.<\/p>\n\n\n\n<p>Bir m\u0259s\u0259l\u0259ni x\u00fcsusil\u0259 vur\u011fulamaq ist\u0259rdim ki, Erm\u0259nistan il\u0259 Az\u0259rbaycan aras\u0131nda s\u0259rh\u0259d delimitasiya edilm\u0259yib. Az\u0259rbaycan delimitasiya prosesin\u0259 t\u0259xir\u0259 sal\u0131nmadan ba\u015flama\u011fa haz\u0131rd\u0131r. Erm\u0259nistan t\u0259r\u0259fin\u0259 a\u00e7\u0131q t\u0259klif olunub ki, qar\u015f\u0131durmaya son qoyulsun, bir-birimizin \u0259razi b\u00fct\u00f6vl\u00fcy\u00fc, suverenliyi tan\u0131ns\u0131n v\u0259 g\u0259l\u0259c\u0259kd\u0259 qon\u015fular kimi ya\u015fama\u011f\u0131, yenid\u0259n qon\u015fular kimi ya\u015fama\u011f\u0131 t\u0259\u015fviq etm\u0259k \u00fc\u00e7\u00fcn s\u00fclh m\u00fcqavil\u0259si \u00fcz\u0259rind\u0259 i\u015f ba\u015flan\u0131ls\u0131n. Az\u0259rbaycan-Erm\u0259nistan d\u00f6vl\u0259t s\u0259rh\u0259dind\u0259 ba\u015f vermi\u015f toqqu\u015fmalar riskl\u0259r\u0259 n\u0259zar\u0259t etm\u0259k, onlar\u0131 minimalla\u015fd\u0131rmaq v\u0259 yekun s\u00fclh raz\u0131la\u015fmas\u0131 \u00fcz\u0259rind\u0259 i\u015fl\u0259m\u0259kl\u0259 ba\u011fl\u0131 m\u0259s\u0259l\u0259l\u0259rin m\u00fczakir\u0259sini, o c\u00fcml\u0259d\u0259n \u00fc\u00e7t\u0259r\u0259fli formatda m\u00fczakir\u0259sini z\u0259ruri edir. \u0130ki \u00f6lk\u0259 aras\u0131nda m\u00fcharib\u0259y\u0259 son qoymu\u015f \u00dc\u00e7t\u0259r\u0259fli B\u0259yanat\u0131n q\u0259bul edilm\u0259sind\u0259n bir il ke\u00e7ib v\u0259 bu il b\u00fct\u00f6vl\u00fckd\u0259, m\u00fcsb\u0259t s\u0259ciyy\u0259l\u0259ndirilir. \u0130l \u0259rzind\u0259 \u00e7ox m\u00fch\u00fcm hadis\u0259l\u0259r ba\u015f verib. Fikir ayr\u0131l\u0131qlar\u0131n\u0131n nizamlanmas\u0131 i\u015find\u0259 q\u0259bul edilmi\u015f q\u0259rarlar C\u0259nubi Qafqazda v\u0259ziyy\u0259tin daha t\u0259hl\u00fck\u0259siz v\u0259 proqnozla\u015fd\u0131r\u0131la bil\u0259n olmas\u0131na \u015f\u0259rait yaradacaq. H\u0259rbi \u0259m\u0259liyyatlar bit\u0259nd\u0259n sonra saxlan\u0131lm\u0131\u015f 100 n\u0259f\u0259rd\u0259n \u00e7ox erm\u0259ni h\u0259rbi qulluq\u00e7u Erm\u0259nistan t\u0259r\u0259f\u0259 verilib. Yaralanm\u0131\u015f h\u0259rbi qulluq\u00e7uya az\u0259rbaycanl\u0131 h\u0259kiml\u0259r t\u0259r\u0259find\u0259n tibbi yard\u0131m g\u00f6st\u0259rilib. Az\u0259rbaycan h\u0259mi\u015f\u0259 humanizm prinsipinin aliliyini \u0259sas g\u00f6t\u00fcr\u00fcb v\u0259 bundan sonra da i\u015fi bu istiqam\u0259td\u0259 davam etdirm\u0259k niyy\u0259tind\u0259dir. Az\u0259rbaycan Erm\u0259nistan il\u0259 \u00e7oxillik qar\u015f\u0131durma s\u0259hif\u0259sini \u00e7evirm\u0259k, normal qar\u015f\u0131l\u0131ql\u0131 f\u0259aliyy\u0259t m\u0259rh\u0259l\u0259sin\u0259 ba\u015flamaq \u0259zmind\u0259dir v\u0259 bu formatda \u00f6z m\u0259qs\u0259dl\u0259rimiz\u0259 \u00e7ataca\u011f\u0131q.\u00a0 26 noyabr B\u0259yanat\u0131nda Az\u0259rbaycan\u0131n m\u00f6vqeyi tam \u015f\u0259kild\u0259 \u0259ks olunub.<\/p>\n\n\n\n<p>\u00dc\u00e7 t\u0259r\u0259fli g\u00f6r\u00fc\u015f\u00fcn n\u0259tic\u0259l\u0259ri m\u00fcsb\u0259t qiym\u0259tl\u0259ndirilir. Az\u0259rbaycan qar\u015f\u0131s\u0131na qoydu\u011fu m\u0259qs\u0259dl\u0259r\u0259 nail oldu: B\u0259yanatda Qaraba\u011f ifad\u0259si yoxdur. Burada Erm\u0259nistan t\u0259r\u0259finin h\u0259mi\u015f\u0259 iddia etdiyi \u0259sir v\u0259 ya girovlar m\u0259s\u0259l\u0259sin\u0259 toxunulmur. S\u0259rh\u0259dl\u0259rin delimitasiya v\u0259 demarkasiyas\u0131na \u00e7a\u011f\u0131r\u0131\u015f edilir, avtomobil v\u0259 d\u0259mir yollar\u0131n\u0131n a\u00e7\u0131lmas\u0131n\u0131 n\u0259z\u0259rd\u0259 tutan layih\u0259l\u0259r\u0259 ba\u015flanmas\u0131 il\u0259 ba\u011fl\u0131 q\u0259rarlar q\u0259bul olunub. H\u0259r hans\u0131 bir \u015f\u0259rt qoymadan Az\u0259rbaycan Prezidentinin m\u00f6vqeyi s\u0259n\u0259dd\u0259 \u00f6z \u0259ksini tap\u0131b.\u00a0 \u00d6lk\u0259l\u0259r C\u0259nubi Qafqazda sabitliyin, t\u0259hl\u00fck\u0259sizliyin v\u0259 iqtisadi inki\u015faf\u0131n t\u0259min edilm\u0259si namin\u0259 2020-ci il 9 noyabr v\u0259 2021-ci il 11 yanvar tarixli b\u0259yanatlar\u0131n b\u00fct\u00fcn m\u00fcdd\u0259alar\u0131n\u0131n ard\u0131c\u0131l sur\u0259td\u0259 yerin\u0259 yetirilm\u0259sin\u0259 v\u0259 d\u00f6nm\u0259d\u0259n riay\u0259t olunmas\u0131na t\u0259r\u0259fdar olduqlar\u0131n\u0131 t\u0259sdiq edirl\u0259r. Rusiya prezidenti \u201cd\u0259hliz\u201d dedikd\u0259 \u201cavtomobil v\u0259 d\u0259mir yollar\u0131\u201d demi\u015f, h\u0259m\u00e7inin m\u0259tbuat konfrans\u0131nda d\u0259f\u0259l\u0259rl\u0259 \u201cd\u0259hliz\u201d ifad\u0259sini i\u015fl\u0259tmi\u015fdir. <\/p>\n\n\n\n<p>H\u0259m\u00e7inin, B\u0259yanatda Az\u0259rbaycan-Erm\u0259nistan s\u0259rh\u0259dind\u0259 sabitlik v\u0259 t\u0259hl\u00fck\u0259sizlik s\u0259viyy\u0259sinin art\u0131r\u0131lmas\u0131 \u00fczr\u0259 add\u0131mlar atma\u011f\u0131 v\u0259 Az\u0259rbaycan Respublikas\u0131 il\u0259 Erm\u0259nistan Respublikas\u0131 aras\u0131nda d\u00f6vl\u0259t s\u0259rh\u0259dinin delimitasiyas\u0131, sonradan t\u0259r\u0259fl\u0259rin sor\u011fusu \u0259sas\u0131nda Rusiya Federasiyas\u0131n\u0131n m\u0259sl\u0259h\u0259t yard\u0131m\u0131 il\u0259 s\u0259rh\u0259din demarkasiyas\u0131 \u00fczr\u0259 ikit\u0259r\u0259fli komissiyan\u0131n yarad\u0131lmas\u0131 \u015f\u0259rtl\u0259nib. B\u0259yanata \u0259sas\u0259n 2021-ci il 11 yanvar tarixli B\u0259yanata m\u00fcvafiq olaraq, Az\u0259rbaycan Respublikas\u0131n\u0131n, Erm\u0259nistan Respublikas\u0131n\u0131n ba\u015f nazirl\u0259rinin m\u00fcavinl\u0259rinin v\u0259 Rusiya Federasiyas\u0131 h\u00f6kum\u0259tinin s\u0259drinin m\u00fcavininin birg\u0259 s\u0259drliyi il\u0259 regionda b\u00fct\u00fcn iqtisadi v\u0259 n\u0259qliyyat \u0259laq\u0259l\u0259rinin b\u0259rpas\u0131 \u00fczr\u0259 t\u0259sis edilmi\u015f \u00dc\u00e7t\u0259r\u0259fli \u0130\u015f\u00e7i Qrupunun f\u0259aliyy\u0259ti davam etdiril\u0259c\u0259kdir. Regionun iqtisadi potensial\u0131n\u0131n \u00fcz\u0259 \u00e7\u0131xar\u0131lmas\u0131 m\u0259qs\u0259dil\u0259 konkret layih\u0259l\u0259rin h\u0259yata ke\u00e7irilm\u0259si z\u0259ruriliyi qeyd olunur. <\/p>\n\n\n\n<p>\u00dc\u00e7t\u0259r\u0259fli g\u00f6r\u00fc\u015fd\u0259n bir h\u0259ft\u0259 sonra Rusiya, Az\u0259rbaycan v\u0259 Erm\u0259nistan ba\u015f nazirl\u0259rinin m\u00fcavinl\u0259rind\u0259n ibar\u0259t \u00fc\u00e7t\u0259r\u0259fli komissiyan\u0131n Moskvada bir araya g\u0259l\u0259c\u0259yi d\u0259 q\u0259rarlar\u0131n tez bir zamanda verilm\u0259sin\u0259 hesablan\u0131b. B\u0259yanatda AT\u018fT-in Minsk Qrupunun ad\u0131n\u0131n \u00e7\u0259kilm\u0259m\u0259si s\u00fclh dan\u0131\u015f\u0131qlar\u0131n daha \u00e7ox ikit\u0259r\u0259fli format\u0131na y\u00f6n\u0259ldir. 26 noyabrda imzalanm\u0131\u015f s\u0259n\u0259dd\u0259 Minsk Qrupuna dair bir d\u0259n\u0259 d\u0259 olsun b\u0259nd yoxdur. H\u0259ms\u0259dr institutu koordinasiyal\u0131 \u015f\u0259kild\u0259 i\u015fl\u0259y\u0259 bilmir v\u0259 n\u0259tic\u0259d\u0259 onun f\u0259aliyy\u0259ti yaln\u0131z formal xarakter da\u015f\u0131y\u0131r. H\u0259ms\u0259drl\u0259rd\u0259n yaln\u0131z Rusiya daha aktiv v\u0259 t\u0259\u015f\u0259bb\u00fcskard\u0131r. Bununla da status m\u0259s\u0259l\u0259si art\u0131q Az\u0259rbaycan, Rusiya v\u0259 Erm\u0259nistan\u0131n g\u00fcnd\u0259liyind\u0259n \u00e7\u0131xar\u0131l\u0131b. Az\u0259rbaycan d\u00f6vl\u0259tinin q\u0259tiyy\u0259tli m\u00f6vqeyi s\u0259n\u0259dd\u0259 bir daha n\u00fcmayi\u015f etdirilib. Bu m\u0259s\u0259l\u0259d\u0259 etibarl\u0131 m\u00fcnasib\u0259tl\u0259rin b\u0259rpa olunmas\u0131 m\u00fch\u00fcm faktordur. Rusiya Federasiyas\u0131 Az\u0259rbaycan Respublikas\u0131 il\u0259 Erm\u0259nistan Respublikas\u0131 aras\u0131nda m\u00fcnasib\u0259tl\u0259rin normalla\u015fmas\u0131, Az\u0259rbaycan v\u0259 erm\u0259ni xalqlar\u0131 aras\u0131nda etimad m\u00fchitinin formala\u015fmas\u0131, habel\u0259 regionda mehriban qon\u015fuluq m\u00fcnasib\u0259tl\u0259rinin b\u0259rq\u0259rar olmas\u0131 m\u0259qs\u0259dil\u0259 bundan sonra da z\u0259ruri olan h\u0259r c\u00fcr k\u00f6m\u0259yi g\u00f6st\u0259r\u0259c\u0259k.<\/p>\n\n\n\n<p>Az\u0259rbaycan t\u0259r\u0259fi 26 noyabr B\u0259yanat\u0131nda \u0259ks olunmu\u015f aidiyy\u0259ti m\u0259qamlar\u0131n icras\u0131 istiqam\u0259tind\u0259 m\u00fcvafiq add\u0131mlar\u0131n\u0131 atacaq. M\u00fcnaqi\u015f\u0259 sonras\u0131 m\u0259rh\u0259l\u0259d\u0259 Az\u0259rbaycan, \u00fc\u00e7t\u0259r\u0259fli b\u0259yanatlar\u0131n tam \u015f\u0259kild\u0259 h\u0259yata ke\u00e7irilm\u0259si, b\u00f6lg\u0259d\u0259 b\u00fct\u00fcn kommunikasiyalar\u0131n a\u00e7\u0131lmas\u0131, iki \u00f6lk\u0259 aras\u0131nda delimitasiya prosesinin ba\u015flanmas\u0131 v\u0259 m\u00fcnasib\u0259tl\u0259rin beyn\u0259lxalq h\u00fcquq prinsipl\u0259ri \u0259sas\u0131nda normalla\u015fmas\u0131 m\u00f6vqeyind\u0259n \u00e7\u0131x\u0131\u015f edib.<\/p>\n\n\n\n<p><strong>Ya\u015fas\u0131n m\u00fcst\u0259qil Az\u0259rbaycan Respublikas\u0131! E\u015fq olsun Az\u0259rbaycan xalq\u0131na! Uca Allahdan xalq\u0131m\u0131z\u0131n \u00dcmummilli Lideri Heyd\u0259r \u018fliyev\u0259 r\u0259hm\u0259t dil\u0259yirik!. H\u0259r birimiz Az\u0259rbaycan Respublikas\u0131n\u0131n Prezidenti, Ali Ba\u015f Komandan, c\u0259nab \u0130lham \u018fliyevl\u0259 q\u00fcrur duyuruq!!!&#8230;<\/strong><\/p>\n\n\n\n<div class=\"wp-block-media-text alignwide is-stacked-on-mobile\"><figure class=\"wp-block-media-text__media\"><img decoding=\"async\" src=\"https:\/\/fedai.az\/wp-content\/uploads\/2021\/11\/I65-1.jpg\" alt=\"\" class=\"wp-image-55175 size-full\"\/><\/figure><div class=\"wp-block-media-text__content\">\n<p class=\"has-large-font-size\"><strong>M\u00fc\u015ffiq \u018fliyev<\/strong><\/p>\n\n\n\n<p><em><strong>Az\u0259rbaycan Respublikas\u0131 \u015e\u0259hid Ail\u0259l\u0259rin\u0259 \u201cQay\u011f\u0131\u201d C\u0259miyy\u0259tinin s\u0259dri,&nbsp;Az\u0259rbaycan V\u0259t\u0259n M\u00fcharib\u0259si Veteranlar\u0131 \u0130ctimai Birliyi S\u0259drinin humanitar m\u0259s\u0259l\u0259l\u0259r \u00fczr\u0259 s\u0259lahiyy\u0259tli n\u00fcmay\u0259nd\u0259si&nbsp;<\/strong><\/em><\/p>\n\n\n\n<p><strong>X\u018fZ\u018fR RAYON SAK\u0130N\u0130<\/strong><\/p>\n<\/div><\/div>\n","protected":false},"excerpt":{"rendered":"<p>M\u0259lumdur ki, Az\u0259rbaycan il\u0259 Rusiya aras\u0131ndak\u0131 m\u00fcnasib\u0259tl\u0259r strateji m\u00fcst\u0259vid\u0259 inki\u015faf edir. \u0130l \u0259rzind\u0259 Az\u0259rbaycan v\u0259 Rusiya aras\u0131nda \u00e7ox f\u0259al dialoq apar\u0131l\u0131b v\u0259 b\u00fct\u00fcn bunlar\u0131n<\/p>\n","protected":false},"author":2,"featured_media":54898,"comment_status":"closed","ping_status":"closed","sticky":false,"template":"","format":"standard","meta":{"footnotes":""},"categories":[1],"tags":[],"class_list":["post-55174","post","type-post","status-publish","format-standard","has-post-thumbnail","hentry","category-siyast"],"aioseo_notices":[],"_links":{"self":[{"href":"https:\/\/fedai.az\/index.php?rest_route=\/wp\/v2\/posts\/55174","targetHints":{"allow":["GET"]}}],"collection":[{"href":"https:\/\/fedai.az\/index.php?rest_route=\/wp\/v2\/posts"}],"about":[{"href":"https:\/\/fedai.az\/index.php?rest_route=\/wp\/v2\/types\/post"}],"author":[{"embeddable":true,"href":"https:\/\/fedai.az\/index.php?rest_route=\/wp\/v2\/users\/2"}],"replies":[{"embeddable":true,"href":"https:\/\/fedai.az\/index.php?rest_route=%2Fwp%2Fv2%2Fcomments&post=55174"}],"version-history":[{"count":1,"href":"https:\/\/fedai.az\/index.php?rest_route=\/wp\/v2\/posts\/55174\/revisions"}],"predecessor-version":[{"id":55176,"href":"https:\/\/fedai.az\/index.php?rest_route=\/wp\/v2\/posts\/55174\/revisions\/55176"}],"wp:featuredmedia":[{"embeddable":true,"href":"https:\/\/fedai.az\/index.php?rest_route=\/wp\/v2\/media\/54898"}],"wp:attachment":[{"href":"https:\/\/fedai.az\/index.php?rest_route=%2Fwp%2Fv2%2Fmedia&parent=55174"}],"wp:term":[{"taxonomy":"category","embeddable":true,"href":"https:\/\/fedai.az\/index.php?rest_route=%2Fwp%2Fv2%2Fcategories&post=55174"},{"taxonomy":"post_tag","embeddable":true,"href":"https:\/\/fedai.az\/index.php?rest_route=%2Fwp%2Fv2%2Ftags&post=55174"}],"curies":[{"name":"wp","href":"https:\/\/api.w.org\/{rel}","templated":true}]}}