{"id":55182,"date":"2021-11-30T00:18:12","date_gmt":"2021-11-29T20:18:12","guid":{"rendered":"https:\/\/fedai.az\/?p=55182"},"modified":"2021-11-30T00:18:16","modified_gmt":"2021-11-29T20:18:16","slug":"%c9%99rdogan-naxcivana-d%c9%99mir-v%c9%99-avtomobil-yolunun-acilmasi-m%c9%99s%c9%99l%c9%99si-socid%c9%99-h%c9%99ll-edildi","status":"publish","type":"post","link":"https:\/\/fedai.az\/?p=55182","title":{"rendered":"\u018frdo\u011fan: \u201cNax\u00e7\u0131vana d\u0259mir v\u0259 avtomobil yolunun a\u00e7\u0131lmas\u0131 m\u0259s\u0259l\u0259si So\u00e7id\u0259 h\u0259ll edildi\u2026\u201d"},"content":{"rendered":"\n<p><strong>T\u00fcrkiy\u0259 prezidenti R\u0259c\u0259b Tayyib \u018frdo\u011fan \u0130qtisadi \u018fm\u0259kda\u015fl\u0131q T\u0259\u015fkilat\u0131n\u0131n toplant\u0131s\u0131nda i\u015ftirak etm\u0259k \u00fc\u00e7\u00fcn s\u0259f\u0259r etdiyi T\u00fcrkm\u0259nistandan geri d\u00f6n\u0259rk\u0259n t\u0259yyar\u0259d\u0259 jurnalistl\u0259r\u0259 aktual m\u00f6vzularla ba\u011fl\u0131 a\u00e7\u0131qlama verib.<\/strong><\/p>\n\n\n\n<p> \u018frdo\u011fan A\u015fqabadda Az\u0259rbaycan prezidenti \u0130lham \u018fliyevl\u0259 ikit\u0259r\u0259fli g\u00f6r\u00fc\u015f\u00fc bar\u0259d\u0259 d\u0259 dan\u0131\u015f\u0131b.<\/p>\n\n\n\n<p> Bildirib ki, \u0130lham \u018fliyev ona So\u00e7id\u0259ki \u00fc\u00e7t\u0259r\u0259fli dan\u0131\u015f\u0131qlar\u0131n n\u0259tic\u0259l\u0259ri bar\u0259d\u0259 m\u0259lumat verib. V\u0259 h\u0259min dan\u0131\u015f\u0131qlarda Nax\u00e7\u0131vana Araz \u00e7ay\u0131 sahili boyu d\u0259mir yolu v\u0259 avtomobil yolunun a\u00e7\u0131lmas\u0131 m\u0259s\u0259l\u0259sinin h\u0259ll olundu\u011funu deyib.<\/p>\n\n\n\n<p>Jurnalist soru\u015fub:<\/p>\n\n\n\n<p>-T\u00fcrkiy\u0259 bax\u0131m\u0131ndan T\u00fcrk birliyinin, T\u00fcrk D\u00f6vl\u0259tl\u0259ri T\u0259\u015fkilat\u0131n\u0131n yekun h\u0259d\u0259fi, arzusu n\u0259dir v\u0259 bunu t\u0259hdid olaraq g\u00f6r\u0259nl\u0259r\u0259 n\u0259 mesaj ver\u0259rdiniz?<\/p>\n\n\n\n<p>-\u018frdo\u011fan\u0131n cavab\u0131 bel\u0259 olub:<\/p>\n\n\n\n<p>-X\u00fcsus\u0259n Demokratiya v\u0259 Azadl\u0131qlar Adas\u0131ndak\u0131 toplant\u0131m\u0131zda bildiyiniz kimi, T\u00fcrk \u015euras\u0131 ad\u0131n\u0131 T\u00fcrk D\u00f6vl\u0259tl\u0259ri T\u0259\u015fkilat\u0131 olaraq d\u0259yi\u015fdirdik. B\u00fct\u00fcn liderl\u0259r bu yeni t\u0259\u015fkilata \u00e7ox isti baxd\u0131lar, amma t\u0259bii ki, xaricd\u0259 bundan narahat olmayanlar da h\u0259r halda, yox deyil, h\u0259tta olublar da. Bu m\u0259s\u0259l\u0259d\u0259 Rusiyan\u0131n narahat oldu\u011funu dey\u0259 bilm\u0259r\u0259m. \u00c7\u00fcnki c\u00fcm\u0259 g\u00fcn\u00fc \u0130lham \u018fliyev qarda\u015f\u0131m\u0131z\u0131n da Rusiyada g\u00f6r\u00fc\u015fl\u0259ri vard\u0131. Pa\u015finyanla birlikd\u0259 h\u00f6rm\u0259tli Putinin vasit\u0259\u00e7iliyi il\u0259 orada toplant\u0131 ke\u00e7irdil\u0259r. Bu toplant\u0131 il\u0259 ba\u011fl\u0131 \u0130lham \u018fliyev qarda\u015f\u0131mla ke\u00e7irdiyim g\u00f6r\u00fc\u015fd\u0259 m\u0259lumat ald\u0131m, toplant\u0131n\u0131n \u00e7ox yax\u015f\u0131 v\u0259 m\u0259hsuldar ke\u00e7diyini dedi. Bu toplant\u0131 say\u0259sind\u0259 haz\u0131rda Araz \u00e7ay\u0131 boyunca d\u0259mir yolunun, avtomobil yolunun \u00e7\u0259kilm\u0259si m\u0259s\u0259l\u0259si d\u0259 h\u0259ll olundu. Bu at\u0131lacaq add\u0131mla b\u0259rab\u0259r ayr\u0131ca \u0130\u011fd\u0131ra q\u0259d\u0259r uzanacaq avtoban\u0131n \u00e7\u0259kilm\u0259si m\u00f6vzusu da var. Avtoban m\u0259s\u0259l\u0259si il\u0259 ba\u011fl\u0131 x\u00fcsus\u0259n Nax\u00e7\u0131van s\u0131x\u0131nt\u0131s\u0131n\u0131 a\u015fmaq, dig\u0259r t\u0259r\u0259fd\u0259n d\u0259 Erm\u0259nistan \u0259razisind\u0259n ke\u00e7m\u0259kl\u0259 Az\u0259rbaycan\u0131n \u0130\u011fd\u0131rla birl\u0259\u015fm\u0259si y\u00f6n\u00fcnd\u0259 d\u0259 \u00e7ox u\u011furlu add\u0131m at\u0131lm\u0131\u015f olacaq. Bununla yana\u015f\u0131 ist\u0259r d\u0259mir yolu il\u0259, ist\u0259r quru yolu il\u0259 y\u00fckda\u015f\u0131malar\u0131nda v\u0259 s\u0259rni\u015finda\u015f\u0131malar\u0131nda \u00f6n\u0259mli add\u0131m at\u0131lm\u0131\u015f olacaq.<\/p>\n","protected":false},"excerpt":{"rendered":"<p>T\u00fcrkiy\u0259 prezidenti R\u0259c\u0259b Tayyib \u018frdo\u011fan \u0130qtisadi \u018fm\u0259kda\u015fl\u0131q T\u0259\u015fkilat\u0131n\u0131n toplant\u0131s\u0131nda i\u015ftirak etm\u0259k \u00fc\u00e7\u00fcn s\u0259f\u0259r etdiyi T\u00fcrkm\u0259nistandan geri d\u00f6n\u0259rk\u0259n t\u0259yyar\u0259d\u0259 jurnalistl\u0259r\u0259 aktual m\u00f6vzularla ba\u011fl\u0131 a\u00e7\u0131qlama verib.<\/p>\n","protected":false},"author":2,"featured_media":55081,"comment_status":"closed","ping_status":"closed","sticky":false,"template":"","format":"standard","meta":{"footnotes":""},"categories":[4],"tags":[],"class_list":["post-55182","post","type-post","status-publish","format-standard","has-post-thumbnail","hentry","category-qarabag"],"aioseo_notices":[],"_links":{"self":[{"href":"https:\/\/fedai.az\/index.php?rest_route=\/wp\/v2\/posts\/55182","targetHints":{"allow":["GET"]}}],"collection":[{"href":"https:\/\/fedai.az\/index.php?rest_route=\/wp\/v2\/posts"}],"about":[{"href":"https:\/\/fedai.az\/index.php?rest_route=\/wp\/v2\/types\/post"}],"author":[{"embeddable":true,"href":"https:\/\/fedai.az\/index.php?rest_route=\/wp\/v2\/users\/2"}],"replies":[{"embeddable":true,"href":"https:\/\/fedai.az\/index.php?rest_route=%2Fwp%2Fv2%2Fcomments&post=55182"}],"version-history":[{"count":1,"href":"https:\/\/fedai.az\/index.php?rest_route=\/wp\/v2\/posts\/55182\/revisions"}],"predecessor-version":[{"id":55183,"href":"https:\/\/fedai.az\/index.php?rest_route=\/wp\/v2\/posts\/55182\/revisions\/55183"}],"wp:featuredmedia":[{"embeddable":true,"href":"https:\/\/fedai.az\/index.php?rest_route=\/wp\/v2\/media\/55081"}],"wp:attachment":[{"href":"https:\/\/fedai.az\/index.php?rest_route=%2Fwp%2Fv2%2Fmedia&parent=55182"}],"wp:term":[{"taxonomy":"category","embeddable":true,"href":"https:\/\/fedai.az\/index.php?rest_route=%2Fwp%2Fv2%2Fcategories&post=55182"},{"taxonomy":"post_tag","embeddable":true,"href":"https:\/\/fedai.az\/index.php?rest_route=%2Fwp%2Fv2%2Ftags&post=55182"}],"curies":[{"name":"wp","href":"https:\/\/api.w.org\/{rel}","templated":true}]}}