{"id":56232,"date":"2021-12-12T02:54:52","date_gmt":"2021-12-11T22:54:52","guid":{"rendered":"https:\/\/fedai.az\/?p=56232"},"modified":"2021-12-12T02:54:56","modified_gmt":"2021-12-11T22:54:56","slug":"erm%c9%99nistanda-h%c9%99rbcil%c9%99rin-h%c9%99bsi-davam-edir-2","status":"publish","type":"post","link":"https:\/\/fedai.az\/?p=56232","title":{"rendered":"Erm\u0259nistanda h\u0259rb\u00e7il\u0259rin h\u0259bsi davam edir"},"content":{"rendered":"\n<p><strong>Erm\u0259nistan \u0130stintaq Komit\u0259sinin (\u0130K) H\u0259rbi \u0130stintaq \u0130dar\u0259si noyabr\u0131n 16-da Erm\u0259nistan\u0131n Az\u0259rbaycanla s\u0259rh\u0259dd\u0259 t\u0259xribat\u0131 zaman\u0131 d\u00f6y\u00fc\u015f postundan qa\u00e7an bir ne\u00e7\u0259 erm\u0259ni h\u0259rb\u00e7inin saxlan\u0131lmas\u0131 bar\u0259d\u0259 q\u0259rar q\u0259bul edib.<\/strong><\/p>\n\n\n\n<p>Bu bar\u0259d\u0259 Erm\u0259nistan \u0130stintaq Komit\u0259sinin a\u00e7\u0131qlamas\u0131nda deyilir.<\/p>\n\n\n\n<p>A\u00e7\u0131qlamada bildirilir ki, 2021-ci il noyabr\u0131n 16-da d\u00f6y\u00fc\u015f zaman\u0131 xidm\u0259td\u0259 olan gizir v\u0259 iki \u0259sg\u0259r h\u0259rbi xidm\u0259tin t\u0259\u015fkili v\u0259 apar\u0131lmas\u0131 qaydalar\u0131n\u0131 pozub, n\u0259tic\u0259d\u0259 \u015f\u0259xsi hey\u0259t d\u00f6y\u00fc\u015f m\u00f6vqel\u0259rini t\u0259rk ed\u0259r\u0259k qa\u00e7\u0131b,<\/p>\n\n\n\n<p>Az\u0259rbaycan Silahl\u0131 Q\u00fcvv\u0259l\u0259ri is\u0259 h\u0259min d\u00f6y\u00fc\u015f m\u00f6vqel\u0259rin\u0259 n\u0259zar\u0259ti \u0259l\u0259 ke\u00e7irib.<\/p>\n\n\n\n<p><strong>H\u0259m\u00e7inin bildirilir ki, ilkin ara\u015fd\u0131rmalar n\u0259tic\u0259sind\u0259 d\u00f6y\u00fc\u015f postunun \u015f\u0259xsi hey\u0259tind\u0259n 4 n\u0259f\u0259r h\u0259rbi qulluq\u00e7u saxlan\u0131l\u0131b. Onlardan ba\u015fqa, s\u00f6z\u00fcged\u0259n \u0259razini qoruyan tabor komandiri v\u0259 onun m\u00fcavinin\u0259 qar\u015f\u0131 da ittiham ir\u0259li s\u00fcr\u00fcl\u00fcb.<\/strong><\/p>\n","protected":false},"excerpt":{"rendered":"<p>Erm\u0259nistan \u0130stintaq Komit\u0259sinin (\u0130K) H\u0259rbi \u0130stintaq \u0130dar\u0259si noyabr\u0131n 16-da Erm\u0259nistan\u0131n Az\u0259rbaycanla s\u0259rh\u0259dd\u0259 t\u0259xribat\u0131 zaman\u0131 d\u00f6y\u00fc\u015f postundan qa\u00e7an bir ne\u00e7\u0259 erm\u0259ni h\u0259rb\u00e7inin saxlan\u0131lmas\u0131 bar\u0259d\u0259 q\u0259rar<\/p>\n","protected":false},"author":2,"featured_media":56233,"comment_status":"closed","ping_status":"closed","sticky":false,"template":"","format":"standard","meta":{"footnotes":""},"categories":[13],"tags":[],"class_list":["post-56232","post","type-post","status-publish","format-standard","has-post-thumbnail","hentry","category-xarici"],"aioseo_notices":[],"_links":{"self":[{"href":"https:\/\/fedai.az\/index.php?rest_route=\/wp\/v2\/posts\/56232","targetHints":{"allow":["GET"]}}],"collection":[{"href":"https:\/\/fedai.az\/index.php?rest_route=\/wp\/v2\/posts"}],"about":[{"href":"https:\/\/fedai.az\/index.php?rest_route=\/wp\/v2\/types\/post"}],"author":[{"embeddable":true,"href":"https:\/\/fedai.az\/index.php?rest_route=\/wp\/v2\/users\/2"}],"replies":[{"embeddable":true,"href":"https:\/\/fedai.az\/index.php?rest_route=%2Fwp%2Fv2%2Fcomments&post=56232"}],"version-history":[{"count":1,"href":"https:\/\/fedai.az\/index.php?rest_route=\/wp\/v2\/posts\/56232\/revisions"}],"predecessor-version":[{"id":56234,"href":"https:\/\/fedai.az\/index.php?rest_route=\/wp\/v2\/posts\/56232\/revisions\/56234"}],"wp:featuredmedia":[{"embeddable":true,"href":"https:\/\/fedai.az\/index.php?rest_route=\/wp\/v2\/media\/56233"}],"wp:attachment":[{"href":"https:\/\/fedai.az\/index.php?rest_route=%2Fwp%2Fv2%2Fmedia&parent=56232"}],"wp:term":[{"taxonomy":"category","embeddable":true,"href":"https:\/\/fedai.az\/index.php?rest_route=%2Fwp%2Fv2%2Fcategories&post=56232"},{"taxonomy":"post_tag","embeddable":true,"href":"https:\/\/fedai.az\/index.php?rest_route=%2Fwp%2Fv2%2Ftags&post=56232"}],"curies":[{"name":"wp","href":"https:\/\/api.w.org\/{rel}","templated":true}]}}