{"id":56238,"date":"2021-12-12T03:00:22","date_gmt":"2021-12-11T23:00:22","guid":{"rendered":"https:\/\/fedai.az\/?p=56238"},"modified":"2021-12-12T03:00:25","modified_gmt":"2021-12-11T23:00:25","slug":"peskov-%c9%99rdogan-prezident-putinin-t%c9%99qdir-ed%c9%99c%c9%99yi-liderl%c9%99rd%c9%99ndir","status":"publish","type":"post","link":"https:\/\/fedai.az\/?p=56238","title":{"rendered":"Peskov: &#171;\u018frdo\u011fan prezident Putinin t\u0259qdir ed\u0259c\u0259yi liderl\u0259rd\u0259ndir\u201d"},"content":{"rendered":"\n<p><strong>Kremlin s\u00f6z\u00e7\u00fcs\u00fc Dmitri Peskov T\u00fcrkiy\u0259 v\u0259 Yunan\u0131stan\u0131 m\u00fcqayis\u0259 ed\u0259r\u0259k Prezident \u018frdo\u011fan haqq\u0131nda a\u00e7\u0131qlama verib.<\/strong><\/p>\n\n\n\n<p>D. Peskov \u201cAntena\u201d TV-y\u0259 verdiyi m\u00fcsahib\u0259sind\u0259 deyib ki, Rusiya Yunan\u0131stanla olan iqtisadi \u0259m\u0259kda\u015fl\u0131\u011f\u0131n\u0131 geni\u015fl\u0259ndirm\u0259k ist\u0259yir.<\/p>\n\n\n\n<p>\u201cYunan\u0131stan iqtisadiyyat\u0131na s\u0259rmay\u0259 qoymaq ist\u0259y\u0259n bir \u00e7ox rus \u015firk\u0259ti var. T\u00fcrkiy\u0259d\u0259 n\u0259h\u0259ng, h\u0259tta meqa layih\u0259l\u0259r h\u0259yata ke\u00e7iririk. \u018flb\u0259tt\u0259, Yunan\u0131standa h\u0259r layih\u0259y\u0259 icaz\u0259 verilmir. M\u0259s\u0259l\u0259n, biz T\u00fcrkiy\u0259d\u0259 Akkuyu Atom Elektrik Stansiyas\u0131n\u0131 tikdik, amma t\u0259\u0259ss\u00fcf ki, Yunan\u0131standa n\u00fcv\u0259 enerjisi qada\u011fand\u0131r\u201d, &#8212; Peskov bildirib.<\/p>\n\n\n\n<p>Peskov T\u00fcrkiy\u0259 Prezidenti \u018frdo\u011fan haqq\u0131nda fikirl\u0259rini d\u0259 a\u00e7\u0131qlay\u0131b: \u201cPrezident \u018frdo\u011fan\u0131n q\u0259rar verici roluna h\u00f6rm\u0259t edirik. \u018frdo\u011fan prezident Putinin t\u0259qdir ed\u0259c\u0259yi liderl\u0259rd\u0259ndir\u201d.<\/p>\n\n\n\n<p>T\u00fcrkiy\u0259 il\u0259 Rusiya aras\u0131nda bir \u00e7ox m\u00f6vzuda fikir ayr\u0131l\u0131qlar\u0131na g\u0259linc\u0259, Peskov bunu t\u0259bii qar\u015f\u0131lay\u0131b: <strong>\u201cAmma iki \u00f6lk\u0259nin liderl\u0259ri n\u0259 vaxt bir araya g\u0259ls\u0259l\u0259r, 5, 6, 7 saat oturub m\u00fczakir\u0259 apar\u0131rlar v\u0259 raz\u0131l\u0131\u011fa g\u0259lm\u0259d\u0259n median\u0131n qar\u015f\u0131s\u0131na \u00e7\u0131xm\u0131rlar. H\u0259mi\u015f\u0259 d\u0259 bunu bacar\u0131rlar\u201d.<\/strong><\/p>\n\n\n\n<p>Peskov T\u00fcrkiy\u0259 il\u0259 Yunan\u0131stan aras\u0131ndak\u0131 g\u0259rginlikd\u0259 vasit\u0259\u00e7i m\u00f6vqe tutmaq ist\u0259y\u0259 bil\u0259c\u0259kl\u0259rini ifad\u0259 ed\u0259rk\u0259n deyib ki, h\u0259r iki t\u0259r\u0259fi sakit olma\u011fa v\u0259 bu m\u0259s\u0259l\u0259ni h\u0259ll etm\u0259y\u0259 haz\u0131r olma\u011fa \u00e7a\u011f\u0131r\u0131rlar.<\/p>\n\n\n\n<p>M\u0259nb\u0259: Teleqraf.com<\/p>\n","protected":false},"excerpt":{"rendered":"<p>Kremlin s\u00f6z\u00e7\u00fcs\u00fc Dmitri Peskov T\u00fcrkiy\u0259 v\u0259 Yunan\u0131stan\u0131 m\u00fcqayis\u0259 ed\u0259r\u0259k Prezident \u018frdo\u011fan haqq\u0131nda a\u00e7\u0131qlama verib. D. Peskov \u201cAntena\u201d TV-y\u0259 verdiyi m\u00fcsahib\u0259sind\u0259 deyib ki, Rusiya Yunan\u0131stanla<\/p>\n","protected":false},"author":2,"featured_media":55986,"comment_status":"closed","ping_status":"closed","sticky":false,"template":"","format":"standard","meta":{"footnotes":""},"categories":[1],"tags":[],"class_list":["post-56238","post","type-post","status-publish","format-standard","has-post-thumbnail","hentry","category-siyast"],"aioseo_notices":[],"_links":{"self":[{"href":"https:\/\/fedai.az\/index.php?rest_route=\/wp\/v2\/posts\/56238","targetHints":{"allow":["GET"]}}],"collection":[{"href":"https:\/\/fedai.az\/index.php?rest_route=\/wp\/v2\/posts"}],"about":[{"href":"https:\/\/fedai.az\/index.php?rest_route=\/wp\/v2\/types\/post"}],"author":[{"embeddable":true,"href":"https:\/\/fedai.az\/index.php?rest_route=\/wp\/v2\/users\/2"}],"replies":[{"embeddable":true,"href":"https:\/\/fedai.az\/index.php?rest_route=%2Fwp%2Fv2%2Fcomments&post=56238"}],"version-history":[{"count":1,"href":"https:\/\/fedai.az\/index.php?rest_route=\/wp\/v2\/posts\/56238\/revisions"}],"predecessor-version":[{"id":56239,"href":"https:\/\/fedai.az\/index.php?rest_route=\/wp\/v2\/posts\/56238\/revisions\/56239"}],"wp:featuredmedia":[{"embeddable":true,"href":"https:\/\/fedai.az\/index.php?rest_route=\/wp\/v2\/media\/55986"}],"wp:attachment":[{"href":"https:\/\/fedai.az\/index.php?rest_route=%2Fwp%2Fv2%2Fmedia&parent=56238"}],"wp:term":[{"taxonomy":"category","embeddable":true,"href":"https:\/\/fedai.az\/index.php?rest_route=%2Fwp%2Fv2%2Fcategories&post=56238"},{"taxonomy":"post_tag","embeddable":true,"href":"https:\/\/fedai.az\/index.php?rest_route=%2Fwp%2Fv2%2Ftags&post=56238"}],"curies":[{"name":"wp","href":"https:\/\/api.w.org\/{rel}","templated":true}]}}